{"id":499829,"date":"2026-08-25T11:37:29","date_gmt":"2026-08-25T11:37:29","guid":{"rendered":"https:\/\/www.europesays.com\/pt\/499829\/"},"modified":"2026-08-25T11:37:29","modified_gmt":"2026-08-25T11:37:29","slug":"sony-xperia-10-viii-chega-em-setembro-e-promete-ecra-mais-brilhante-melhorias-no-som-e-bateria-para-dois-dias","status":"publish","type":"post","link":"https:\/\/www.europesays.com\/pt\/499829\/","title":{"rendered":"Sony Xperia 10 VIII chega em setembro e promete ecr\u00e3 mais brilhante, melhorias no som e bateria para dois dias"},"content":{"rendered":"<p class=\"wp-block-post-excerpt__excerpt\">O Xperia 10 VIII \u00e9 a nova aposta da Sony nos smartphones de gama m\u00e9dia. Depois dos rumores e imagens que andaram a circular online nos \u00faltimos dias, o modelo, que conta com v\u00e1rias semelhan\u00e7as em rela\u00e7\u00e3o \u00e0 gera\u00e7\u00e3o anterior, vai chegar a mercados como a Europa em setembro.\u00a0 <\/p>\n<p class=\"wp-block-paragraph\"><strong>O novo smartphone da Sony mant\u00e9m, em grande parte, o design do Xperia 10 VII<\/strong>, com as c\u00e2maras traseiras integradas numa barra horizontal.<strong> O Xperia 10 VIII est\u00e1 equipado com um ecr\u00e3 FHD+ OLED de 6,1 polegadas e taxa de atualiza\u00e7\u00e3o de 120 Hz<\/strong>, que promete ser mais brilhante.\u00a0<\/p>\n<p class=\"wp-block-paragraph\"><strong>N\u00e3o perca nenhuma not\u00edcia importante da atualidade de tecnologia e\u00a0<\/strong><a href=\"https:\/\/tek.sapo.pt\/\" target=\"_blank\" rel=\"noopener nofollow\"><strong>acompanhe tudo em tek.sapo.pt<\/strong><\/a>.<\/p>\n<p class=\"wp-block-paragraph\">Segundo a marca, <strong>o ecr\u00e3 \u00e9 50% mais brilhante do que o do modelo anterior<\/strong>, permitindo uma visualiza\u00e7\u00e3o mais f\u00e1cil em ambientes exteriores, sendo tamb\u00e9m <strong>capaz de ajustar automaticamente as cores tendo em conta a luminosidade<\/strong> do ambiente onde os utilizadores se encontram.\u00a0<\/p>\n<p>Clique nas imagens para ver com mais detalhe<\/p>\n<p class=\"wp-block-paragraph\">Para acompanhar a experi\u00eancia de visualiza\u00e7\u00e3o, <strong>a Sony atualizou o sistema de altifalantes, com melhorias no volume e na qualidade sonora<\/strong>. A marca afirma que o volume geral \u00e9 15% superior ao da gera\u00e7\u00e3o anterior, com as frequ\u00eancias graves a serem 30% mais fortes.\u00a0<\/p>\n<p class=\"wp-block-paragraph\">No interior, <strong>o smartphone mant\u00e9m o processador Snapdragon 6 Gen 3<\/strong>, acompanhado por 8 GB de RAM (mais 6 GB de RAM virtual) e 128 GB de armazenamento interno, expans\u00edvel at\u00e9 2 TB com um cart\u00e3o microSD.\u00a0<\/p>\n<p class=\"wp-block-paragraph\"><strong>A configura\u00e7\u00e3o de c\u00e2maras tamb\u00e9m se mant\u00e9m em rela\u00e7\u00e3o \u00e0 gera\u00e7\u00e3o anterior, liderada por um sensor de 50 MP<\/strong>, acompanhado por uma c\u00e2mara de 13 MP. Para as selfies h\u00e1 um sensor de 8 MP e, com um <strong>bot\u00e3o dedicado, \u00e9 poss\u00edvel abrir instantaneamente a app da c\u00e2mara, mesmo quando o ecr\u00e3 est\u00e1 desligado.\u00a0<\/strong><\/p>\n<p>Veja o v\u00eddeo <\/p>\n<p class=\"wp-block-paragraph\"><strong>A Sony avan\u00e7a que a bateria de 5.000 mAh proporciona uma autonomia de at\u00e9 dois dias <\/strong>de utiliza\u00e7\u00e3o, prometendo manter o desempenho mesmo ap\u00f3s quatro anos. O modelo chega com o <strong>Android 16, contando com suporte a quatro anos de atualiza\u00e7\u00f5es do sistema operativo e seis anos de updates de seguran\u00e7a.<\/strong><\/p>\n<p class=\"wp-block-paragraph\"><strong>O Xperia 10 VIII vai estar dispon\u00edvel em tr\u00eas cores (Frozen White, Frosted Grey e Misty Lilac) por um pre\u00e7o de 599 euros.<\/strong><\/p>\n<p><strong>Assine a\u00a0<\/strong><a href=\"https:\/\/teknoticias.us15.list-manage.com\/subscribe?u=9a06a5af5e9150806abc02bae&amp;id=ef9b27090d\" target=\"_blank\" rel=\"noopener nofollow\"><strong>newsletter do TEK Not\u00edcias<\/strong><\/a><strong>\u00a0e receba todos os dias as principais not\u00edcias de tecnologia na sua caixa de correio<\/strong><\/p>\n","protected":false},"excerpt":{"rendered":"O Xperia 10 VIII \u00e9 a nova aposta da Sony nos smartphones de gama m\u00e9dia. Depois dos rumores&hellip;\n","protected":false},"author":2,"featured_media":499830,"comment_status":"","ping_status":"","sticky":false,"template":"","format":"standard","meta":{"footnotes":"","_share_on_mastodon":"0"},"categories":[84],"tags":[109,107,108,5596,39422,32,33,105,103,104,954,3011,80135,106,110,80136],"class_list":["post-499829","post","type-post","status-publish","format-standard","has-post-thumbnail","category-ciencia-e-tecnologia","tag-ciencia","tag-ciencia-e-tecnologia","tag-cienciaetecnologia","tag-equipamentos","tag-gama-media","tag-portugal","tag-pt","tag-science","tag-science-and-technology","tag-scienceandtechnology","tag-smartphones","tag-sony","tag-sony-xperia","tag-technology","tag-tecnologia","tag-xperia-10-viii"],"share_on_mastodon":{"url":"https:\/\/pubeurope.com\/@pt\/117155951066299595","error":""},"_links":{"self":[{"href":"https:\/\/www.europesays.com\/pt\/wp-json\/wp\/v2\/posts\/499829","targetHints":{"allow":["GET"]}}],"collection":[{"href":"https:\/\/www.europesays.com\/pt\/wp-json\/wp\/v2\/posts"}],"about":[{"href":"https:\/\/www.europesays.com\/pt\/wp-json\/wp\/v2\/types\/post"}],"author":[{"embeddable":true,"href":"https:\/\/www.europesays.com\/pt\/wp-json\/wp\/v2\/users\/2"}],"replies":[{"embeddable":true,"href":"https:\/\/www.europesays.com\/pt\/wp-json\/wp\/v2\/comments?post=499829"}],"version-history":[{"count":0,"href":"https:\/\/www.europesays.com\/pt\/wp-json\/wp\/v2\/posts\/499829\/revisions"}],"wp:featuredmedia":[{"embeddable":true,"href":"https:\/\/www.europesays.com\/pt\/wp-json\/wp\/v2\/media\/499830"}],"wp:attachment":[{"href":"https:\/\/www.europesays.com\/pt\/wp-json\/wp\/v2\/media?parent=499829"}],"wp:term":[{"taxonomy":"category","embeddable":true,"href":"https:\/\/www.europesays.com\/pt\/wp-json\/wp\/v2\/categories?post=499829"},{"taxonomy":"post_tag","embeddable":true,"href":"https:\/\/www.europesays.com\/pt\/wp-json\/wp\/v2\/tags?post=499829"}],"curies":[{"name":"wp","href":"https:\/\/api.w.org\/{rel}","templated":true}]}}