{"id":499955,"date":"2026-08-25T13:37:16","date_gmt":"2026-08-25T13:37:16","guid":{"rendered":"https:\/\/www.europesays.com\/pt\/499955\/"},"modified":"2026-08-25T13:37:16","modified_gmt":"2026-08-25T13:37:16","slug":"kindle-echo-e-fire-tv-sofrem-alto-reajuste-de-preco-no-brasil-saiba-os-valores","status":"publish","type":"post","link":"https:\/\/www.europesays.com\/pt\/499955\/","title":{"rendered":"Kindle, Echo e Fire TV sofrem alto reajuste de pre\u00e7o no Brasil; saiba os valores"},"content":{"rendered":"<p><a href=\"https:\/\/fastcompanybrasil.com\/autor\/lilian-campos\/\" rel=\"nofollow noopener\" target=\"_blank\">Lilian Campos<\/a><\/p>\n<p>2 minutos de leitura<br \/>\n<a href=\"https:\/\/www.google.com\/preferences\/source?q=fastcompanybrasil.com\" target=\"_blank\" rel=\"noopener noreferrer nofollow\"><br \/>\n<img decoding=\"async\" src=\"https:\/\/www.europesays.com\/pt\/wp-content\/uploads\/2026\/08\/1787665036_941_btn_google_fast_company.fw_.png.webp\" alt=\"Favoritar no Google\"\/><br \/>\n<\/a><\/p>\n<p class=\"wp-block-paragraph\">A <strong>Amazon reajustou os pre\u00e7os de parte de sua linha de dispositivos no Brasil<\/strong>. O aumento atinge produtos conhecidos da marca, como Kindle, Echo e Fire TV, e chega a mais de 50% em alguns modelos.<\/p>\n<p class=\"wp-block-paragraph\">A empresa confirmou que os novos valores est\u00e3o relacionados ao <strong>aumento dos custos de mem\u00f3ria e armazenamento<\/strong>. Para o <a href=\"https:\/\/techcrunch.com\/2026\/08\/24\/amazon-hikes-hardware-prices-by-60-percent-blaming-memory-shortage\/\" target=\"_blank\" rel=\"noreferrer noopener nofollow\">TechCrunch<\/a>, a Amazon afirmou que absorveu esses custos pelo maior tempo poss\u00edvel antes de ajustar os pre\u00e7os de suas linhas de produtos.<\/p>\n<p class=\"wp-block-paragraph\"><strong>Leia tamb\u00e9m: <a href=\"https:\/\/fastcompanybrasil.com\/games\/xbox-series-s-caro-quanto-series-x-estreia\/\" target=\"_blank\" rel=\"noreferrer noopener nofollow\">Xbox Series S fica t\u00e3o caro quanto o Series X em sua estreia<\/a><\/strong><\/p>\n<p><strong>QUAIS PRODUTOS FICARAM MAIS CAROS?<\/strong><\/p>\n<p class=\"wp-block-paragraph\">Entre os aparelhos que sofreram reajuste est\u00e3o diferentes modelos de <strong><a href=\"https:\/\/fastcompanybrasil.com\/tech\/quer-publicar-no-kindle-veja-maneiras-simples-de-comecar\/\" target=\"_blank\" rel=\"noreferrer noopener nofollow\">Kindle<\/a><\/strong>, <strong>Echo e Fire TV<\/strong>. Veja alguns dos principais valores:<\/p>\n<ul class=\"wp-block-list\">\n<li><strong>Kindle 16 GB (11\u00aa gera\u00e7\u00e3o):<\/strong> de R$ 599 para <strong>R$ 899<\/strong>;<\/li>\n<li><strong>Kindle Paperwhite 16 GB (12\u00aa gera\u00e7\u00e3o):<\/strong> de R$ 849 para <strong>R$ 1.149<\/strong>;<\/li>\n<li><strong>Kindle Paperwhite Signature Edition 32 GB:<\/strong> de R$ 999 para <strong>R$ 1.349<\/strong>;<\/li>\n<li><strong>Kindle Colorsoft Signature Edition 32 GB:<\/strong> de R$ 1.649 para <strong>R$ 1.749<\/strong>;<\/li>\n<li><strong>Fire TV Stick HD:<\/strong> de R$ 379 para <strong>R$ 479<\/strong>;<\/li>\n<li><strong>Echo Dot (5\u00aa gera\u00e7\u00e3o):<\/strong> de R$ 429 para <strong>R$ 649<\/strong>;<\/li>\n<li><strong>Echo Spot:<\/strong> de R$ 579 para <strong>R$ 899<\/strong>;<\/li>\n<li><strong>Echo Show 5 (3\u00aa gera\u00e7\u00e3o):<\/strong> de R$ 649 para <strong>R$ 849<\/strong>;<\/li>\n<li><strong>Echo Show 8 (4\u00aa gera\u00e7\u00e3o):<\/strong> de R$ 1.799 para <strong>R$ 1.999<\/strong>;<\/li>\n<li><strong>Echo Show 11 (2025):<\/strong> de R$ 2.199 para <strong>R$ 2.499<\/strong>.<\/li>\n<\/ul>\n<p class=\"wp-block-paragraph\">Os valores correspondem aos pre\u00e7os de refer\u00eancia antes e depois do reajuste. A Amazon tamb\u00e9m pode realizar promo\u00e7\u00f5es pontuais, portanto o pre\u00e7o encontrado pelo consumidor pode variar.<\/p>\n<p><strong>POR QUE A AMAZON AUMENTOU OS PRE\u00c7OS?<\/strong><\/p>\n<p class=\"wp-block-paragraph\">Segundo a <strong><a href=\"https:\/\/fastcompanybrasil.com\/ia\/amazon-ia-entrevistar-candidatos-como-funciona-selecao\/\" target=\"_blank\" rel=\"noreferrer noopener nofollow\">Amazon<\/a><\/strong>, o principal motivo \u00e9 o aumento significativo dos custos de componentes de <strong>mem\u00f3ria e armazenamento<\/strong> usados na fabrica\u00e7\u00e3o de eletr\u00f4nicos.<\/p>\n<p class=\"wp-block-paragraph\">A empresa afirmou que a ind\u00fastria de eletr\u00f4nicos de consumo<strong> enfrenta uma alta nesses componentes<\/strong> e que decidiu repassar parte desse aumento aos pre\u00e7os depois de absorver os custos durante determinado per\u00edodo.<\/p>\n<p class=\"wp-block-paragraph\">O cen\u00e1rio est\u00e1 relacionado \u00e0 maior demanda por mem\u00f3ria e armazenamento, especialmente por empresas que desenvolvem e operam infraestrutura para <strong><a href=\"https:\/\/fastcompanybrasil.com\/tech\/martech\/a-nova-logica-de-compra-agora-e-preciso-ser-recomendado-pela-inteligencia-artificial\/\" target=\"_blank\" rel=\"noreferrer noopener nofollow\">intelig\u00eancia artificial<\/a><\/strong>.\u00a0<\/p>\n<p class=\"wp-block-paragraph\">O aumento da procura por esses componentes t\u00eam pressionado a oferta dispon\u00edvel para outros segmentos da ind\u00fastria.<\/p>\n<p class=\"wp-block-paragraph\"><strong>Leia tamb\u00e9m: <a href=\"https:\/\/fastcompanybrasil.com\/tech\/por-que-a-ia-pode-deixar-seu-proximo-notebook-ou-xbox-muito-mais-caro\/\" data-type=\"link\" data-id=\"https:\/\/fastcompanybrasil.com\/tech\/por-que-a-ia-pode-deixar-seu-proximo-notebook-ou-xbox-muito-mais-caro\/\" target=\"_blank\" rel=\"noreferrer noopener nofollow\"><a href=\"https:\/\/fastcompanybrasil.com\/tech\/por-que-a-ia-pode-deixar-seu-proximo-notebook-ou-xbox-muito-mais-caro\/\" rel=\"nofollow noopener\" target=\"_blank\">Por que a IA pode deixar seu pr\u00f3ximo notebook ou Xbox muito mais caro<\/a><\/strong><\/p>\n<p><strong>ALGUNS DISPOSITIVOS N\u00c3O SOFRERAM REAJUSTE<\/strong><\/p>\n<p class=\"wp-block-paragraph\">Apesar do reajuste atingir uma parte consider\u00e1vel da linha, alguns produtos permaneceram com os pre\u00e7os sugeridos anteriormente.<\/p>\n<p class=\"wp-block-paragraph\">\u00c9 o caso do <strong>Kindle Colorsoft<\/strong>, do <strong>Kindle Scribe<\/strong>, do <strong>Echo Studio<\/strong> e do <strong>Echo Show 15 de segunda gera\u00e7\u00e3o<\/strong>, que, segundo o levantamento, n\u00e3o tiveram altera\u00e7\u00e3o nos valores sugeridos de lan\u00e7amento.<\/p>\n<p class=\"wp-block-paragraph\">A <strong><a href=\"https:\/\/fastcompanybrasil.com\/tech\/amazon-leo-conheca-rede-satelites-criada-para-enfrentar-starlink\/\" target=\"_blank\" rel=\"noreferrer noopener nofollow\">Amazon<\/a><\/strong> tamb\u00e9m afirmou que pretende continuar oferecendo <strong>promo\u00e7\u00f5es ocasionais ao longo do pr\u00f3ximo ano<\/strong>, o que pode resultar em pre\u00e7os temporariamente menores para alguns dispositivos.<\/p>\n<p><strong>AUMENTO ATINGE OUTROS ELETR\u00d4NICOS<\/strong><\/p>\n<p class=\"wp-block-paragraph\">O reajuste da <strong><a href=\"https:\/\/fastcompanybrasil.com\/worklife\/amazon-encerra-cadastro-novos-usuarios-mechanical-turk-veja-que-muda\/\" target=\"_blank\" rel=\"noreferrer noopener nofollow\">Amazon<\/a><\/strong> acontece em um momento de press\u00e3o sobre os pre\u00e7os de componentes usados em eletr\u00f4nicos. A alta dos custos de mem\u00f3ria e armazenamento tamb\u00e9m j\u00e1 aparece em outros produtos do setor, incluindo computadores.<\/p>\n<p class=\"wp-block-paragraph\">A <strong>Apple<\/strong>, por exemplo, tamb\u00e9m <strong><a href=\"https:\/\/fastcompanybrasil.com\/money\/macbooks-aumento-preco-apple-valores\/\" target=\"_blank\" rel=\"noreferrer noopener nofollow\">elevou os pre\u00e7os de alguns modelos de MacBook<\/a><\/strong>. A mudan\u00e7a ocorre no mesmo contexto de aumento dos custos de componentes, mostrando que a press\u00e3o n\u00e3o est\u00e1 restrita aos dispositivos da Amazon.<\/p>\n<p class=\"wp-block-paragraph\">Segundo a an\u00e1lise citada pelo <a href=\"https:\/\/techcrunch.com\/2026\/08\/24\/amazon-hikes-hardware-prices-by-60-percent-blaming-memory-shortage\/\" target=\"_blank\" rel=\"noreferrer noopener nofollow\">TechCrunch<\/a>, a escassez global de mem\u00f3ria deve continuar ao longo de 2027, com possibilidade de estabiliza\u00e7\u00e3o dos pre\u00e7os em 2028.<\/p>\n<p><img decoding=\"async\" src=\"\" alt=\"\"\/><\/p>\n<p>SOBRE A AUTORA<\/p>\n<p>\t\t<a href=\"https:\/\/fastcompanybrasil.com\/autor\/lilian-campos\/\" rel=\"nofollow noopener\" target=\"_blank\"><\/p>\n<p class=\"description\">Lilian Campos \u00e9 jornalista colaboradora da Fast Company Brasil.\tsaiba mais<\/p>\n<p><\/a><\/p>\n","protected":false},"excerpt":{"rendered":"Lilian Campos 2 minutos de leitura A Amazon reajustou os pre\u00e7os de parte de sua linha de dispositivos&hellip;\n","protected":false},"author":2,"featured_media":499956,"comment_status":"","ping_status":"","sticky":false,"template":"","format":"standard","meta":{"footnotes":"","_share_on_mastodon":"0"},"categories":[84],"tags":[514,109,107,108,513,32,33,318,105,103,104,5856,106,110],"class_list":["post-499955","post","type-post","status-publish","format-standard","has-post-thumbnail","category-ciencia-e-tecnologia","tag-amazon","tag-ciencia","tag-ciencia-e-tecnologia","tag-cienciaetecnologia","tag-kindle","tag-portugal","tag-pt","tag-radar","tag-science","tag-science-and-technology","tag-scienceandtechnology","tag-tech","tag-technology","tag-tecnologia"],"share_on_mastodon":{"url":"https:\/\/pubeurope.com\/@pt\/117156423968691115","error":""},"_links":{"self":[{"href":"https:\/\/www.europesays.com\/pt\/wp-json\/wp\/v2\/posts\/499955","targetHints":{"allow":["GET"]}}],"collection":[{"href":"https:\/\/www.europesays.com\/pt\/wp-json\/wp\/v2\/posts"}],"about":[{"href":"https:\/\/www.europesays.com\/pt\/wp-json\/wp\/v2\/types\/post"}],"author":[{"embeddable":true,"href":"https:\/\/www.europesays.com\/pt\/wp-json\/wp\/v2\/users\/2"}],"replies":[{"embeddable":true,"href":"https:\/\/www.europesays.com\/pt\/wp-json\/wp\/v2\/comments?post=499955"}],"version-history":[{"count":0,"href":"https:\/\/www.europesays.com\/pt\/wp-json\/wp\/v2\/posts\/499955\/revisions"}],"wp:featuredmedia":[{"embeddable":true,"href":"https:\/\/www.europesays.com\/pt\/wp-json\/wp\/v2\/media\/499956"}],"wp:attachment":[{"href":"https:\/\/www.europesays.com\/pt\/wp-json\/wp\/v2\/media?parent=499955"}],"wp:term":[{"taxonomy":"category","embeddable":true,"href":"https:\/\/www.europesays.com\/pt\/wp-json\/wp\/v2\/categories?post=499955"},{"taxonomy":"post_tag","embeddable":true,"href":"https:\/\/www.europesays.com\/pt\/wp-json\/wp\/v2\/tags?post=499955"}],"curies":[{"name":"wp","href":"https:\/\/api.w.org\/{rel}","templated":true}]}}