{"id":500067,"date":"2026-08-25T15:10:23","date_gmt":"2026-08-25T15:10:23","guid":{"rendered":"https:\/\/www.europesays.com\/pt\/500067\/"},"modified":"2026-08-25T15:10:23","modified_gmt":"2026-08-25T15:10:23","slug":"chegapara-la-ventura-foi-ver-sede-destruida-por-incendio-nao-foi-bem-recebido-por-todos","status":"publish","type":"post","link":"https:\/\/www.europesays.com\/pt\/500067\/","title":{"rendered":"\u201cChega\u2026para l\u00e1\u201d: Ventura foi ver sede destru\u00edda por inc\u00eandio; n\u00e3o foi bem recebido por todos"},"content":{"rendered":"<p class=\"wp-caption-text top\">Tiago Petinga \/ LUSA<\/p>\n<p><img loading=\"eager\" fetchpriority=\"high\" decoding=\"async\" class=\"size-kopa-image-size-3 wp-image-761477\" src=\"https:\/\/www.europesays.com\/pt\/wp-content\/uploads\/2026\/08\/3db1914f36112d87a555da6825b528ee-783x450.jpg\" alt=\"\" width=\"700\" height=\"402\"  \/><\/p>\n<p class=\"wp-caption-text bot\">O presidente do Chega, Andr\u00e9 Ventura<\/p>\n<p><strong>L\u00edder do Chega acha que as circunst\u00e2ncias do inc\u00eandio em \u00c9vora \u201cn\u00e3o foram normais\u201d. Deixou recados a Seguro e ao Governo.<\/strong><\/p>\n<p>Andr\u00e9 Ventura foi a \u00c9vora nesta segunda-feira com uma prioridade: visitar a sede regional do partido, que ficou destru\u00edda com um inc\u00eandio.<\/p>\n<p>O inc\u00eandio ocorreu na semana passada, na quarta-feira. N\u00e3o houve feridos. Fonte ligada \u00e0 PSP de \u00c9vora garantiu \u00e0 <a href=\"https:\/\/www.rtp.pt\/noticias\/politica\/chega-pede-esclarecimento-rigoroso-sobre-incendio-que-destruiu-sede-distrital-de-evora_n1760600\" data-wpel-link=\"external\" rel=\"noopener nofollow\" class=\"ext-link\" target=\"_blank\">RTP<\/a> que n\u00e3o h\u00e1 ind\u00edcios de fogo posto, mas Ventura n\u00e3o est\u00e1 convencido.<\/p>\n<p>\u201cAs circunst\u00e2ncias<strong> n\u00e3o foram normais<\/strong>\u201d, comentou o l\u00edder do Chega durante a visita, enquanto anunciava que o partido j\u00e1 apresentou queixa-crime.<\/p>\n<p>O Chega suspeita do caso porque, horas antes deste inc\u00eandio, houve outro inc\u00eandio, pequeno, no quadro el\u00e9ctrico geral do pr\u00e9dio onde est\u00e1 a sede.<\/p>\n<p>Os bombeiros resolveram, o inc\u00eandio foi controlado sem atingir as instala\u00e7\u00f5es do Chega, e foi cortada a luz a todo o pr\u00e9dio.<\/p>\n<p>Mais de duas horas depois, o inc\u00eandio na sede do partido: \u201cMais d\u00favidas se adensam, uma vez que, foi exclusivamente na sede do Chega. Nem no r\u00e9s-do-ch\u00e3o nem no 2.\u00ba andar do edif\u00edcio; foi exclusivamente no 1.\u00ba andar, que \u00e9 o espa\u00e7o da sede do Chega\u201d, contou C\u00e9sar Silva, presidente da distrital do Chega em \u00c9vora, em declara\u00e7\u00f5es ao <a href=\"https:\/\/www.cmjornal.pt\/portugal\/detalhe\/incendio-deixa-rasto-de-destruicao-na-sede-do-chega-em-evora\" data-wpel-link=\"external\" rel=\"noopener nofollow\" class=\"ext-link\" target=\"_blank\">Correio da Manh\u00e3<\/a>.<\/p>\n<p>Recado para Seguro<\/p>\n<p>Andr\u00e9 Ventura acha que o presidente da Rep\u00fablica Ant\u00f3nio Jos\u00e9 Seguro j\u00e1 deveria ter dito ao primeiro-ministro Lu\u00eds Montenegro que o ministro da Administra\u00e7\u00e3o Interna deveria sair do Governo.<\/p>\n<p>\u201cCada presidente da Rep\u00fablica tem o seu estilo. Se eu tivesse sido eleito, j\u00e1 teria dito ao primeiro-ministro que este ministro tem de sair. Isso \u00e9 clarinho\u201d, afirmou o deputado, abordando o <a href=\"https:\/\/zap.aeiou.pt\/thread\/caso-luis-neves\" data-wpel-link=\"internal\" rel=\"nofollow noopener\" target=\"_blank\">caso Lu\u00eds Neves<\/a>.<\/p>\n<p>\u201cSuspeito que Marcelo Rebelo de Sousa j\u00e1 o tivesse feito, se fosse Presidente da Rep\u00fablica\u201d, acrescentou.<\/p>\n<p>Recado para Governo<\/p>\n<p>Ainda sobre o mesmo assunto, Andr\u00e9 Ventura disse que Lu\u00eds Montenegro, \u201cse por qualquer motivo que eu desconhe\u00e7o, est\u00e1 comprometido, se tem algum grau de cumplicidade e n\u00e3o tem m\u00e3o da autoridade sobre o ministro Lu\u00eds Neves, ent\u00e3o n\u00e3o tem autoridade sobre o pa\u00eds\u201d.<\/p>\n<p>Para o l\u00edder o Chega, \u201cisto \u00e9 mesmo uma quest\u00e3o central de democracia, n\u00e3o tem nada a ver sequer j\u00e1 com partidarite; \u00e9 uma quest\u00e3o de dec\u00eancia democr\u00e1tica\u201d.<\/p>\n<p>O grupo parlamentar do Chega vai pedir a presen\u00e7a do ministro de Estado e das Finan\u00e7as, Joaquim Miranda Sarmento, na Assembleia da Rep\u00fablica.<\/p>\n<p>O assunto ser\u00e1 a <a href=\"https:\/\/zap.aeiou.pt\/taxa-ilegal-sobre-os-combustiveis-rende-mais-de-700-milhoes-ao-estado-761281\" data-wpel-link=\"internal\" rel=\"nofollow noopener\" target=\"_blank\">taxa<\/a> de 710 milh\u00f5es de euros cobrada nos combust\u00edveis. O Minist\u00e9rio das Finan\u00e7as assegura que n\u00e3o h\u00e1 qualquer taxa ilegal, mas Ventura chama \u201croubo\u201d a esta situa\u00e7\u00e3o, que classificou como \u201cinaceit\u00e1vel\u201d.<\/p>\n<p>\u201cChega\u2026para l\u00e1\u201d<\/p>\n<p>A visita \u00e0 sede do partido transformou-se numa esp\u00e9cie de arruada em \u00c9vora.<\/p>\n<p>A certa altura da pequena caminhada, Andr\u00e9 Ventura e a sua comitiva cruzaram-se com duas brasileiras \u00e0 porta de uma loja.<\/p>\n<p>Pelo que d\u00e1 para perceber das reportagens televisivas, estavam a falar sobre criminosos que prometem a nacionalidade a imigrantes, mas depois n\u00e3o cumprem.<\/p>\n<p>\u201cEsse \u00e9 o problema: fraudes e tr\u00e1fico de documentos\u201d, comentou Ventura.<\/p>\n<p>Uma das mulheres brasileiras lembrou: \u201cJ\u00e1 apanharam (criminosos). Foi a Pol\u00edcia Civil no Brasil\u201d.<\/p>\n<p>Andr\u00e9 Ventura reagiu, com sorrisos: \u201cVoc\u00ea \u00e9 do Chega, quase, praticamente\u201d \u2013 uma frase que soltou reac\u00e7\u00f5es: \u201cN\u00e3o, n\u00e3o sou n\u00e3o\u201d, disse uma, enquanto a outra completou: \u201cChega, mas \u00e9 chega para l\u00e1\u201d.<\/p>\n<p>Andr\u00e9 Ventura finalizou: \u201c\u00c9 a democracia. \u00c9 assim mesmo\u201d. Virou costas e continuou a caminhar.<\/p>\n<p style=\"padding-left: 25px; margin-bottom: 10; font-family: Roboto, Arial, Helvetica, sans-serif; font-size: 15px\">&#13;<br \/>\n        Nuno Teixeira da Silva, ZAP \/\/ <a href=\"\" data-wpel-link=\"internal\"\/>&#13;\n    <\/p>\n","protected":false},"excerpt":{"rendered":"Tiago Petinga \/ LUSA O presidente do Chega, Andr\u00e9 Ventura L\u00edder do Chega acha que as circunst\u00e2ncias do&hellip;\n","protected":false},"author":2,"featured_media":500068,"comment_status":"","ping_status":"","sticky":false,"template":"","format":"standard","meta":{"footnotes":"","_share_on_mastodon":"0"},"categories":[10],"tags":[3386,27,28,1736,4917,15,16,14,25,26,21,22,12,13,19,20,52,32,23,24,33,17,18,29,30,31],"class_list":["post-500067","post","type-post","status-publish","format-standard","has-post-thumbnail","category-portugal","tag-andre-ventura","tag-breaking-news","tag-breakingnews","tag-chega","tag-evora","tag-featured-news","tag-featurednews","tag-headlines","tag-latest-news","tag-latestnews","tag-main-news","tag-mainnews","tag-news","tag-noticias","tag-noticias-principais","tag-noticiasprincipais","tag-politica","tag-portugal","tag-principais-noticias","tag-principaisnoticias","tag-pt","tag-top-stories","tag-topstories","tag-ultimas","tag-ultimas-noticias","tag-ultimasnoticias"],"share_on_mastodon":{"url":"https:\/\/pubeurope.com\/@pt\/117156789226364301","error":""},"_links":{"self":[{"href":"https:\/\/www.europesays.com\/pt\/wp-json\/wp\/v2\/posts\/500067","targetHints":{"allow":["GET"]}}],"collection":[{"href":"https:\/\/www.europesays.com\/pt\/wp-json\/wp\/v2\/posts"}],"about":[{"href":"https:\/\/www.europesays.com\/pt\/wp-json\/wp\/v2\/types\/post"}],"author":[{"embeddable":true,"href":"https:\/\/www.europesays.com\/pt\/wp-json\/wp\/v2\/users\/2"}],"replies":[{"embeddable":true,"href":"https:\/\/www.europesays.com\/pt\/wp-json\/wp\/v2\/comments?post=500067"}],"version-history":[{"count":0,"href":"https:\/\/www.europesays.com\/pt\/wp-json\/wp\/v2\/posts\/500067\/revisions"}],"wp:featuredmedia":[{"embeddable":true,"href":"https:\/\/www.europesays.com\/pt\/wp-json\/wp\/v2\/media\/500068"}],"wp:attachment":[{"href":"https:\/\/www.europesays.com\/pt\/wp-json\/wp\/v2\/media?parent=500067"}],"wp:term":[{"taxonomy":"category","embeddable":true,"href":"https:\/\/www.europesays.com\/pt\/wp-json\/wp\/v2\/categories?post=500067"},{"taxonomy":"post_tag","embeddable":true,"href":"https:\/\/www.europesays.com\/pt\/wp-json\/wp\/v2\/tags?post=500067"}],"curies":[{"name":"wp","href":"https:\/\/api.w.org\/{rel}","templated":true}]}}