{"id":50010,"date":"2025-08-29T11:50:13","date_gmt":"2025-08-29T11:50:13","guid":{"rendered":"https:\/\/www.europesays.com\/pt\/50010\/"},"modified":"2025-08-29T11:50:13","modified_gmt":"2025-08-29T11:50:13","slug":"diario-de-noticias-%c2%b7-29-ago-2025-sapo","status":"publish","type":"post","link":"https:\/\/www.europesays.com\/pt\/50010\/","title":{"rendered":"Di\u00e1rio de Not\u00edcias \u00b7 29 ago 2025 &#8211; SAPO"},"content":{"rendered":"<ol>\n<li><a href=\"https:\/\/news.google.com\/rss\/articles\/CBMiYkFVX3lxTE1QYWViMHhDeWloN3lndU04d0hkSXZIbU1VNzllVGZqZUI5by1hZ2dvTkRQMTFnNVQ4UUFpS1BnUnRBQU9zTGpjUVFwTGRGbjF3X2dxNHF2eUpqekoybUg4T0xB?oc=5\" target=\"_blank\" rel=\"nofollow noopener\">Di\u00e1rio de Not\u00edcias \u00b7 29 ago 2025<\/a>&nbsp;&nbsp;SAPO<\/li>\n<li><a href=\"https:\/\/news.google.com\/rss\/articles\/CBMiogFBVV95cUxPY3h0UTF5S0VOZVBZMzNUUlkzX3loMGtsTjh1cHp0ZVcwVzNMWFZwQ1ViNGJ4ODNLMzJZbWlyWU9ZQzhfa0I4MWxOU1lYNFY0Q2h3d1Y4S1V5Rko2TjJlSHRDajlBb0ZLcXFxa3ZxS2haZWVXSVNtQnhTbkdrWFZtMVhlcVlXNDRXMFQ5ZVJfaUx5Q05Fdlg1UW1HaV9WakY4dWc?oc=5\" target=\"_blank\" rel=\"nofollow noopener\">Alunos estrangeiros nas escolas aumentam 12%. S\u00e3o mais 17 mil num ano<\/a>&nbsp;&nbsp;Di\u00e1rio de Not\u00edcias<\/li>\n<li><a href=\"https:\/\/news.google.com\/rss\/articles\/CBMi8AFBVV95cUxQVDFUNEVfLWVOWTB3YUQ1RHVPNGVHcjFPME5aT0ZjVldMT2dnS19KTEdvSkYwMS1VRk5UWTZsN3ZpV2taU3dZd1dpOUtkamJaWWdxdVQ0S2dXcTFjV05aV1UzUVpCaFFDbTFFbjJzZGhBVExiQnM2ZGpiaTI4RjlSNThndzlIMnZLa1pncllvNE15cXhBSFhYc2ZrQmoyaEpES1kxTjQ0cmhUcnY5RGFKd1UwVmhSYlplYUpILVFiX1VZRU9wejZKLUx6anZ1bTJYUGMybmpqNTNTOWk0emZoalN1RUphc0dUQmZHWFBtNXc?oc=5\" target=\"_blank\" rel=\"nofollow noopener\">Escolas. Ano letivo come\u00e7a sem apoio a alunos estrangeiros<\/a>&nbsp;&nbsp;Observador<\/li>\n<li><a href=\"https:\/\/news.google.com\/rss\/articles\/CBMirwFBVV95cUxPUEJmZEZzTUdhZENlTmdrZ3RzZER0aTVrdG9YTkxsLV9IM2p6SUhUcTJkZFlvM25mQnU1dUxOVXF5ZTJ2VnVISzdJUEJMTnJvX1U2aVloYnB5NUl3Rk9qN1dkQ1ZHOWd0OHdFRXpwY2Zqc3B6VE9kSGg1d200RFhDU2gxVXVpWW9mWG1kNUcxWXJ4UDRPWGR6OWJVUTNjUTZKcWF0b2xEb2IwTlVMaGJN?oc=5\" target=\"_blank\" rel=\"nofollow noopener\">Hoje \u00e9 not\u00edcia: Pais raptam filhos; &#8216;Mini-SEF&#8217; herda 100 mil processos<\/a>&nbsp;&nbsp;Not\u00edcias ao Minuto<\/li>\n<li><a href=\"https:\/\/news.google.com\/rss\/articles\/CBMirgFBVV95cUxOeENlMmlXdW9Hb29rTklObDk0c1Y4UWF3aDQ4TGNrZ09pekItT2E4UTMtT2ppbGFEaG9pXy1iQnUzVkdLYjlPVjlxWnQzeFk2d0c3QU5POEhjOW42TWwzdVQ2eENJVGx5aXFfWS1OSUlZSVhGOWV5U2htdF80Rkxmbkt5bDVFYnRxZWkxaHVnVzBsTFAzeWtlTXdMMUpXZGkySlpPdlRYcWl5Y1QyS3c?oc=5\" target=\"_blank\" rel=\"nofollow noopener\">Ano letivo come\u00e7a sem apoio \u00e0 integra\u00e7\u00e3o dos filhos dos imigrantes<\/a>&nbsp;&nbsp;Jornal de Not\u00edcias<\/li>\n<\/ol>\n","protected":false},"excerpt":{"rendered":"Di\u00e1rio de Not\u00edcias \u00b7 29 ago 2025&nbsp;&nbsp;SAPO Alunos estrangeiros nas escolas aumentam 12%. S\u00e3o mais 17 mil num&hellip;\n","protected":false},"author":2,"featured_media":50011,"comment_status":"","ping_status":"","sticky":false,"template":"","format":"standard","meta":{"footnotes":""},"categories":[8],"tags":[27,28,15,16,14,25,26,21,22,12,13,19,20,32,23,24,33,17,18,29,30,31],"class_list":{"0":"post-50010","1":"post","2":"type-post","3":"status-publish","4":"format-standard","5":"has-post-thumbnail","7":"category-principais-noticias","8":"tag-breaking-news","9":"tag-breakingnews","10":"tag-featured-news","11":"tag-featurednews","12":"tag-headlines","13":"tag-latest-news","14":"tag-latestnews","15":"tag-main-news","16":"tag-mainnews","17":"tag-news","18":"tag-noticias","19":"tag-noticias-principais","20":"tag-noticiasprincipais","21":"tag-portugal","22":"tag-principais-noticias","23":"tag-principaisnoticias","24":"tag-pt","25":"tag-top-stories","26":"tag-topstories","27":"tag-ultimas","28":"tag-ultimas-noticias","29":"tag-ultimasnoticias"},"share_on_mastodon":{"url":"","error":""},"_links":{"self":[{"href":"https:\/\/www.europesays.com\/pt\/wp-json\/wp\/v2\/posts\/50010","targetHints":{"allow":["GET"]}}],"collection":[{"href":"https:\/\/www.europesays.com\/pt\/wp-json\/wp\/v2\/posts"}],"about":[{"href":"https:\/\/www.europesays.com\/pt\/wp-json\/wp\/v2\/types\/post"}],"author":[{"embeddable":true,"href":"https:\/\/www.europesays.com\/pt\/wp-json\/wp\/v2\/users\/2"}],"replies":[{"embeddable":true,"href":"https:\/\/www.europesays.com\/pt\/wp-json\/wp\/v2\/comments?post=50010"}],"version-history":[{"count":0,"href":"https:\/\/www.europesays.com\/pt\/wp-json\/wp\/v2\/posts\/50010\/revisions"}],"wp:featuredmedia":[{"embeddable":true,"href":"https:\/\/www.europesays.com\/pt\/wp-json\/wp\/v2\/media\/50011"}],"wp:attachment":[{"href":"https:\/\/www.europesays.com\/pt\/wp-json\/wp\/v2\/media?parent=50010"}],"wp:term":[{"taxonomy":"category","embeddable":true,"href":"https:\/\/www.europesays.com\/pt\/wp-json\/wp\/v2\/categories?post=50010"},{"taxonomy":"post_tag","embeddable":true,"href":"https:\/\/www.europesays.com\/pt\/wp-json\/wp\/v2\/tags?post=50010"}],"curies":[{"name":"wp","href":"https:\/\/api.w.org\/{rel}","templated":true}]}}