{"id":500189,"date":"2026-08-25T16:52:12","date_gmt":"2026-08-25T16:52:12","guid":{"rendered":"https:\/\/www.europesays.com\/pt\/500189\/"},"modified":"2026-08-25T16:52:12","modified_gmt":"2026-08-25T16:52:12","slug":"febre-do-nilo-ocidental-tudo-o-que-se-sabe-sobre-a-doenca-25-08-2026-equilibrio-e-saude","status":"publish","type":"post","link":"https:\/\/www.europesays.com\/pt\/500189\/","title":{"rendered":"Febre do Nilo Ocidental: tudo o que se sabe sobre a doen\u00e7a &#8211; 25\/08\/2026 &#8211; Equil\u00edbrio e Sa\u00fade"},"content":{"rendered":"<p>Casos de febre do Nilo Ocidental voltaram a preocupar autoridades de <a href=\"https:\/\/www1.folha.uol.com.br\/folha-topicos\/saude\/\" rel=\"nofollow noopener\" target=\"_blank\">sa\u00fade<\/a> depois que <a href=\"https:\/\/www1.folha.uol.com.br\/equilibrioesaude\/2026\/08\/santa-catarina-confirma-morte-por-febre-do-nilo-ocidental-e-sp-registra-dois-casos.shtml\" rel=\"nofollow noopener\" target=\"\">Santa Catarina confirmou os dois primeiros registros da doen\u00e7a no estado<\/a>, incluindo um que evoluiu para morte. S\u00e3o Paulo tamb\u00e9m confirmou seus dois primeiros casos humanos, e o Piau\u00ed investiga um caso prov\u00e1vel.<\/p>\n<p>A <strong>Folha<\/strong> reuniu o que se sabe at\u00e9 agora sobre a doen\u00e7a, sua transmiss\u00e3o e as formas de preven\u00e7\u00e3o.<\/p>\n<p>O que \u00e9 a doen\u00e7a?<\/p>\n<p>A febre do Nilo Ocidental \u00e9 uma infec\u00e7\u00e3o viral aguda causada por um v\u00edrus do g\u00eanero Flavivirus, o mesmo grupo da <a href=\"https:\/\/www1.folha.uol.com.br\/folha-topicos\/dengue\/\" rel=\"nofollow noopener\" target=\"_blank\">dengue<\/a>, da zika e da febre amarela. Trata-se de uma zoonose, ou seja, uma infec\u00e7\u00e3o transmitida entre animais e seres humanos.<\/p>\n<p>Segundo o <a href=\"https:\/\/www1.folha.uol.com.br\/folha-topicos\/ministerio-da-saude\/\" rel=\"nofollow noopener\" target=\"_blank\">Minist\u00e9rio da Sa\u00fade<\/a>, cerca de 20% dos infectados apresentam sintomas, geralmente leves. Uma pequena parcela dos casos evolui para quadros neurol\u00f3gicos graves.<\/p>\n<p>Quantos casos h\u00e1 no Brasil<\/p>\n<p>O pa\u00eds soma ao menos quatro casos confirmados em 2026, com uma morte. Segundo o Minist\u00e9rio da Sa\u00fade, foram dois casos em Santa Catarina, dois em S\u00e3o Paulo e um caso prov\u00e1vel no Piau\u00ed.<\/p>\n<p>Em Santa Catarina, uma mulher de 77 anos morreu em Imbituba, e um homem de 56 anos de Ca\u00e7ador teve alta ap\u00f3s interna\u00e7\u00e3o. Ambos os pacientes apresentaram manifesta\u00e7\u00f5es neurol\u00f3gicas. A pasta destaca que o caso que evoluiu para \u00f3bito ainda est\u00e1 sob investiga\u00e7\u00e3o quanto \u00e0 causa base, ou seja, a febre do Nilo Ocidental n\u00e3o foi confirmada como respons\u00e1vel direta pela morte.<\/p>\n<p>Em S\u00e3o Paulo, os primeiros casos humanos da hist\u00f3ria do estado foram confirmados em uma mulher de 34 anos de Ribeir\u00e3o Preto, j\u00e1 curada, e em uma adolescente de 18 anos de S\u00e3o Jos\u00e9 do Rio Preto, que segue internada.<\/p>\n<p>O Minist\u00e9rio da Sa\u00fade afirma que mant\u00e9m, em conjunto com estados e munic\u00edpios, a vigil\u00e2ncia epidemiol\u00f3gica e laboratorial para identificar casos e poss\u00edveis \u00e1reas de transmiss\u00e3o da doen\u00e7a. A pasta acompanha as investiga\u00e7\u00f5es, presta apoio t\u00e9cnico aos estados e prepara uma nota t\u00e9cnica com orienta\u00e7\u00f5es atualizadas para refor\u00e7ar a vigil\u00e2ncia no pa\u00eds.<\/p>\n<p>Como \u00e9 transmitida<\/p>\n<p>A transmiss\u00e3o corre principalmente pela picada de mosquitos do g\u00eanero Culex, popularmente conhecidos como pernilongos. Aves silvestres s\u00e3o os hospedeiros naturais do v\u00edrus e servem de fonte de infec\u00e7\u00e3o para os mosquitos.<\/p>\n<p>Humanos e equinos podem ser infectados, mas s\u00e3o considerados hospedeiros &#8220;acidentais e terminais&#8221;. Isso significa que n\u00e3o transmitem o v\u00edrus adiante, nem para outras pessoas nem para os mosquitos. N\u00e3o h\u00e1 registro de transmiss\u00e3o entre humanos por contato direto.<\/p>\n<p>Formas mais raras de cont\u00e1gio incluem transfus\u00e3o de sangue, transplante de \u00f3rg\u00e3os, aleitamento materno e transmiss\u00e3o da m\u00e3e para o feto durante a gesta\u00e7\u00e3o.<\/p>\n<p>Quais s\u00e3o os sintomas<\/p>\n<p>Segundo o Minist\u00e9rio da Sa\u00fade, cerca de 80% dos casos s\u00e3o assintom\u00e1ticos. Quando h\u00e1 sintomas, os principais s\u00e3o febre de in\u00edcio abrupto, dor de cabe\u00e7a, dores musculares, n\u00e1useas e v\u00f4mitos. Tamb\u00e9m podem ocorrer mal-estar, falta de apetite, dor nos olhos e manchas na pele.<\/p>\n<p>Cerca de 1 em cada 150 infectados desenvolve doen\u00e7a neurol\u00f3gica grave, como meningite, encefalite ou paralisia fl\u00e1cida aguda. Confus\u00e3o mental, redu\u00e7\u00e3o do n\u00edvel de consci\u00eancia, tremores e convuls\u00f5es s\u00e3o sinais de alerta. Pessoas com sintomas devem procurar um servi\u00e7o de sa\u00fade.<\/p>\n<p>H\u00e1 tratamento?<\/p>\n<p>N\u00e3o existe vacina nem antiviral espec\u00edfico aprovado para uso em humanos. O <a href=\"https:\/\/www1.folha.uol.com.br\/folha-topicos\/sus\/\" rel=\"nofollow noopener\" target=\"_blank\">SUS<\/a> oferece atendimento, diagn\u00f3stico e tratamento aos casos suspeitos ou confirmados. O diagn\u00f3stico \u00e9 feito por exames laboratoriais, e o tratamento depende da gravidade do quadro, segundo o Minist\u00e9rio da Sa\u00fade.<\/p>\n<p>Nos casos leves, o tratamento \u00e9 voltado ao controle dos sintomas, com repouso e hidrata\u00e7\u00e3o. Nos casos graves, pode ser necess\u00e1ria interna\u00e7\u00e3o, inclusive em UTI, com suporte respirat\u00f3rio e reposi\u00e7\u00e3o de l\u00edquidos por via intravenosa.<\/p>\n<p>Como se prevenir<\/p>\n<p>A principal forma de preven\u00e7\u00e3o \u00e9 reduzir a exposi\u00e7\u00e3o aos mosquitos. As autoridades recomendam usar repelente, vestir roupas que cubram a maior parte do corpo e instalar telas em portas e janelas.<\/p>\n<p>Tamb\u00e9m \u00e9 importante eliminar recipientes que possam acumular \u00e1gua parada, j\u00e1 que s\u00e3o potenciais criadouros do mosquito. Os cuidados devem ser refor\u00e7ados do entardecer ao amanhecer, per\u00edodo de maior atividade do Culex.<\/p>\n<p>Recomenda-se ainda evitar contato com animais mortos. A morte ou o adoecimento de aves silvestres e equinos com sintomas neurol\u00f3gicos deve ser notificado \u00e0s autoridades de sa\u00fade, j\u00e1 que esses eventos ajudam a mapear a circula\u00e7\u00e3o do v\u00edrus no pa\u00eds.<\/p>\n","protected":false},"excerpt":{"rendered":"Casos de febre do Nilo Ocidental voltaram a preocupar autoridades de sa\u00fade depois que Santa Catarina confirmou os&hellip;\n","protected":false},"author":2,"featured_media":500190,"comment_status":"","ping_status":"","sticky":false,"template":"","format":"standard","meta":{"footnotes":"","_share_on_mastodon":"0"},"categories":[86],"tags":[1896,5723,236,116,1208,1703,32,33,117,4483],"class_list":["post-500189","post","type-post","status-publish","format-standard","has-post-thumbnail","category-saude","tag-aedes-aegypti","tag-arbovirose","tag-folha","tag-health","tag-medicina","tag-ministerio-da-saude","tag-portugal","tag-pt","tag-saude","tag-sus"],"share_on_mastodon":{"url":"https:\/\/pubeurope.com\/@pt\/117157189745779020","error":""},"_links":{"self":[{"href":"https:\/\/www.europesays.com\/pt\/wp-json\/wp\/v2\/posts\/500189","targetHints":{"allow":["GET"]}}],"collection":[{"href":"https:\/\/www.europesays.com\/pt\/wp-json\/wp\/v2\/posts"}],"about":[{"href":"https:\/\/www.europesays.com\/pt\/wp-json\/wp\/v2\/types\/post"}],"author":[{"embeddable":true,"href":"https:\/\/www.europesays.com\/pt\/wp-json\/wp\/v2\/users\/2"}],"replies":[{"embeddable":true,"href":"https:\/\/www.europesays.com\/pt\/wp-json\/wp\/v2\/comments?post=500189"}],"version-history":[{"count":0,"href":"https:\/\/www.europesays.com\/pt\/wp-json\/wp\/v2\/posts\/500189\/revisions"}],"wp:featuredmedia":[{"embeddable":true,"href":"https:\/\/www.europesays.com\/pt\/wp-json\/wp\/v2\/media\/500190"}],"wp:attachment":[{"href":"https:\/\/www.europesays.com\/pt\/wp-json\/wp\/v2\/media?parent=500189"}],"wp:term":[{"taxonomy":"category","embeddable":true,"href":"https:\/\/www.europesays.com\/pt\/wp-json\/wp\/v2\/categories?post=500189"},{"taxonomy":"post_tag","embeddable":true,"href":"https:\/\/www.europesays.com\/pt\/wp-json\/wp\/v2\/tags?post=500189"}],"curies":[{"name":"wp","href":"https:\/\/api.w.org\/{rel}","templated":true}]}}