{"id":500225,"date":"2026-08-25T17:22:13","date_gmt":"2026-08-25T17:22:13","guid":{"rendered":"https:\/\/www.europesays.com\/pt\/500225\/"},"modified":"2026-08-25T17:22:13","modified_gmt":"2026-08-25T17:22:13","slug":"isabel-figueira-comenta-comportamento-de-boris-para-um-homem-que-e-casado","status":"publish","type":"post","link":"https:\/\/www.europesays.com\/pt\/500225\/","title":{"rendered":"Isabel Figueira comenta \u201ccomportamento\u201d de Boris: \u201cPara um homem que \u00e9 casado\u2026\u201d"},"content":{"rendered":"<p>Marta Cardoso apresentou na segunda-feira, 24 de agosto, mais um \u2018Extra\u2019 do \u2018Big Brother Ver\u00e3o\u2019, na TVI.<\/p>\n<p>Isabel Figueira comentou a pol\u00e9mica que envolve Boris, Vanessa e Joana Rodriguez, quando a ex-participante estava no jogo: <strong>\u201cPara mim s\u00e3o coisas totalmente diferentes, ambas as proximidades para um homem que \u00e9 casado, t\u00eam a fam\u00edlia c\u00e1 fora e uma filha, est\u00e3o as duas proximidades absolutamente erradas, isto a meu ver e nos meus limites que existe dentro de uma rela\u00e7\u00e3o\u201d<\/strong>.<\/p>\n<p><strong>\u201cAinda por cima foi-lhe colocada a quest\u00e3o se gostava de ver a mulher dentro da casa com o mesmo n\u00edvel de comportamento. Eu ainda lhe fazia a pergunta melhor: estando em casa como pai, se gostava de ver a filha casada, com filhos c\u00e1 fora, com o mesmo comportamento que tem?\u201d<\/strong>, acrescentou.<\/p>\n<p>Mais \u00e0 frente, Isabel Figueira recordou alguns <strong>\u201ccomportamentos\u201d<\/strong> de Boris e afirmou:<strong> \u201cEste g\u00e9nero de comportamentos, na minha educa\u00e7\u00e3o, nos meus limites, n\u00e3o s\u00e3o admiss\u00edveis\u201d<\/strong>.<\/p>\n<p><a href=\"https:\/\/tviplayer.iol.pt\/programa\/big-brother\/5eb3f47e0cf2a58834209072\/video\/6a8ce6960cf2f6a1a1e751fc\" rel=\"nofollow noopener\" target=\"_blank\">Veja o v\u00eddeo aqui [a partir do minuto 07:30].<\/a><\/p>\n<blockquote class=\"wp-embedded-content\" data-secret=\"wVraPhO5D4\">\n<p><a href=\"https:\/\/www.hiper.fm\/antes-da-intencao-de-desistir-boris-foi-questionado-se-fosse-a-sara-no-seu-lugar\/\" rel=\"nofollow noopener\" target=\"_blank\">Antes da inten\u00e7\u00e3o de desistir, Boris foi questionado: \u201cSe fosse a Sara no seu lugar?\u201d<\/a><\/p>\n<\/blockquote>\n","protected":false},"excerpt":{"rendered":"Marta Cardoso apresentou na segunda-feira, 24 de agosto, mais um \u2018Extra\u2019 do \u2018Big Brother Ver\u00e3o\u2019, na TVI. Isabel&hellip;\n","protected":false},"author":2,"featured_media":500226,"comment_status":"","ping_status":"","sticky":false,"template":"","format":"standard","meta":{"footnotes":"","_share_on_mastodon":"0"},"categories":[85],"tags":[2261,70471,114,115,20987,23132,75026,32,33,29276],"class_list":["post-500225","post","type-post","status-publish","format-standard","has-post-thumbnail","category-entretenimento","tag-big-brother-veru00e3o","tag-boris","tag-entertainment","tag-entretenimento","tag-extra","tag-isabel-figueira","tag-joana-rodriguez","tag-portugal","tag-pt","tag-vanessa"],"share_on_mastodon":{"url":"https:\/\/pubeurope.com\/@pt\/117157307923194982","error":""},"_links":{"self":[{"href":"https:\/\/www.europesays.com\/pt\/wp-json\/wp\/v2\/posts\/500225","targetHints":{"allow":["GET"]}}],"collection":[{"href":"https:\/\/www.europesays.com\/pt\/wp-json\/wp\/v2\/posts"}],"about":[{"href":"https:\/\/www.europesays.com\/pt\/wp-json\/wp\/v2\/types\/post"}],"author":[{"embeddable":true,"href":"https:\/\/www.europesays.com\/pt\/wp-json\/wp\/v2\/users\/2"}],"replies":[{"embeddable":true,"href":"https:\/\/www.europesays.com\/pt\/wp-json\/wp\/v2\/comments?post=500225"}],"version-history":[{"count":0,"href":"https:\/\/www.europesays.com\/pt\/wp-json\/wp\/v2\/posts\/500225\/revisions"}],"wp:featuredmedia":[{"embeddable":true,"href":"https:\/\/www.europesays.com\/pt\/wp-json\/wp\/v2\/media\/500226"}],"wp:attachment":[{"href":"https:\/\/www.europesays.com\/pt\/wp-json\/wp\/v2\/media?parent=500225"}],"wp:term":[{"taxonomy":"category","embeddable":true,"href":"https:\/\/www.europesays.com\/pt\/wp-json\/wp\/v2\/categories?post=500225"},{"taxonomy":"post_tag","embeddable":true,"href":"https:\/\/www.europesays.com\/pt\/wp-json\/wp\/v2\/tags?post=500225"}],"curies":[{"name":"wp","href":"https:\/\/api.w.org\/{rel}","templated":true}]}}