{"id":50026,"date":"2025-08-29T12:02:23","date_gmt":"2025-08-29T12:02:23","guid":{"rendered":"https:\/\/www.europesays.com\/pt\/50026\/"},"modified":"2025-08-29T12:02:23","modified_gmt":"2025-08-29T12:02:23","slug":"o-papa-santo-agostinho-ensina-a-devolver-os-talentos-dados-por-deus","status":"publish","type":"post","link":"https:\/\/www.europesays.com\/pt\/50026\/","title":{"rendered":"O Papa: Santo Agostinho ensina a devolver os talentos dados por Deus"},"content":{"rendered":"<p>A Igreja hoje faz mem\u00f3ria do bispo de Hipona e, em uma postagem no X, publicada na conta @Pontifex, Le\u00e3o XIV lembra que sua vida ensina a doar a Deus e aos outros o que foi recebido do Senhor.<\/p>\n<p style=\"text-align: justify;\"><b>Benedetta Capelli \u2013 Vatican News<\/b><\/p>\n<p style=\"text-align: justify;\">Como \u201cfilho de Santo Agostinho\u201d, como se definiu ao aparecer no Balc\u00e3o das B\u00ean\u00e7\u00e3os logo ap\u00f3s ser eleito Papa, <a href=\"https:\/\/press.vatican.va\/content\/salastampa\/it\/bollettino\/pubblico\/2025\/05\/08\/0299\/00524.html\" rel=\"external nofollow noopener\" target=\"_blank\">em 8 de maio de 2025<\/a>, Le\u00e3o XIV lembra no X a mem\u00f3ria lit\u00fargica de hoje do Pai da Igreja. Ele exorta a olhar para sua hist\u00f3ria, marcada por uma profunda convers\u00e3o e que mostra como as inquieta\u00e7\u00f5es do cora\u00e7\u00e3o encontram respostas em Deus. Esta \u00e9 a postagem do Papa Le\u00e3o:<\/p>\n<p style=\"text-align: justify;\">A vida e o testemunho de Santo Agostinho nos lembram que cada um de n\u00f3s recebeu de Deus dons e talentos, e que nossa voca\u00e7\u00e3o, nossa realiza\u00e7\u00e3o e nossa alegria nascem de devolv\u00ea-los em amoroso servi\u00e7o a Deus e aos outros.<\/p>\n<p>Doar para receber <\/p>\n<p style=\"text-align: justify;\">Ao servi\u00e7o de Deus e dos outros, o Papa tamb\u00e9m faz refer\u00eancia ao <a href=\"https:\/\/www.vatican.va\/content\/leo-xiv\/it\/angelus\/2025\/documents\/20250810-angelus.html\" rel=\"external nofollow noopener\" target=\"_blank\">Angelus de 10 de agosto passado,<\/a> quando lembra que \u201co dom de Deus que somos n\u00e3o foi feito para se esgotar assim\u201d, mas precisa do amor que nos torna mais semelhantes a Deus. Ele cita ent\u00e3o Santo Agostinho porque \u2013 como escreve o bispo de Hipona no Serm\u00e3o 309 \u2013 \u201cdaquilo que se d\u00e1, recebe-se algo realmente diferente, n\u00e3o ouro ou prata, mas a vida eterna\u201d, \u201ca coisa dada ser\u00e1 transformada porque aquele que d\u00e1 ser\u00e1 transformado\u201d.<\/p>\n<p>Sementes do bem <\/p>\n<p style=\"text-align: justify;\">\u201cDeus \u00e9 o seu tudo. Se voc\u00ea tem fome, Deus \u00e9 o seu p\u00e3o; se voc\u00ea tem sede, Deus \u00e9 a sua \u00e1gua; se voc\u00ea est\u00e1 nas trevas, Deus \u00e9 a sua luz que n\u00e3o se p\u00f5e; se voc\u00ea est\u00e1 nu, Deus \u00e9 a sua vestimenta imortal\u201d. O Papa Le\u00e3o recorda uma homilia do Coment\u00e1rio ao Evangelho de S\u00e3o Jo\u00e3o, de Ipponate, ao encontrar-se com quatro fam\u00edlias religiosas femininas por ocasi\u00e3o dos cap\u00edtulos gerais, entre as quais uma agostiniana que se dedica \u00e0 caridade, no dia <a href=\"https:\/\/www.vatican.va\/content\/leo-xiv\/it\/events\/event.dir.html\/content\/vaticanevents\/it\/2025\/6\/30\/capitoli-generali-suore.html\" rel=\"external nofollow noopener\" target=\"_blank\">30 de junho<\/a>. Caridade, afirma ele, que se une \u00e0 primazia de Deus na vida crist\u00e3 e que levou homens e mulheres, com suas limita\u00e7\u00f5es, a fazer coisas que \u201ctalvez nunca tivessem pensado que poderiam realizar, permitindo-lhes lan\u00e7ar sementes de bem que, atravessando s\u00e9culos e continentes, hoje alcan\u00e7aram praticamente todo o mundo\u201d.<\/p>\n<p>Em fraternidade <\/p>\n<p style=\"text-align: justify;\">Fazer o bem e faz\u00ea-lo juntos \u00e9 um apelo aos pilares do pensamento agostiniano, ou seja, a comunh\u00e3o, a amizade e a unidade. No Discurso 359, que o Papa cita na <a href=\"https:\/\/www.vatican.va\/content\/leo-xiv\/it\/homilies\/2025\/documents\/20250518-inizio-pontificato.html\" rel=\"external nofollow noopener\" target=\"_blank\">Missa de in\u00edcio do pontificado, em 18 de maio<\/a>, Santo Agostinho escreveu que \u201cA Igreja \u00e9 composta por todos aqueles que est\u00e3o em harmonia com os irm\u00e3os e que amam o pr\u00f3ximo\u201d, da\u00ed o desejo de Le\u00e3o XIV de \u201cuma Igreja unida, sinal de unidade e comunh\u00e3o, que se torne fermento para um mundo reconciliado\u201d. Unidade que nasce do sentimento de irmandade, porque cada um \u00e9 express\u00e3o da imagem de Deus. \u201cQu\u00e3o importante \u00e9 lembrarmos sempre \u2013 diz <a href=\"https:\/\/www.vatican.va\/content\/leo-xiv\/it\/speeches\/2025\/august\/documents\/20250817-pranzo-poveri-castelgandolfo.html\" rel=\"external nofollow noopener\" target=\"_blank\">o Papa no almo\u00e7o no Bairro Laudato si\u2019 com os pobres, em 17 de agosto<\/a> \u2013 que encontramos precisamente essa presen\u00e7a de Deus em cada um\u201d. \u201cE, portanto, estar aqui reunidos esta tarde, neste almo\u00e7o, \u00e9 viver junto com Deus, nesta comunh\u00e3o, nesta fraternidade\u201d.<\/p>\n","protected":false},"excerpt":{"rendered":"A Igreja hoje faz mem\u00f3ria do bispo de Hipona e, em uma postagem no X, publicada na conta&hellip;\n","protected":false},"author":2,"featured_media":50027,"comment_status":"","ping_status":"","sticky":false,"template":"","format":"standard","meta":{"footnotes":""},"categories":[50],"tags":[27,28,15,16,14,545,25,26,21,22,62,12,13,19,20,811,23,24,14695,10353,17,18,29,30,31,63,64,65],"class_list":{"0":"post-50026","1":"post","2":"type-post","3":"status-publish","4":"format-standard","5":"has-post-thumbnail","7":"category-mundo","8":"tag-breaking-news","9":"tag-breakingnews","10":"tag-featured-news","11":"tag-featurednews","12":"tag-headlines","13":"tag-igreja-catolica","14":"tag-latest-news","15":"tag-latestnews","16":"tag-main-news","17":"tag-mainnews","18":"tag-mundo","19":"tag-news","20":"tag-noticias","21":"tag-noticias-principais","22":"tag-noticiasprincipais","23":"tag-papa-leao-xiv","24":"tag-principais-noticias","25":"tag-principaisnoticias","26":"tag-santo-agostinho","27":"tag-santos-e-beatos","28":"tag-top-stories","29":"tag-topstories","30":"tag-ultimas","31":"tag-ultimas-noticias","32":"tag-ultimasnoticias","33":"tag-world","34":"tag-world-news","35":"tag-worldnews"},"share_on_mastodon":{"url":"","error":""},"_links":{"self":[{"href":"https:\/\/www.europesays.com\/pt\/wp-json\/wp\/v2\/posts\/50026","targetHints":{"allow":["GET"]}}],"collection":[{"href":"https:\/\/www.europesays.com\/pt\/wp-json\/wp\/v2\/posts"}],"about":[{"href":"https:\/\/www.europesays.com\/pt\/wp-json\/wp\/v2\/types\/post"}],"author":[{"embeddable":true,"href":"https:\/\/www.europesays.com\/pt\/wp-json\/wp\/v2\/users\/2"}],"replies":[{"embeddable":true,"href":"https:\/\/www.europesays.com\/pt\/wp-json\/wp\/v2\/comments?post=50026"}],"version-history":[{"count":0,"href":"https:\/\/www.europesays.com\/pt\/wp-json\/wp\/v2\/posts\/50026\/revisions"}],"wp:featuredmedia":[{"embeddable":true,"href":"https:\/\/www.europesays.com\/pt\/wp-json\/wp\/v2\/media\/50027"}],"wp:attachment":[{"href":"https:\/\/www.europesays.com\/pt\/wp-json\/wp\/v2\/media?parent=50026"}],"wp:term":[{"taxonomy":"category","embeddable":true,"href":"https:\/\/www.europesays.com\/pt\/wp-json\/wp\/v2\/categories?post=50026"},{"taxonomy":"post_tag","embeddable":true,"href":"https:\/\/www.europesays.com\/pt\/wp-json\/wp\/v2\/tags?post=50026"}],"curies":[{"name":"wp","href":"https:\/\/api.w.org\/{rel}","templated":true}]}}