{"id":500357,"date":"2026-08-25T19:04:18","date_gmt":"2026-08-25T19:04:18","guid":{"rendered":"https:\/\/www.europesays.com\/pt\/500357\/"},"modified":"2026-08-25T19:04:18","modified_gmt":"2026-08-25T19:04:18","slug":"uma-mulher-filha-de-sergio-e-veronica-do-big-brother-ja-tem-24-anos-veja-como-esta-crescida-big-brother-verao-2026-ultimas-noticias-videos-e-diretos","status":"publish","type":"post","link":"https:\/\/www.europesays.com\/pt\/500357\/","title":{"rendered":"Uma mulher! Filha de S\u00e9rgio e Ver\u00f3nica do Big Brother j\u00e1 tem 24 anos: Veja como est\u00e1 crescida &#8211; Big Brother Ver\u00e3o 2026: \u00daltimas Not\u00edcias, V\u00eddeos e Diretos"},"content":{"rendered":"<p>Beatriz est\u00e1 de parab\u00e9ns! A filha de <a href=\"https:\/\/tvi.iol.pt\/bigbrother\/big-brother\/sergio-vicente\/apaixonaram-se-no-big-brother-casaram-em-direto-e-tiveram-uma-filha-veja-como-estao-sergio-e-veronica-25-anos-depois\" rel=\"nofollow noopener\" target=\"_blank\">S\u00e9rgio e Ver\u00f3nica, casal que se conheceu na segunda edi\u00e7\u00e3o do Big Brother Portugal,<\/a> celebrou o 24.\u00ba anivers\u00e1rio e foi presenteada com uma declara\u00e7\u00e3o especial nas redes sociais.<\/p>\n<p>S\u00e9rgio assinalou a data no Instagram com uma fotografia da filha ao lado das duas irm\u00e3s mais novas, fruto da sua atual rela\u00e7\u00e3o.<\/p>\n<p>\u00abResistentes at\u00e9 \u00e0s 00.00 para felicitar a mana grande, pelas suas 24 primaveras!! Parab\u00e9ns Filha, desejo-te um dia super feliz!!\u00bb, escreveu o antigo concorrente.<\/p>\n<blockquote class=\"instagram-media\" data-instgrm-captioned=\"\" data-instgrm-permalink=\"https:\/\/www.instagram.com\/p\/Db1mjIlskfe\/?utm_source=ig_embed&amp;utm_campaign=loading\" data-instgrm-version=\"14\" style=\" background:#FFF; border:0; border-radius:3px; box-shadow:0 0 1px 0 rgba(0,0,0,0.5),0 1px 10px 0 rgba(0,0,0,0.15); margin: 1px; max-width:540px; min-width:326px; padding:0; width:99.375%; width:-webkit-calc(100% - 2px); width:calc(100% - 2px);\">\n<\/blockquote>\n<p>\u00a0<\/p>\n<p>Beatriz nasceu em 2002, um ano depois de os pais se terem conhecido no reality show, em 2001. Apesar de S\u00e9rgio e Ver\u00f3nica terem seguido caminhos diferentes, mantiveram a liga\u00e7\u00e3o enquanto pais da jovem.<\/p>\n<p>Na fotografia partilhada pelo ex-concorrente, \u00e9 poss\u00edvel ver Beatriz j\u00e1 adulta, ao lado das duas meninas mais novas da fam\u00edlia, numa imagem que mostra a cumplicidade entre as tr\u00eas irm\u00e3s.<\/p>\n<p>S\u00e9rgio \u00e9 ainda pai de um filho de 30 anos, fruto de uma rela\u00e7\u00e3o anterior, tendo assim uma fam\u00edlia composta por quatro filhos.<\/p>\n<p>A publica\u00e7\u00e3o serviu para assinalar mais um anivers\u00e1rio de Beatriz e recordar, ao mesmo tempo, a hist\u00f3ria de amor que come\u00e7ou dentro da casa do Big Brother e que, anos mais tarde, deu origem \u00e0 fam\u00edlia que hoje conhecemos.<\/p>\n<p>A fotografia pode ser vista na publica\u00e7\u00e3o partilhada por S\u00e9rgio no Instagram. Percorra a galeria de fotografias que prepar\u00e1mos para si e veja tamb\u00e9m como est\u00e3o S\u00e9rgio e Ver\u00f3nica 25 anos depois.\u00a0<\/p>\n<p>                        <script async src=\"\/\/www.instagram.com\/embed.js\"><\/script><\/p>\n","protected":false},"excerpt":{"rendered":"Beatriz est\u00e1 de parab\u00e9ns! A filha de S\u00e9rgio e Ver\u00f3nica, casal que se conheceu na segunda edi\u00e7\u00e3o do&hellip;\n","protected":false},"author":2,"featured_media":500358,"comment_status":"","ping_status":"","sticky":false,"template":"","format":"standard","meta":{"footnotes":"","_share_on_mastodon":"0"},"categories":[85],"tags":[34106,331,48,80238,333,328,335,336,114,115,334,332,1127,330,338,13,32,33,80236,162,80237,227],"class_list":["post-500357","post","type-post","status-publish","format-standard","has-post-thumbnail","category-entretenimento","tag-beatriz","tag-big","tag-big-brother","tag-big-brother-2","tag-comentadores","tag-concorrentes","tag-confrontos","tag-discussoes","tag-entertainment","tag-entretenimento","tag-exclusivos","tag-expulso","tag-filha","tag-gala","tag-maria-botelho-moniz","tag-noticias","tag-portugal","tag-pt","tag-sergio-vicente","tag-tvi","tag-veronica-moreira","tag-videos"],"share_on_mastodon":{"url":"https:\/\/pubeurope.com\/@pt\/117157709110493560","error":""},"_links":{"self":[{"href":"https:\/\/www.europesays.com\/pt\/wp-json\/wp\/v2\/posts\/500357","targetHints":{"allow":["GET"]}}],"collection":[{"href":"https:\/\/www.europesays.com\/pt\/wp-json\/wp\/v2\/posts"}],"about":[{"href":"https:\/\/www.europesays.com\/pt\/wp-json\/wp\/v2\/types\/post"}],"author":[{"embeddable":true,"href":"https:\/\/www.europesays.com\/pt\/wp-json\/wp\/v2\/users\/2"}],"replies":[{"embeddable":true,"href":"https:\/\/www.europesays.com\/pt\/wp-json\/wp\/v2\/comments?post=500357"}],"version-history":[{"count":0,"href":"https:\/\/www.europesays.com\/pt\/wp-json\/wp\/v2\/posts\/500357\/revisions"}],"wp:featuredmedia":[{"embeddable":true,"href":"https:\/\/www.europesays.com\/pt\/wp-json\/wp\/v2\/media\/500358"}],"wp:attachment":[{"href":"https:\/\/www.europesays.com\/pt\/wp-json\/wp\/v2\/media?parent=500357"}],"wp:term":[{"taxonomy":"category","embeddable":true,"href":"https:\/\/www.europesays.com\/pt\/wp-json\/wp\/v2\/categories?post=500357"},{"taxonomy":"post_tag","embeddable":true,"href":"https:\/\/www.europesays.com\/pt\/wp-json\/wp\/v2\/tags?post=500357"}],"curies":[{"name":"wp","href":"https:\/\/api.w.org\/{rel}","templated":true}]}}