{"id":50038,"date":"2025-08-29T12:15:08","date_gmt":"2025-08-29T12:15:08","guid":{"rendered":"https:\/\/www.europesays.com\/pt\/50038\/"},"modified":"2025-08-29T12:15:08","modified_gmt":"2025-08-29T12:15:08","slug":"convocatoria-para-armenia-e-hungria-fpf","status":"publish","type":"post","link":"https:\/\/www.europesays.com\/pt\/50038\/","title":{"rendered":"Convocat\u00f3ria para Arm\u00e9nia e Hungria &#8211; FPF"},"content":{"rendered":"<ol>\n<li><a href=\"https:\/\/news.google.com\/rss\/articles\/CBMifkFVX3lxTFBWZWpnS2Nfc0pzNmZtWC1CMjQ0dGRFTVZuYkpKcFo1dzFEcDhGWHRIWTB6WVpNSG04bWUyUE9jZjZhdkd2LVdsc1FRYmpvbDNMajJ1ZS13RHhQTzRNaTRrbnBvcmxmQjlpdl9ROFEzTWtlSlhOcF9DYTJvVlpVdw?oc=5\" target=\"_blank\" rel=\"nofollow noopener\">Convocat\u00f3ria para Arm\u00e9nia e Hungria<\/a>&nbsp;&nbsp;FPF<\/li>\n<li><a href=\"https:\/\/news.google.com\/rss\/articles\/CBMi2gFBVV95cUxOXzBWMGd1cC1rZWhMN2JzVGptVEFnZjllN2R4anBSVjE1dXNTa3pLbkV5bHlNRUxlWU5GRmhhWmJrc1o1TDBDQ1JaUTdqTGpOWjF4TjlWZHYxSjczNHFzRlRYdWdPVGVHT1V5QXNOa2JrNjVIQUVfQjNKX1ZYNVpUc2FvTnpzeEJ4TDZQWlJoV0lPT2tIcHJPblRZaVBVMFNLbnZKa3ViZU9IcWtQc2pCVUtmSC1WSDdyVjNSdG9ZUnNzeG5MVEJZUndXRDRiXzJOcWFxSlMtRmJvUdIB6AFBVV95cUxOTHNRNWQ0cFFxZHpQdURWT0M3N0N0eHcxQ28wR1lXb2l3Tjd4MHVDY2FkbXJ5YWRwcGs5WEVVVVplZU9iNWc0Zmp4ZEZ4RndSa2Q3dXB6WDF0MzIyNUJrMjA0WjYwRWRfREstUkEtRUo1VmdCWkhkZU1EUjB6eWZRem5xZmh0V2ZvUkJqUWx1WHhSOE9hMU4zc2k0SC1aaWVreWVVZTJvbkVKNWtYR29MZTRsaEhQS3hBYWxlbEVRWmxGR1R2V1lrdHQ0TlVOLXBGa0pHOTMzaV9xM3dXTjRiMmxBS0Q4Y2VZ?oc=5\" target=\"_blank\" rel=\"nofollow noopener\">R\u00faben Neves usar\u00e1 a camisa 21 em homenagem a Diogo Jota, anuncia treinador de Portugal<\/a>&nbsp;&nbsp;O GLOBO<\/li>\n<li><a href=\"https:\/\/news.google.com\/rss\/articles\/CBMilAFBVV95cUxPQm82aGI3TWo4cmZfVzBYaVl0NWlLVmhqNE1UZFdPRWc1czVwTTBYVEg4ZzNqeUkwa1J6WE52NERmSVpuWUtHVG5QcTV3bEhwajlNcVFGOFdjQUhhck81Um0xWGlIQnFKRUU0M3ZQWG5KdGJHYVN3bVN4Z2tZUlZGOFQ2WDV3NDJ6QW9scDlSTDhLM3Fr?oc=5\" target=\"_blank\" rel=\"nofollow noopener\">&#8220;O n\u00famero de jogadores s\u00e3o 23 mais um: O Diogo&#8221;<\/a>&nbsp;&nbsp;RTP<\/li>\n<li><a href=\"https:\/\/news.google.com\/rss\/articles\/CBMi5gFBVV95cUxNZlBDNDlUVjFlS3RQWXZiOURnSkM3SlB4N1RFQk51V1RNSEVla1NGTGFLaTBxalBVUFBGT0lCWm53UEtoUmFYeEpxZndqRWNFb0dnNHMyc3NXLWlGVDNjWW1IdW9fYTFwMy1ZUmVmbkxrUDlJbXpKV1M2Y3FBWk84bmN0RmtmQThkMDBodE4weUV2T0tuWm9weW1YOGlqVExFQkxGS0t6d0lwQ3hsdThPUzE4VEVsTzd5NUJBOXJhd09qNHBHRGZ0ZXhua2JFNzRJNE1VTDJMUzdmWHhmWU1EZVpHdURWZw?oc=5\" target=\"_blank\" rel=\"nofollow noopener\">O regresso de Cancelo na lista de 23+1 com Diogo Jota<\/a>&nbsp;&nbsp;Observador<\/li>\n<li><a href=\"https:\/\/news.google.com\/rss\/articles\/CBMirgFBVV95cUxQaTRKaVJTUEVIODVpNzV3OFVFLTBXUFR1a1NFeHRUV1BWcWs5SzFHZmRvUDgtWDNfOEEtQVNqOENZeE9zMDVoZDNldHFabmMycG1zRGlyN2hKTDFWeW5tNDRpcENCcHU4NUw1VmxwR1FMNWRVUUF5Ym9EbGVxTVc4aW1keGZJbGFoRzc3LWc1VzJvcHR5UUo1WDZZOE9Rd25uVFlTdFJyQ20tLUFweVE?oc=5\" target=\"_blank\" rel=\"nofollow noopener\">Eis os convocados de Portugal para iniciar &#8216;Opera\u00e7\u00e3o Mundial&#8217;<\/a>&nbsp;&nbsp;A Bola<\/li>\n<\/ol>\n","protected":false},"excerpt":{"rendered":"Convocat\u00f3ria para Arm\u00e9nia e Hungria&nbsp;&nbsp;FPF R\u00faben Neves usar\u00e1 a camisa 21 em homenagem a Diogo Jota, anuncia treinador&hellip;\n","protected":false},"author":2,"featured_media":50039,"comment_status":"","ping_status":"","sticky":false,"template":"","format":"standard","meta":{"footnotes":""},"categories":[87],"tags":[135,32,33,134],"class_list":{"0":"post-50038","1":"post","2":"type-post","3":"status-publish","4":"format-standard","5":"has-post-thumbnail","7":"category-desporto","8":"tag-desporto","9":"tag-portugal","10":"tag-pt","11":"tag-sports"},"share_on_mastodon":{"url":"","error":""},"_links":{"self":[{"href":"https:\/\/www.europesays.com\/pt\/wp-json\/wp\/v2\/posts\/50038","targetHints":{"allow":["GET"]}}],"collection":[{"href":"https:\/\/www.europesays.com\/pt\/wp-json\/wp\/v2\/posts"}],"about":[{"href":"https:\/\/www.europesays.com\/pt\/wp-json\/wp\/v2\/types\/post"}],"author":[{"embeddable":true,"href":"https:\/\/www.europesays.com\/pt\/wp-json\/wp\/v2\/users\/2"}],"replies":[{"embeddable":true,"href":"https:\/\/www.europesays.com\/pt\/wp-json\/wp\/v2\/comments?post=50038"}],"version-history":[{"count":0,"href":"https:\/\/www.europesays.com\/pt\/wp-json\/wp\/v2\/posts\/50038\/revisions"}],"wp:featuredmedia":[{"embeddable":true,"href":"https:\/\/www.europesays.com\/pt\/wp-json\/wp\/v2\/media\/50039"}],"wp:attachment":[{"href":"https:\/\/www.europesays.com\/pt\/wp-json\/wp\/v2\/media?parent=50038"}],"wp:term":[{"taxonomy":"category","embeddable":true,"href":"https:\/\/www.europesays.com\/pt\/wp-json\/wp\/v2\/categories?post=50038"},{"taxonomy":"post_tag","embeddable":true,"href":"https:\/\/www.europesays.com\/pt\/wp-json\/wp\/v2\/tags?post=50038"}],"curies":[{"name":"wp","href":"https:\/\/api.w.org\/{rel}","templated":true}]}}