{"id":500469,"date":"2026-08-25T21:00:13","date_gmt":"2026-08-25T21:00:13","guid":{"rendered":"https:\/\/www.europesays.com\/pt\/500469\/"},"modified":"2026-08-25T21:00:13","modified_gmt":"2026-08-25T21:00:13","slug":"entrou-no-big-brother-apaixonou-se-mas-foi-deixado-pela-namorada-agora-brilha-em-projetos-da-tvi-big-brother-verao-2026-ultimas-noticias-videos-e-diretos","status":"publish","type":"post","link":"https:\/\/www.europesays.com\/pt\/500469\/","title":{"rendered":"Entrou no Big Brother, apaixonou-se, mas foi &#8220;deixado&#8221; pela namorada. Agora brilha em projetos da TVI &#8211; Big Brother Ver\u00e3o 2026: \u00daltimas Not\u00edcias, V\u00eddeos e Diretos"},"content":{"rendered":"<p data-end=\"1275\" data-start=\"1041\">Poucos sabem mas <strong><a href=\"https:\/\/tvi.iol.pt\/bigbrother\/diogo-bordin\/10-05-2026\/apaixonou-se-no-big-brother-mas-o-amor-nao-vingou-agora-tem-nova-namorada-e-ha-imagens-escaldantes\" rel=\"nofollow noopener\" target=\"_blank\">Diogo Bordin<\/a><\/strong> est\u00e1 a concretizar um dos grandes objetivos que tinha tra\u00e7ado para a carreira. Depois de ter participado no <strong data-end=\"1184\" data-start=\"1162\">\u00abBig Brother 2025\u00bb<\/strong>, o ex-concorrente deu agora o salto para a fic\u00e7\u00e3o e integrou o elenco de <strong data-end=\"1274\" data-start=\"1257\">\u00abTerra Forte\u00bb<\/strong>.<\/p>\n<p data-end=\"1474\" data-start=\"1277\">O modelo brasileiro revelou, no in\u00edcio do ano, que tinha passado v\u00e1rios dias a trabalhar em dois projetos ligados ao audiovisual. <strong>Um deles foi precisamente uma participa\u00e7\u00e3o na novela \u00abTerra Forte\u00bb<\/strong>: \u00abTrabalhei a semana inteira, praticamente de segunda a domingo, fiz dois projetos, uma participa\u00e7\u00e3o na novela \u2018Terra Forte\u2019 e o outro uma novela vertical\u00bb, contou aos seguidores.<\/p>\n<p data-end=\"1801\" data-start=\"1656\">A novidade deixou Diogo Bordin particularmente feliz, uma vez que trabalhar em televis\u00e3o era um dos objetivos que tinha quando chegou a Portugal: \u00abQuando vim para Portugal este era o meu objetivo entrar no meio do audiovisual e televis\u00e3o\u00bb, assumiu.<\/p>\n<p data-end=\"2181\" data-start=\"1907\">O ex-concorrente mostrou-se ainda entusiasmado com esta nova etapa e com tudo o que tem aprendido nos bastidores. \u00abEstou muito feliz porque as coisas est\u00e3o a acontecer no tempo certo, no momento certo\u00bb, afirmou, acrescentando que estava \u00abmuito animado\u00bb com os dois projetos.<\/p>\n<p data-end=\"2414\" data-start=\"2183\">Diogo Bordin destacou ainda a experi\u00eancia de conhecer as equipas de produ\u00e7\u00e3o e os restantes profissionais envolvidos. \u00abEstou a adorar conhecer as pessoas da produ\u00e7\u00e3o, a equipa, estou a adorar trabalhar com todo o mundo\u00bb, confessou.<\/p>\n<p data-end=\"2414\" data-start=\"2183\">\u00a0<\/p>\n<p>Uma carreira marcada pela moda <\/p>\n<p data-end=\"2566\" data-start=\"2456\">Antes de entrar no \u00abBig Brother\u00bb, Diogo Bordin j\u00e1 tinha constru\u00eddo uma carreira internacional enquanto <strong>modelo<\/strong>.<\/p>\n<p data-end=\"2785\" data-start=\"2568\">Nascido no Brasil, divide atualmente a vida entre aquele pa\u00eds, Espanha e It\u00e1lia. Chegou a estudar Engenharia Eletr\u00f3nica, mas acabou por interromper o curso para se dedicar \u00e0 moda e lan\u00e7ar-se como modelo internacional.<\/p>\n<p data-end=\"2982\" data-start=\"2787\">No seu percurso profissional contam-se campanhas para grandes marcas de roupa, tendo inclusivamente contracenado com nomes como <strong data-end=\"2934\" data-start=\"2915\">Gisele B\u00fcndchen<\/strong> e <strong data-end=\"2954\" data-start=\"2937\">Pen\u00e9lope Cruz<\/strong> em trabalhos publicit\u00e1rios.<\/p>\n<p data-end=\"3097\" data-start=\"2984\">Em It\u00e1lia, Diogo Bordin teve ainda uma experi\u00eancia num reality show, ao participar no formato \u00abAre You The One?\u00bb.<\/p>\n<p data-end=\"3264\" data-start=\"3099\">O pr\u00f3prio assume ser uma pessoa competitiva e gostar de desafios, caracter\u00edsticas que voltaram a estar em evid\u00eancia quando aceitou entrar no \u00abBig Brother\u00bb portugu\u00eas.<\/p>\n<p>A passagem pelo \u00abBig Brother\u00bb <\/p>\n<p data-end=\"3508\" data-start=\"3305\">Durante a participa\u00e7\u00e3o no reality show da TVI, Diogo Bordin viveu tamb\u00e9m uma hist\u00f3ria de amor com <strong data-end=\"3421\" data-start=\"3403\">Carolina Braga<\/strong>. <a href=\"https:\/\/tvi.iol.pt\/bigbrother\/carolina-braga\/diogo-ramos\/viveu-um-romance-no-big-brother-voltou-para-o-ex-namorado-e-prepara-se-para-subir-ao-altar-todos-os-detalhes-sobre-o-pedido-de-casamento\" rel=\"nofollow noopener\" target=\"_blank\">Os dois apaixonaram-se dentro da casa, mas a rela\u00e7\u00e3o n\u00e3o resistiu depois do programa.<\/a><\/p>\n<p data-end=\"3620\" data-start=\"3510\">Apesar do desfecho amoroso, a passagem pelo reality show acabou por abrir portas a uma nova fase profissional.<\/p>\n<p data-end=\"3741\" data-start=\"3622\">Agora, o ex-concorrente v\u00ea o seu percurso seguir numa dire\u00e7\u00e3o que ambicionava desde que chegou a Portugal: a televis\u00e3o. E tamb\u00e9m encontrou novamente o amor junto da influencer, Leah Wolf.<\/p>\n<p data-end=\"3916\" data-start=\"3743\">\u00ab\u00c9 um passo inicial\u00bb, reconheceu Diogo Bordin, mostrando-se, ainda assim, muito satisfeito com esta oportunidade e com o caminho que come\u00e7a agora a construir no audiovisual.<\/p>\n<p data-end=\"4127\" data-is-last-node=\"\" data-is-only-node=\"\" data-start=\"3918\">Assim, depois do reality show, da moda internacional e de v\u00e1rios projetos fora de Portugal, <strong data-end=\"4064\" data-start=\"4010\">Diogo Bordin soma agora \u00abTerra Forte\u00bb ao curr\u00edculo<\/strong>, num percurso que promete continuar a crescer no pequeno ecr\u00e3.<\/p>\n","protected":false},"excerpt":{"rendered":"Poucos sabem mas Diogo Bordin est\u00e1 a concretizar um dos grandes objetivos que tinha tra\u00e7ado para a carreira.&hellip;\n","protected":false},"author":2,"featured_media":500470,"comment_status":"","ping_status":"","sticky":false,"template":"","format":"standard","meta":{"footnotes":"","_share_on_mastodon":"0"},"categories":[85],"tags":[331,48,333,328,335,6989,336,114,115,334,332,330,338,13,32,33,162,227],"class_list":["post-500469","post","type-post","status-publish","format-standard","has-post-thumbnail","category-entretenimento","tag-big","tag-big-brother","tag-comentadores","tag-concorrentes","tag-confrontos","tag-diogo-bordin","tag-discussoes","tag-entertainment","tag-entretenimento","tag-exclusivos","tag-expulso","tag-gala","tag-maria-botelho-moniz","tag-noticias","tag-portugal","tag-pt","tag-tvi","tag-videos"],"share_on_mastodon":{"url":"https:\/\/pubeurope.com\/@pt\/117158165111198270","error":""},"_links":{"self":[{"href":"https:\/\/www.europesays.com\/pt\/wp-json\/wp\/v2\/posts\/500469","targetHints":{"allow":["GET"]}}],"collection":[{"href":"https:\/\/www.europesays.com\/pt\/wp-json\/wp\/v2\/posts"}],"about":[{"href":"https:\/\/www.europesays.com\/pt\/wp-json\/wp\/v2\/types\/post"}],"author":[{"embeddable":true,"href":"https:\/\/www.europesays.com\/pt\/wp-json\/wp\/v2\/users\/2"}],"replies":[{"embeddable":true,"href":"https:\/\/www.europesays.com\/pt\/wp-json\/wp\/v2\/comments?post=500469"}],"version-history":[{"count":0,"href":"https:\/\/www.europesays.com\/pt\/wp-json\/wp\/v2\/posts\/500469\/revisions"}],"wp:featuredmedia":[{"embeddable":true,"href":"https:\/\/www.europesays.com\/pt\/wp-json\/wp\/v2\/media\/500470"}],"wp:attachment":[{"href":"https:\/\/www.europesays.com\/pt\/wp-json\/wp\/v2\/media?parent=500469"}],"wp:term":[{"taxonomy":"category","embeddable":true,"href":"https:\/\/www.europesays.com\/pt\/wp-json\/wp\/v2\/categories?post=500469"},{"taxonomy":"post_tag","embeddable":true,"href":"https:\/\/www.europesays.com\/pt\/wp-json\/wp\/v2\/tags?post=500469"}],"curies":[{"name":"wp","href":"https:\/\/api.w.org\/{rel}","templated":true}]}}