{"id":500537,"date":"2026-08-25T21:54:37","date_gmt":"2026-08-25T21:54:37","guid":{"rendered":"https:\/\/www.europesays.com\/pt\/500537\/"},"modified":"2026-08-25T21:54:37","modified_gmt":"2026-08-25T21:54:37","slug":"magnatas-do-crime-ganha-trailer-da-2a-temporada-e-ja-tem-3a-confirmada-pela-netflix","status":"publish","type":"post","link":"https:\/\/www.europesays.com\/pt\/500537\/","title":{"rendered":"Magnatas do Crime ganha trailer da 2\u00aa temporada e j\u00e1 tem 3\u00aa confirmada pela Netflix"},"content":{"rendered":"<p class=\"isSelectedEnd\">A Netflix divulgou o trailer completo da <strong>2\u00aa temporada de <a href=\"https:\/\/natelinha.uol.com.br\/series\" target=\"_blank\" rel=\"noopener noreferrer nofollow\">Magnatas do Crime<\/a><\/strong>\u00a0e confirmou a renova\u00e7\u00e3o da s\u00e9rie criada por <strong>Guy Ritchie para uma terceira temporada<\/strong>. Os novos epis\u00f3dios chegam ao cat\u00e1logo em <strong>3 de setembro de 2026<\/strong>, com <strong>Theo James como Eddie Horniman<\/strong> e <strong>Kaya Scodelario como Susie Glass<\/strong>, que v\u00e3o expandir seus neg\u00f3cios para a It\u00e1lia.<\/p>\n<p class=\"isSelectedEnd\">A terceira temporada ter\u00e1 <strong>oito epis\u00f3dios<\/strong> e contar\u00e1 novamente com Guy Ritchie no comando da produ\u00e7\u00e3o, incluindo seu envolvimento no roteiro e na dire\u00e7\u00e3o ao lado de Matthew Read. O novo ano ainda est\u00e1 em fase de pr\u00e9-produ\u00e7\u00e3o, e detalhes sobre o elenco completo ainda n\u00e3o foram divulgados.<\/p>\n<p>Quando estreia a 2\u00aa temporada de Magnatas do Crime?<\/p>\n<p class=\"isSelectedEnd\">A <strong>2\u00aa temporada de Magnatas do Crime estreia em 3 de setembro de 2026 na Netflix<\/strong>. A nova fase continuar\u00e1 acompanhando Eddie Horniman, interpretado por Theo James, enquanto ele tenta ampliar seu imp\u00e9rio criminoso para al\u00e9m do Reino Unido.<\/p>\n<p class=\"isSelectedEnd\">Kaya Scodelario tamb\u00e9m retorna como Susie Glass. Os dois personagens estar\u00e3o novamente no centro da trama, agora envolvidos em uma expans\u00e3o internacional que levar\u00e1 os neg\u00f3cios at\u00e9 a It\u00e1lia.<\/p>\n<p>O que acontece na 2\u00aa temporada de Magnatas do Crime?<\/p>\n<p class=\"isSelectedEnd\">A nova temporada mostra Eddie Horniman decidido a ampliar o imp\u00e9rio constru\u00eddo ap\u00f3s sua entrada no submundo do crime. Para isso, ele e Susie Glass passam a mirar novos territ\u00f3rios e oportunidades fora do Reino Unido.<\/p>\n<p class=\"isSelectedEnd\">A expans\u00e3o coloca os protagonistas em uma situa\u00e7\u00e3o ainda mais perigosa, j\u00e1 que seus planos os colocam em rota de colis\u00e3o com interesses ligados \u00e0 poderosa m\u00e1fia italiana.<\/p>\n<p>Quem interpreta Eddie Horniman e Susie Glass?<\/p>\n<p class=\"isSelectedEnd\"><strong>Theo James interpreta Eddie Horniman<\/strong>, o aristocrata que se envolve com o mundo do crime depois de herdar uma propriedade da fam\u00edlia ligada a um imp\u00e9rio clandestino de cannabis. <strong>Kaya Scodelario interpreta Susie Glass<\/strong>, sua parceira nos neg\u00f3cios criminosos.<\/p>\n<p class=\"isSelectedEnd\">A s\u00e9rie tamb\u00e9m conta com nomes como Ray Winstone, Daniel Ings, Joely Richardson, Vinnie Jones e Giancarlo Esposito. A cria\u00e7\u00e3o \u00e9 de Guy Ritchie, respons\u00e1vel pelo universo original de The Gentlemen.<\/p>\n<p>O que j\u00e1 foi confirmado sobre a 3\u00aa temporada?<\/p>\n<p class=\"isSelectedEnd\">A <strong>3\u00aa temporada de Magnatas do Crime j\u00e1 foi renovada pela Netflix e ter\u00e1 oito epis\u00f3dios<\/strong>. A produ\u00e7\u00e3o est\u00e1 em pr\u00e9-produ\u00e7\u00e3o, enquanto os roteiros ainda est\u00e3o sendo desenvolvidos.<\/p>\n<p class=\"isSelectedEnd\">Guy Ritchie continuar\u00e1 envolvido na s\u00e9rie, trabalhando novamente na dire\u00e7\u00e3o e no roteiro ao lado de Matthew Read. A produ\u00e7\u00e3o, portanto, manter\u00e1 a participa\u00e7\u00e3o criativa de um dos principais respons\u00e1veis pela identidade da franquia.<\/p>\n<p>Meghan Markle estar\u00e1 na 3\u00aa temporada de Magnatas do Crime?<\/p>\n<p class=\"isSelectedEnd\"><strong>Meghan Markle chegou a ser apontada como poss\u00edvel integrante da 3\u00aa temporada de Magnatas do Crime<\/strong>, mas sua participa\u00e7\u00e3o n\u00e3o deve ser tratada como confirmada. Informa\u00e7\u00f5es divulgadas nos \u00faltimos dias apontaram que a atriz esteve em conversas iniciais para um papel na produ\u00e7\u00e3o.<\/p>\n<p class=\"isSelectedEnd\">Posteriormente, por\u00e9m, surgiram relatos de que a possibilidade de escala\u00e7\u00e3o teria sido retirada ap\u00f3s uma rea\u00e7\u00e3o negativa no Reino Unido. At\u00e9 o momento, n\u00e3o h\u00e1 confirma\u00e7\u00e3o oficial da Netflix sobre Meghan no elenco. Por isso, a atriz n\u00e3o deve ser apresentada como integrante confirmada da terceira temporada.<\/p>\n<p>Magnatas do Crime \u00e9 baseada no filme de Guy Ritchie?<\/p>\n<p class=\"isSelectedEnd\">Sim. A s\u00e9rie <strong>Magnatas do Crime<\/strong>, t\u00edtulo brasileiro de The Gentlemen, foi criada por Guy Ritchie e faz parte do universo iniciado pelo filme hom\u00f4nimo lan\u00e7ado em 2019.<\/p>\n<p>A produ\u00e7\u00e3o acompanha Eddie Horniman depois que ele herda uma propriedade familiar e descobre que as terras est\u00e3o ligadas a um grande neg\u00f3cio ilegal. A s\u00e9rie combina elementos de crime, a\u00e7\u00e3o, com\u00e9dia e humor \u00e1cido, mantendo caracter\u00edsticas associadas ao estilo de Ritchie.<\/p>\n<p>                                <img decoding=\"async\" loading=\"lazy\" class=\"horizontal\" alt=\"Imagem da thumbnail do v\u00eddeo!\" src=\"https:\/\/www.europesays.com\/pt\/wp-content\/uploads\/2026\/08\/1787694877_272_hqdefault.jpg\"\/><\/p>\n","protected":false},"excerpt":{"rendered":"A Netflix divulgou o trailer completo da 2\u00aa temporada de Magnatas do Crime\u00a0e confirmou a renova\u00e7\u00e3o da s\u00e9rie&hellip;\n","protected":false},"author":2,"featured_media":500538,"comment_status":"","ping_status":"","sticky":false,"template":"","format":"standard","meta":{"footnotes":"","_share_on_mastodon":"0"},"categories":[142],"tags":[114,115,716,32,33,941,940,151],"class_list":["post-500537","post","type-post","status-publish","format-standard","has-post-thumbnail","category-tv","tag-entertainment","tag-entretenimento","tag-netflix","tag-portugal","tag-pt","tag-series","tag-streaming","tag-tv"],"share_on_mastodon":{"url":"https:\/\/pubeurope.com\/@pt\/117158377996521536","error":""},"_links":{"self":[{"href":"https:\/\/www.europesays.com\/pt\/wp-json\/wp\/v2\/posts\/500537","targetHints":{"allow":["GET"]}}],"collection":[{"href":"https:\/\/www.europesays.com\/pt\/wp-json\/wp\/v2\/posts"}],"about":[{"href":"https:\/\/www.europesays.com\/pt\/wp-json\/wp\/v2\/types\/post"}],"author":[{"embeddable":true,"href":"https:\/\/www.europesays.com\/pt\/wp-json\/wp\/v2\/users\/2"}],"replies":[{"embeddable":true,"href":"https:\/\/www.europesays.com\/pt\/wp-json\/wp\/v2\/comments?post=500537"}],"version-history":[{"count":0,"href":"https:\/\/www.europesays.com\/pt\/wp-json\/wp\/v2\/posts\/500537\/revisions"}],"wp:featuredmedia":[{"embeddable":true,"href":"https:\/\/www.europesays.com\/pt\/wp-json\/wp\/v2\/media\/500538"}],"wp:attachment":[{"href":"https:\/\/www.europesays.com\/pt\/wp-json\/wp\/v2\/media?parent=500537"}],"wp:term":[{"taxonomy":"category","embeddable":true,"href":"https:\/\/www.europesays.com\/pt\/wp-json\/wp\/v2\/categories?post=500537"},{"taxonomy":"post_tag","embeddable":true,"href":"https:\/\/www.europesays.com\/pt\/wp-json\/wp\/v2\/tags?post=500537"}],"curies":[{"name":"wp","href":"https:\/\/api.w.org\/{rel}","templated":true}]}}