{"id":50056,"date":"2025-08-29T12:31:08","date_gmt":"2025-08-29T12:31:08","guid":{"rendered":"https:\/\/www.europesays.com\/pt\/50056\/"},"modified":"2025-08-29T12:31:08","modified_gmt":"2025-08-29T12:31:08","slug":"bastou-a-camisa-e-os-calcoes-ana-garcia-martins-e-a-grande-tendencia-de-verao","status":"publish","type":"post","link":"https:\/\/www.europesays.com\/pt\/50056\/","title":{"rendered":"Bastou a camisa e os cal\u00e7\u00f5es: Ana Garcia Martins e a grande tend\u00eancia de ver\u00e3o"},"content":{"rendered":"<p>Quem n\u00e3o gosta de no ver\u00e3o <a href=\"https:\/\/versa.iol.pt\/restaurante\/rita-pereira\/rita-pereira-foi-de-proposito-a-peniche-por-este-restaurante-com-vista-mar\/20250805\/6890cd6ed34ef72ee44914f2\" rel=\"nofollow noopener\" target=\"_blank\">desfrutar de uma grande mariscada<\/a>, especialmente se for junto ao mar? N\u00e3o \u00e9 refei\u00e7\u00e3o que se fa\u00e7a todos os dias, mas existe uma forma de desfrutar de lagosta sem restri\u00e7\u00e3o.\u00a0<\/p>\n<p>Basta seguir uma das mais recentes tend\u00eancias de moda, j\u00e1 que os estampados com lagostas est\u00e3o em grande destaque no ver\u00e3o de 2025. Vimo-las nos desfiles das Semanas de Moda relativos \u00e0 primavera\/ver\u00e3o 2025 e vimo-las tamb\u00e9m nas ruas da moda, em personalidades como as portuguese girl Caetana Botelho Afonso. E n\u00e3o \u00e9 a \u00fanica.\u00a0<\/p>\n<p>\u00a0<\/p>\n<p>Ana Garcia Martins, mais conhecida como A Pipoca Mais Doce, tamb\u00e9m se apaixonou pelas lagostas atrav\u00e9s de um conjunto da marca portuguesa\u00a0Mom Pwr, da qual tamb\u00e9m as atrizes Jessica Athayde e Sara Prata s\u00e3o f\u00e3s.\u00a0<\/p>\n<p>O conjunto em quest\u00e3o \u00e9 composto por camisa de meia-manga e cal\u00e7\u00f5es flu\u00eddos, ambos com estampado lagosta em tons de vermelho e verde. Este conjunto \u00e9 ideal para usar no ver\u00e3o, n\u00e3o s\u00f3 por seguir a tend\u00eancia, como por ser leve e fresco, ideal para andar quer na rua, quer na praia.\u00a0<\/p>\n<p>Resta saber o valor: as duas pe\u00e7as custam \u20ac49,90. Podes encontrar o <a href=\"https:\/\/mompwr.pt\/products\/comjunto-lagosta\" target=\"_blank\" rel=\"nofollow noopener\">conjunto na loja online da marca<\/a> e espreit\u00e1-lo na galeria de imagens.\u00a0<\/p>\n<blockquote class=\"instagram-media\" data-instgrm-captioned=\"\" data-instgrm-permalink=\"https:\/\/www.instagram.com\/p\/DNyOpLb0Hug\/?utm_source=ig_embed&amp;utm_campaign=loading\" data-instgrm-version=\"14\" style=\" background:#FFF; border:0; border-radius:3px; box-shadow:0 0 1px 0 rgba(0,0,0,0.5),0 1px 10px 0 rgba(0,0,0,0.15); margin: 1px; max-width:540px; min-width:326px; padding:0; width:99.375%; width:-webkit-calc(100% - 2px); width:calc(100% - 2px);\">\n<\/blockquote>\n<p>                            <script async src=\"\/\/www.instagram.com\/embed.js\"><\/script><\/p>\n","protected":false},"excerpt":{"rendered":"Quem n\u00e3o gosta de no ver\u00e3o desfrutar de uma grande mariscada, especialmente se for junto ao mar? N\u00e3o&hellip;\n","protected":false},"author":2,"featured_media":50057,"comment_status":"","ping_status":"","sticky":false,"template":"","format":"standard","meta":{"footnotes":""},"categories":[85],"tags":[5812,1081,204,114,115,754,186,1079,32,33,1083,1078,1080],"class_list":{"0":"post-50056","1":"post","2":"type-post","3":"status-publish","4":"format-standard","5":"has-post-thumbnail","7":"category-entretenimento","8":"tag-ana-garcia-martins","9":"tag-beleza","10":"tag-design","11":"tag-entertainment","12":"tag-entretenimento","13":"tag-gastronomia","14":"tag-lifestyle","15":"tag-moda","16":"tag-portugal","17":"tag-pt","18":"tag-tendencia","19":"tag-versa","20":"tag-viagens"},"share_on_mastodon":{"url":"","error":""},"_links":{"self":[{"href":"https:\/\/www.europesays.com\/pt\/wp-json\/wp\/v2\/posts\/50056","targetHints":{"allow":["GET"]}}],"collection":[{"href":"https:\/\/www.europesays.com\/pt\/wp-json\/wp\/v2\/posts"}],"about":[{"href":"https:\/\/www.europesays.com\/pt\/wp-json\/wp\/v2\/types\/post"}],"author":[{"embeddable":true,"href":"https:\/\/www.europesays.com\/pt\/wp-json\/wp\/v2\/users\/2"}],"replies":[{"embeddable":true,"href":"https:\/\/www.europesays.com\/pt\/wp-json\/wp\/v2\/comments?post=50056"}],"version-history":[{"count":0,"href":"https:\/\/www.europesays.com\/pt\/wp-json\/wp\/v2\/posts\/50056\/revisions"}],"wp:featuredmedia":[{"embeddable":true,"href":"https:\/\/www.europesays.com\/pt\/wp-json\/wp\/v2\/media\/50057"}],"wp:attachment":[{"href":"https:\/\/www.europesays.com\/pt\/wp-json\/wp\/v2\/media?parent=50056"}],"wp:term":[{"taxonomy":"category","embeddable":true,"href":"https:\/\/www.europesays.com\/pt\/wp-json\/wp\/v2\/categories?post=50056"},{"taxonomy":"post_tag","embeddable":true,"href":"https:\/\/www.europesays.com\/pt\/wp-json\/wp\/v2\/tags?post=50056"}],"curies":[{"name":"wp","href":"https:\/\/api.w.org\/{rel}","templated":true}]}}