{"id":500569,"date":"2026-08-25T22:19:26","date_gmt":"2026-08-25T22:19:26","guid":{"rendered":"https:\/\/www.europesays.com\/pt\/500569\/"},"modified":"2026-08-25T22:19:26","modified_gmt":"2026-08-25T22:19:26","slug":"ice-detem-dois-musicos-cubanos-entre-eles-o-vencedor-de-um-grammy-latino","status":"publish","type":"post","link":"https:\/\/www.europesays.com\/pt\/500569\/","title":{"rendered":"ICE det\u00e9m dois m\u00fasicos cubanos, entre eles o vencedor de um Grammy Latino"},"content":{"rendered":"<p>                Autoridades norte-americanas aumentaram o n\u00famero de deten\u00e7\u00f5es relacionadas com imigra\u00e7\u00e3o desde o regresso \u00e0 Casa Branca de Donald Trump<\/p>\n<p>Agentes do Servi\u00e7o de Imigra\u00e7\u00e3o e Controlo Aduaneiro dos Estados Unidos (ICE, em ingl\u00eas) detiveram nos \u00faltimos dias dois populares m\u00fasicos cubanos, incluindo o percussionista Degnis Bofill, vencedor de um Grammy Latino, e transferiram-nos para centros de deten\u00e7\u00e3o.<\/p>\n<p>Bofill foi detido a 19 de agosto no Aeroporto Internacional de Miami quando regressava de Nova Iorque, segundo informou a sua mulher, Mara Delgado, que abriu uma campanha na internet para angariar fundos para a sua liberta\u00e7\u00e3o e representa\u00e7\u00e3o legal.<\/p>\n<p>At\u00e9 esta ter\u00e7a-feira, tinha angariado 51 mil d\u00f3lares.<\/p>\n<p>Bofill trabalhou no disco que venceu o Grammy Latino de 2022 na categoria de &#8220;Melhor \u00c1lbum Folcl\u00f3rico&#8221; e encontra-se atualmente no centro de deten\u00e7\u00e3o para migrantes de Krome, situado a oeste de Miami, segundo meios de comunica\u00e7\u00e3o locais.<\/p>\n<p>O percussionista chegou aos Estados Unidos em 2023 de forma legal e tinha um pedido de asilo pendente no momento da sua deten\u00e7\u00e3o.<\/p>\n<p>As autoridades de Imigra\u00e7\u00e3o tinham detido, alguns dias antes, a 15 de agosto, o pianista cubano Andy Garc\u00eda Palacios no Aeroporto Internacional de Los Angeles.<\/p>\n<p>Garc\u00eda Palacios encontra-se no centro de processamento do ICE em Adelanto (Calif\u00f3rnia), segundo dados oficiais.<\/p>\n<p>O m\u00fasico cubano Chucho Vald\u00e9s lamentou nas redes sociais a &#8220;desafortunada not\u00edcia&#8221; e manifestou o desejo de que o pianista possa regressar \u00e0 sua carreira o mais rapidamente poss\u00edvel, &#8220;dado que \u00e9 um dos grandes representantes da nova gera\u00e7\u00e3o de m\u00fasicos cubanos&#8221;.<\/p>\n<p>As autoridades norte-americanas aumentaram o n\u00famero de deten\u00e7\u00f5es relacionadas com imigra\u00e7\u00e3o desde o regresso \u00e0 Casa Branca do presidente dos Estados Unidos, Donald Trump, em janeiro de 2025.<\/p>\n<p>Mais de 51.000 migrantes foram detidos pelo ICE e pelo Servi\u00e7o de Alf\u00e2ndegas e Prote\u00e7\u00e3o de Fronteiras (CBP, em ingl\u00eas) no passado m\u00eas de julho, o n\u00famero mais elevado do segundo mandato de Trump. EFE<\/p>\n","protected":false},"excerpt":{"rendered":"Autoridades norte-americanas aumentaram o n\u00famero de deten\u00e7\u00f5es relacionadas com imigra\u00e7\u00e3o desde o regresso \u00e0 Casa Branca de Donald&hellip;\n","protected":false},"author":2,"featured_media":500570,"comment_status":"","ping_status":"","sticky":false,"template":"","format":"standard","meta":{"footnotes":"","_share_on_mastodon":"0"},"categories":[145],"tags":[609,836,80250,611,27,5914,211,210,607,608,333,832,604,80249,135,610,92,476,114,115,301,830,17541,603,19809,570,831,833,62,834,13,835,602,52,32,33,29],"class_list":["post-500569","post","type-post","status-publish","format-standard","has-post-thumbnail","category-celebridades","tag-alerta","tag-analise","tag-andy-garcia-palacios","tag-ao-minuto","tag-breaking-news","tag-casa-branca","tag-celebridades","tag-celebrities","tag-cnn","tag-cnn-portugal","tag-comentadores","tag-costa","tag-crime","tag-degnis-bofill","tag-desporto","tag-direto","tag-donald-trump","tag-economia","tag-entertainment","tag-entretenimento","tag-governo","tag-guerra","tag-ice","tag-justica","tag-latin-grammy","tag-live","tag-mais-vistas","tag-marcelo","tag-mundo","tag-negocios","tag-noticias","tag-opiniao","tag-pais","tag-politica","tag-portugal","tag-pt","tag-ultimas"],"share_on_mastodon":{"url":"https:\/\/pubeurope.com\/@pt\/117158475807198294","error":""},"_links":{"self":[{"href":"https:\/\/www.europesays.com\/pt\/wp-json\/wp\/v2\/posts\/500569","targetHints":{"allow":["GET"]}}],"collection":[{"href":"https:\/\/www.europesays.com\/pt\/wp-json\/wp\/v2\/posts"}],"about":[{"href":"https:\/\/www.europesays.com\/pt\/wp-json\/wp\/v2\/types\/post"}],"author":[{"embeddable":true,"href":"https:\/\/www.europesays.com\/pt\/wp-json\/wp\/v2\/users\/2"}],"replies":[{"embeddable":true,"href":"https:\/\/www.europesays.com\/pt\/wp-json\/wp\/v2\/comments?post=500569"}],"version-history":[{"count":0,"href":"https:\/\/www.europesays.com\/pt\/wp-json\/wp\/v2\/posts\/500569\/revisions"}],"wp:featuredmedia":[{"embeddable":true,"href":"https:\/\/www.europesays.com\/pt\/wp-json\/wp\/v2\/media\/500570"}],"wp:attachment":[{"href":"https:\/\/www.europesays.com\/pt\/wp-json\/wp\/v2\/media?parent=500569"}],"wp:term":[{"taxonomy":"category","embeddable":true,"href":"https:\/\/www.europesays.com\/pt\/wp-json\/wp\/v2\/categories?post=500569"},{"taxonomy":"post_tag","embeddable":true,"href":"https:\/\/www.europesays.com\/pt\/wp-json\/wp\/v2\/tags?post=500569"}],"curies":[{"name":"wp","href":"https:\/\/api.w.org\/{rel}","templated":true}]}}