{"id":500619,"date":"2026-08-25T23:16:20","date_gmt":"2026-08-25T23:16:20","guid":{"rendered":"https:\/\/www.europesays.com\/pt\/500619\/"},"modified":"2026-08-25T23:16:20","modified_gmt":"2026-08-25T23:16:20","slug":"5-empresas-conhecidas-que-foram-alvo-de-acoes-judiciais-por-venderem-produtos-alimentares-associados-ao-cancro","status":"publish","type":"post","link":"https:\/\/www.europesays.com\/pt\/500619\/","title":{"rendered":"5 empresas conhecidas que foram alvo de a\u00e7\u00f5es judiciais por venderem produtos alimentares associados ao cancro"},"content":{"rendered":"<p> <img decoding=\"async\" fetchpriority=\"high\" src=\"https:\/\/www.europesays.com\/pt\/wp-content\/uploads\/2026\/08\/5-empresas-populares-que-han-sido-demandadas-por-vender-productos-alimenticios-asociados-al-cancer-1.jpeg\"  width=\"768\" height=\"432\" alt=\"A exposi\u00e7\u00e3o ao calor e \u00e0 luz pode estimular a forma\u00e7\u00e3o de benzeno em algumas bebidas que cont\u00eam sais de benzoato e vitamina C.\" title=\"La exposici\u00f3n al calor y la luz puede estimular la formaci\u00f3n de benceno en algunas bebidas que contienen sales de benzoato y vitamina C.\" data-image=\"6f9ygrsx78ey\"\/>A exposi\u00e7\u00e3o ao calor e \u00e0 luz pode estimular a forma\u00e7\u00e3o de benzeno em algumas bebidas que cont\u00eam sais de benzoato e vitamina C.   <img decoding=\"async\" fetchpriority=\"high\" src=\"https:\/\/www.europesays.com\/pt\/wp-content\/uploads\/2026\/08\/rocio-lopez.jpg\" alt=\"Roc\u00edo L\u00f3pez Fonseca\" width=\"40\" height=\"40\"\/>    <a class=\"nombre text-hv\" href=\"https:\/\/www.tempo.pt\/autor\/rocio-lopez\/\" title=\"Roc\u00edo L\u00f3pez Fonseca\" data-mrf-recirculation=\"pre_article_author\" rel=\"nofollow noopener\" target=\"_blank\">Roc\u00edo L\u00f3pez Fonseca<\/a> Meteored M\u00e9xico        25\/08\/2026 17:21   5 min    <\/p>\n<p>Neste artigo, abordaremos as informa\u00e7\u00f5es que surgiram sobre outras empresas que foram apontadas e processadas por utilizarem subst\u00e2ncias proibidas nas suas f\u00f3rmulas; este texto \u00e9 uma continua\u00e7\u00e3o. <strong>O escrut\u00ednio n\u00e3o se limita \u00e0 ind\u00fastria cosm\u00e9tica ou aos pesticidas de uso agr\u00edcola<\/strong>; chegou at\u00e9 aos produtos mais comuns da despensa e dos cuidados pessoais.<\/p>\n<p>Um dos casos que mais despertou preocupa\u00e7\u00f5es no setor dos alimentos processados envolveu a Cheerios, a ic\u00f3nica marca de cereais de aveia. <strong>V\u00e1rios testes laboratoriais e queixas de consumidores apontaram a presen\u00e7a de vest\u00edgios de glifosato <\/strong>nos seus flocos, decorrentes da utiliza\u00e7\u00e3o do produto qu\u00edmico na secagem das culturas antes da colheita.<\/p>\n<p>Por sua vez, no setor dos cuidados pessoais, a marca Old Spice enfrentou retiradas do mercado e a\u00e7\u00f5es judiciais ap\u00f3s terem sido detetados n\u00edveis preocupantes de benzeno em v\u00e1rios dos seus desodorizantes e antitranspirantes em aerossol.<\/p>\n<p>O benzeno \u00e9 um solvente industrial e um carcinog\u00e9neo humano confirmado, cuja utiliza\u00e7\u00e3o n\u00e3o est\u00e1 autorizada como ingrediente e que acabou por contaminar os propulsores das embalagens.<\/p>\n<p>Benzeno nos refrigerantes <\/p>\n<p>Esta mesma subst\u00e2ncia tamb\u00e9m foi detetada na Coca-Cola;<strong> isto resultou de an\u00e1lises independentes que encontraram vest\u00edgios de benzeno em certas bebidas<\/strong> quando o benzoato de s\u00f3dio (um conservante) se combinava com a vitamina C em condi\u00e7\u00f5es de armazenamento inadequadas.<\/p>\n<p>A FDA explicou que o benzeno pode formar-se em n\u00edveis muito baixos (n\u00edvel de ppb) em algumas bebidas que cont\u00eam sais de benzoato e \u00e1cido asc\u00f3rbico (vitamina C) ou \u00e1cido erit\u00f3rbico <strong>(uma subst\u00e2ncia muito semelhante, is\u00f3mero, tamb\u00e9m conhecida como \u00e1cido d-asc\u00f3rbico)<\/strong>.<\/p>\n<p><img decoding=\"async\" fetchpriority=\"low\" class=\"lazy \" src=\"https:\/\/www.europesays.com\/pt\/wp-content\/uploads\/2026\/08\/1787699780_663_5-empresas-populares-que-han-sido-demandadas-por-vender-productos-alimenticios-asociados-al-cancer-1.jpeg\"  width=\"768\" height=\"432\" alt=\"O benzeno \u00e9 um solvente industrial e um carcinog\u00e9neo humano confirmado, cuja utiliza\u00e7\u00e3o n\u00e3o \u00e9 autorizada como ingrediente.\" title=\"El benceno es un solvente industrial y un carcin\u00f3geno humano confirmado, cuyo uso no est\u00e1 autorizado como ingrediente.\" data-image=\"4uk0tizmfqzm\"\/>O benzeno \u00e9 um solvente industrial e um carcinog\u00e9neo humano confirmado, cuja utiliza\u00e7\u00e3o n\u00e3o \u00e9 autorizada como ingrediente.<\/p>\n<p>A exposi\u00e7\u00e3o ao calor e \u00e0 luz pode estimular a forma\u00e7\u00e3o de benzeno em algumas bebidas que cont\u00eam sais de benzoato e \u00e1cido asc\u00f3rbico (vitamina C). O benzoato de s\u00f3dio ou de pot\u00e1ssio pode ser adicionado \u00e0s bebidas para inibir o crescimento de bact\u00e9rias, leveduras e bolores.<\/p>\n<p>Nesta an\u00e1lise, a FDA explicou que os resultados do inqu\u00e9rito da CFSAN indicam que os n\u00edveis de benzeno detetados at\u00e9 \u00e0 data nas bebidas n\u00e3o representam um risco para a sa\u00fade dos consumidores.<\/p>\n<p>Quase todas as amostras analisadas nesta revis\u00e3o n\u00e3o continham benzeno ou apresentavam n\u00edveis inferiores a 5 ppb. Al\u00e9m disso, <strong>os n\u00edveis de benzeno em centenas de amostras analisadas por ag\u00eancias governamentais nacionais e internacionais<\/strong> e pela ind\u00fastria de bebidas coincidem com os encontrados pela FDA.<\/p>\n<p> Alimentos infantis e ultraprocessados sob escrut\u00ednio <\/p>\n<p>O dom\u00ednio da nutri\u00e7\u00e3o infantil tem sido particularmente delicado. A marca de alimentos para beb\u00e9s Gerber tem enfrentado lit\u00edgios em grande escala na sequ\u00eancia de relat\u00f3rios parlamentares e a\u00e7\u00f5es coletivas que revelaram n\u00edveis significativamente elevados de metais pesados nas suas papinhas, tais como ars\u00e9nio, chumbo, c\u00e1dmio e merc\u00fario.<\/p>\n<p><a class=\"imagen \" href=\"https:\/\/www.tempo.pt\/noticias\/ciencia\/pesticida-encontrado-a-niveis-elevados-nos-produtos-menstruais-no-reino-unido.html\" title=\"Pesticida encontrado a n\u00edveis elevados nos produtos menstruais no Reino Unido\" rel=\"nofollow noopener\" target=\"_blank\"><img decoding=\"async\" fetchpriority=\"low\" class=\"lazy img-body non-editable\" src=\"https:\/\/www.europesays.com\/pt\/wp-content\/uploads\/2026\/08\/pesticida-encontrado-a-niveis-elevados-nos-produtos-menstruais-no-reino-unido-1748596222799_320.jpg\"  width=\"320\" height=\"225\"\/><\/a><\/p>\n<p>Nessa mesma linha, a gigante transnacional Nestl\u00e9 foi levada a tribunal devido \u00e0 presen\u00e7a de aditivos n\u00e3o regulamentados e vest\u00edgios de metais pesados em algumas das suas f\u00f3rmulas l\u00e1cteas e alimentos embalados para crian\u00e7as pequenas, o que acendeu o debate sobre a falta de controlos rigorosos nas mat\u00e9rias-primas agr\u00edcolas.<\/p>\n<p>Ftalatos no queijo e nas massas<\/p>\n<p>Por fim, a empresa Kraft Heinz juntou-se \u00e0 lista de empresas processadas<strong> pela presen\u00e7a de ftalatos nos seus produtos<\/strong>, particularmente nas suas conhecidas embalagens de queijo fundido e massas.<\/p>\n<p>Os ftalatos s\u00e3o plastificantes que se infiltram a partir das embalagens sint\u00e9ticas e das m\u00e1quinas de processamento diretamente para os alimentos, atuando como potentes desreguladores hormonais no corpo humano.<\/p>\n<p>Estas acusa\u00e7\u00f5es em s\u00e9rie demonstram que os processos judiciais por subst\u00e2ncias nocivas j\u00e1 n\u00e3o s\u00e3o um facto isolado, <strong>mas sim uma onda global de consumidores e governos que exigem a retirada das prateleiras de qualquer ingrediente que coloque em risco a sa\u00fade p\u00fablica<\/strong>.<\/p>\n<p>No entanto, estas a\u00e7\u00f5es t\u00eam-se registado sobretudo nos Estados Unidos e em alguns pa\u00edses da Europa; no M\u00e9xico e na Am\u00e9rica Latina, \u00e9 menos comum que exista uma vigil\u00e2ncia t\u00e3o rigorosa.<\/p>\n","protected":false},"excerpt":{"rendered":"A exposi\u00e7\u00e3o ao calor e \u00e0 luz pode estimular a forma\u00e7\u00e3o de benzeno em algumas bebidas que cont\u00eam&hellip;\n","protected":false},"author":2,"featured_media":500620,"comment_status":"","ping_status":"","sticky":false,"template":"","format":"standard","meta":{"footnotes":"","_share_on_mastodon":"0"},"categories":[50],"tags":[1468,27,28,4533,15,16,80256,14,25,26,21,22,60765,62,12,13,19,20,35465,67382,23,24,28645,17,18,29,30,31,63,64,65],"class_list":["post-500619","post","type-post","status-publish","format-standard","has-post-thumbnail","category-mundo","tag-alimentos","tag-breaking-news","tag-breakingnews","tag-comida","tag-featured-news","tag-featurednews","tag-glifosato","tag-headlines","tag-latest-news","tag-latestnews","tag-main-news","tag-mainnews","tag-metais-pesados","tag-mundo","tag-news","tag-noticias","tag-noticias-principais","tag-noticiasprincipais","tag-pesticidas","tag-poluentes","tag-principais-noticias","tag-principaisnoticias","tag-refrigerantes","tag-top-stories","tag-topstories","tag-ultimas","tag-ultimas-noticias","tag-ultimasnoticias","tag-world","tag-world-news","tag-worldnews"],"share_on_mastodon":{"url":"","error":"Validation failed: Text character limit of 500 exceeded"},"_links":{"self":[{"href":"https:\/\/www.europesays.com\/pt\/wp-json\/wp\/v2\/posts\/500619","targetHints":{"allow":["GET"]}}],"collection":[{"href":"https:\/\/www.europesays.com\/pt\/wp-json\/wp\/v2\/posts"}],"about":[{"href":"https:\/\/www.europesays.com\/pt\/wp-json\/wp\/v2\/types\/post"}],"author":[{"embeddable":true,"href":"https:\/\/www.europesays.com\/pt\/wp-json\/wp\/v2\/users\/2"}],"replies":[{"embeddable":true,"href":"https:\/\/www.europesays.com\/pt\/wp-json\/wp\/v2\/comments?post=500619"}],"version-history":[{"count":0,"href":"https:\/\/www.europesays.com\/pt\/wp-json\/wp\/v2\/posts\/500619\/revisions"}],"wp:featuredmedia":[{"embeddable":true,"href":"https:\/\/www.europesays.com\/pt\/wp-json\/wp\/v2\/media\/500620"}],"wp:attachment":[{"href":"https:\/\/www.europesays.com\/pt\/wp-json\/wp\/v2\/media?parent=500619"}],"wp:term":[{"taxonomy":"category","embeddable":true,"href":"https:\/\/www.europesays.com\/pt\/wp-json\/wp\/v2\/categories?post=500619"},{"taxonomy":"post_tag","embeddable":true,"href":"https:\/\/www.europesays.com\/pt\/wp-json\/wp\/v2\/tags?post=500619"}],"curies":[{"name":"wp","href":"https:\/\/api.w.org\/{rel}","templated":true}]}}