{"id":500695,"date":"2026-08-26T01:36:19","date_gmt":"2026-08-26T01:36:19","guid":{"rendered":"https:\/\/www.europesays.com\/pt\/500695\/"},"modified":"2026-08-26T01:36:19","modified_gmt":"2026-08-26T01:36:19","slug":"2a-temporada-de-serie-com-bruna-marquezine-ganha-data-de-estreia-no-disney","status":"publish","type":"post","link":"https:\/\/www.europesays.com\/pt\/500695\/","title":{"rendered":"2\u00aa temporada de s\u00e9rie com Bruna Marquezine ganha data de estreia no Disney+"},"content":{"rendered":"<p>A segunda temporada de Amor da Minha Vida, estrelada por Bruna Marquezine e S\u00e9rgio Malheiros, ganhou data de estreia; os novos epis\u00f3dios da s\u00e9rie, que \u00e9 produzida pelo Hulu, chegam no Disney+ a partir do dia 9 de outubro, com lan\u00e7amentos semanais.<\/p>\n<p>A produ\u00e7\u00e3o acompanha a vida de Bia (Marquezine), uma mulher adulta que tem dificuldade em se apegar a um relacionamento amoroso e vive despeda\u00e7ando os cora\u00e7\u00f5es de seus pretendentes \u2014at\u00e9 se apaixonar de verdade. <\/p>\n<p>Al\u00e9m de Bruna e Malheiros, o elenco principal da primeira temporada, com nomes como Danilo Mesquita,\u00a0Cissa Guimar\u00e3es\u00a0e\u00a0Sophia Abrah\u00e3o, tamb\u00e9m est\u00e1 confirmado na segunda. As principais novidades s\u00e3o Alanis Guillen,\u00a0Clarice Falc\u00e3o,\u00a0Romulo Estrela, Daniel Dantas e Hugo Bonemer. <\/p>\n<p>A estreia da primeira temporada de Amor da Minha Vida, em novembro de 2024, foi um grande sucesso e bateu recorde de audi\u00eancia, se tornando a maior estreia de uma nova s\u00e9rie brasileira no Disney+.<\/p>\n<p>2\u00aa temporada de Amor da Minha Vida<\/p>\n<p><strong>[Aten\u00e7\u00e3o: Cont\u00e9m spoilers da primeira temporada de Amor da Minha Vida a Seguir]<br \/><\/strong>A s\u00e9rie agora vai acompanhar o relacionamento de Bia com Victor (Malheiros), que costumava ser seu melhor amigo e ouvinte das rela\u00e7\u00f5es nada amorosas. Apesar de se amarem muito, eles come\u00e7am a enfrentar dificuldades com os efeitos da vida adulta, afastando cada vez mais seus futuros.<\/p>\n<p>Agora, o casal precisar\u00e1 decidir se ir\u00e1 lutar para salvar o relacionamento, abrindo m\u00e3o de sonhos, ou seguir seu pr\u00f3prio caminho, realizando os objetivos pessoais. A primeira temporada tem 10 epis\u00f3dios e est\u00e1 dispon\u00edvel no Disney+.<\/p>\n","protected":false},"excerpt":{"rendered":"A segunda temporada de Amor da Minha Vida, estrelada por Bruna Marquezine e S\u00e9rgio Malheiros, ganhou data de&hellip;\n","protected":false},"author":2,"featured_media":500696,"comment_status":"","ping_status":"","sticky":false,"template":"","format":"standard","meta":{"footnotes":"","_share_on_mastodon":"0"},"categories":[142],"tags":[1579,114,115,32,33,941,151],"class_list":["post-500695","post","type-post","status-publish","format-standard","has-post-thumbnail","category-tv","tag-disney","tag-entertainment","tag-entretenimento","tag-portugal","tag-pt","tag-series","tag-tv"],"share_on_mastodon":{"url":"https:\/\/pubeurope.com\/@pt\/117159250305774364","error":""},"_links":{"self":[{"href":"https:\/\/www.europesays.com\/pt\/wp-json\/wp\/v2\/posts\/500695","targetHints":{"allow":["GET"]}}],"collection":[{"href":"https:\/\/www.europesays.com\/pt\/wp-json\/wp\/v2\/posts"}],"about":[{"href":"https:\/\/www.europesays.com\/pt\/wp-json\/wp\/v2\/types\/post"}],"author":[{"embeddable":true,"href":"https:\/\/www.europesays.com\/pt\/wp-json\/wp\/v2\/users\/2"}],"replies":[{"embeddable":true,"href":"https:\/\/www.europesays.com\/pt\/wp-json\/wp\/v2\/comments?post=500695"}],"version-history":[{"count":0,"href":"https:\/\/www.europesays.com\/pt\/wp-json\/wp\/v2\/posts\/500695\/revisions"}],"wp:featuredmedia":[{"embeddable":true,"href":"https:\/\/www.europesays.com\/pt\/wp-json\/wp\/v2\/media\/500696"}],"wp:attachment":[{"href":"https:\/\/www.europesays.com\/pt\/wp-json\/wp\/v2\/media?parent=500695"}],"wp:term":[{"taxonomy":"category","embeddable":true,"href":"https:\/\/www.europesays.com\/pt\/wp-json\/wp\/v2\/categories?post=500695"},{"taxonomy":"post_tag","embeddable":true,"href":"https:\/\/www.europesays.com\/pt\/wp-json\/wp\/v2\/tags?post=500695"}],"curies":[{"name":"wp","href":"https:\/\/api.w.org\/{rel}","templated":true}]}}