{"id":500703,"date":"2026-08-26T01:50:19","date_gmt":"2026-08-26T01:50:19","guid":{"rendered":"https:\/\/www.europesays.com\/pt\/500703\/"},"modified":"2026-08-26T01:50:19","modified_gmt":"2026-08-26T01:50:19","slug":"serie-turca-de-suspense-cemiterio-volta-esta-semana-a-netflix","status":"publish","type":"post","link":"https:\/\/www.europesays.com\/pt\/500703\/","title":{"rendered":"S\u00e9rie turca de suspense, Cemit\u00e9rio volta esta semana \u00e0 Netflix"},"content":{"rendered":"<p>A terceira temporada de Cemit\u00e9rio, s\u00e9rie turca de suspense que aborda o feminic\u00eddio, tem estreia na <a href=\"https:\/\/tangerina.uol.com.br\/tag\/netflix\/\" target=\"_blank\" rel=\"noreferrer noopener nofollow\">Netflix <\/a>marcada para a pr\u00f3xima sexta-feira (28), com novos epis\u00f3dios cheios de casos complexos para a equipe de \u00d6nem \u00d6z\u00fclk\u00fc (Birce Akalay) resolver.<\/p>\n<p>A plataforma de streaming n\u00e3o confirmou o n\u00famero exato de cap\u00edtulos da nova temporada, mas as previs\u00f5es apontam para seis ou oito novos epis\u00f3dios. Al\u00e9m de Birce Akalay, o elenco principal tamb\u00e9m conta com Olgun Toker, \u015eehsuvar Akta\u015f e Hakan Meri\u00e7iler.<\/p>\n<p>Cemit\u00e9rio<\/p>\n<p>A s\u00e9rie acompanha a detetive \u00d6nem em uma nova etapa de sua carreira: comandar uma for\u00e7a-tarefa para resolver casos complexos de feminic\u00eddios e outros crimes contra mulheres. O problema \u00e9 que a equipe tem um baixo or\u00e7amento, o que faz eles operarem do dep\u00f3sito de provas da pol\u00edcia de Istambul, apelidado como \u201cCemit\u00e9rio\u201d por ficar no subsolo do pr\u00e9dio da delegacia. <\/p>\n<p>A produ\u00e7\u00e3o mostra, de forma crua e realista, como o machismo estrutural interfere at\u00e9 mesmo em investiga\u00e7\u00f5es e sistema judicial ao silenciar as pr\u00f3prias v\u00edtimas e suas hist\u00f3rias. Assim que abre a for\u00e7a-tarefa, al\u00e9m de assumir novos casos de feminic\u00eddio, \u00d6nem ainda se depara com in\u00fameros assassinatos de mulheres sem resolu\u00e7\u00e3o ou encerrados de forma precoce. <\/p>\n<p>Determinada a fazer justi\u00e7a at\u00e9 pelo passado, a detetive reabre diversas investiga\u00e7\u00f5es, mesmo com novos corpos de mulheres surgindo a cada dia. Ao mesmo tempo, ela e sua equipe tamb\u00e9m lidam com traumas e dramas de suas vidas pessoais. Por tamb\u00e9m adicionar cr\u00edticas sociais a um suspense policial, o estilo da s\u00e9rie se assemelha bastante ao noir n\u00f3rdico, apesar de ser produzida na Turquia. <\/p>\n","protected":false},"excerpt":{"rendered":"A terceira temporada de Cemit\u00e9rio, s\u00e9rie turca de suspense que aborda o feminic\u00eddio, tem estreia na Netflix marcada&hellip;\n","protected":false},"author":2,"featured_media":500704,"comment_status":"","ping_status":"","sticky":false,"template":"","format":"standard","meta":{"footnotes":"","_share_on_mastodon":"0"},"categories":[142],"tags":[114,115,716,32,33,941,151],"class_list":["post-500703","post","type-post","status-publish","format-standard","has-post-thumbnail","category-tv","tag-entertainment","tag-entretenimento","tag-netflix","tag-portugal","tag-pt","tag-series","tag-tv"],"share_on_mastodon":{"url":"https:\/\/pubeurope.com\/@pt\/117159305294465312","error":""},"_links":{"self":[{"href":"https:\/\/www.europesays.com\/pt\/wp-json\/wp\/v2\/posts\/500703","targetHints":{"allow":["GET"]}}],"collection":[{"href":"https:\/\/www.europesays.com\/pt\/wp-json\/wp\/v2\/posts"}],"about":[{"href":"https:\/\/www.europesays.com\/pt\/wp-json\/wp\/v2\/types\/post"}],"author":[{"embeddable":true,"href":"https:\/\/www.europesays.com\/pt\/wp-json\/wp\/v2\/users\/2"}],"replies":[{"embeddable":true,"href":"https:\/\/www.europesays.com\/pt\/wp-json\/wp\/v2\/comments?post=500703"}],"version-history":[{"count":0,"href":"https:\/\/www.europesays.com\/pt\/wp-json\/wp\/v2\/posts\/500703\/revisions"}],"wp:featuredmedia":[{"embeddable":true,"href":"https:\/\/www.europesays.com\/pt\/wp-json\/wp\/v2\/media\/500704"}],"wp:attachment":[{"href":"https:\/\/www.europesays.com\/pt\/wp-json\/wp\/v2\/media?parent=500703"}],"wp:term":[{"taxonomy":"category","embeddable":true,"href":"https:\/\/www.europesays.com\/pt\/wp-json\/wp\/v2\/categories?post=500703"},{"taxonomy":"post_tag","embeddable":true,"href":"https:\/\/www.europesays.com\/pt\/wp-json\/wp\/v2\/tags?post=500703"}],"curies":[{"name":"wp","href":"https:\/\/api.w.org\/{rel}","templated":true}]}}