{"id":500721,"date":"2026-08-26T02:18:28","date_gmt":"2026-08-26T02:18:28","guid":{"rendered":"https:\/\/www.europesays.com\/pt\/500721\/"},"modified":"2026-08-26T02:18:28","modified_gmt":"2026-08-26T02:18:28","slug":"belchior-serie-alucinacao-estreia-no-canal-brasil-e-no-globoplay","status":"publish","type":"post","link":"https:\/\/www.europesays.com\/pt\/500721\/","title":{"rendered":"Belchior: s\u00e9rie Alucina\u00e7\u00e3o estreia no Canal Brasil e no Globoplay"},"content":{"rendered":"<p><img decoding=\"async\" class=\"w-fit lg:w-full\" loading=\"eager\" src=\"https:\/\/www.europesays.com\/pt\/wp-content\/uploads\/2026\/08\/6177326_f919804f4bbeb74.jpg\" title=\"&quot;Alucina\u00e7\u00e3o&quot; \/ Divulga\u00e7\u00e3o\" alt=\"&quot;Alucina\u00e7\u00e3o&quot; \/ Divulga\u00e7\u00e3o\" width=\"700\" height=\"477\" fetchpriority=\"high\"\/>Luiz Carlos Vasconcelos vive a fase adulta de Belchior.&#8221;Alucina\u00e7\u00e3o&#8221; \/ Divulga\u00e7\u00e3o<\/p>\n<p>A trajet\u00f3ria de um dos maiores nomes da m\u00fasica brasileira,<strong> Belchior <\/strong>(1946-2017), \u00e9 tema da s\u00e9rie in\u00e9dita <strong>Alucina\u00e7\u00e3o<\/strong>. A fic\u00e7\u00e3o <strong>estreia neste s\u00e1bado (29), \u00e0s 22h, no Canal Brasil<\/strong>, data em que o \u00e1lbum hom\u00f4nimo do cantor cearense completa 50 anos.<\/p>\n<p>Os quatro epis\u00f3dios ser\u00e3o exibidos semanalmente e<strong> tamb\u00e9m ficar\u00e3o dispon\u00edveis no <\/strong><a href=\"https:\/\/gauchazh.clicrbs.com.br\/colunistas\/ticiano-osorio\/noticia\/2026\/08\/e-urgente-ver-a-serie-de-ambulancia-do-globoplay-cmszxie9h00w7015hphxppt4w.html\" rel=\"nofollow noopener\" target=\"_blank\"><strong>Globoplay<\/strong> <\/a>ap\u00f3s passarem pela TV.<\/p>\n<p>Com dire\u00e7\u00e3o de <strong>Eduardo Albergaria<\/strong> e produ\u00e7\u00e3o de <strong>Leonardo Edde, <\/strong>a miniss\u00e9rie viaja pelo passado e presente do cantor que marca gera\u00e7\u00f5es at\u00e9 hoje com can\u00e7\u00f5es como <strong>Apenas um Rapaz Latino-Americano, Como Nossos Pais<\/strong> e<strong> Sujeito de Sorte<\/strong>.<\/p>\n<p>A hist\u00f3ria apresenta Ant\u00f4nio Carlos (nome de nascimento de Belchior) e relembra a forma\u00e7\u00e3o como seminarista, estudante de medicina e m\u00fasico reconhecido, at\u00e9 chegar na<strong> escolha de abandonar a fama e sumir com a parceira Edna Prometheu<\/strong>.<\/p>\n<p>Quem vive Belchior s\u00e3o os atores<strong> Caian Zattar<\/strong>, em sua fase jovem, e <a href=\"https:\/\/gauchazh.clicrbs.com.br\/cultura-e-lazer\/tv\/noticia\/2026\/04\/historia-de-amor-e-cangaco-guerreiros-do-sol-estreia-nesta-quarta-feira-na-tv-globo-cmo8z1ro700lo015b0hbty2q1.html\" rel=\"nofollow noopener\" target=\"_blank\"><strong>Luiz Carlos Vasconcelos<\/strong><\/a>, na fase adulta. O elenco conta ainda com <strong>Isabela Garcia<\/strong> como Edna Prometheu, \u00faltima companheira do cantor.\u00a0<\/p>\n<p>Entre as figuras marcantes da cultura brasileira que cruzam a trajet\u00f3ria do artista, <strong>Tain\u00e1 Medina<\/strong> interpreta Elis Regina, <strong>Ricardo Guilherme<\/strong> d\u00e1 vida a Vinicius de Moraes, <strong>Tim Rescala<\/strong> vive Carlos Drummond de Andrade, <strong>Carlos Francisco<\/strong> encarna Luiz Gonzaga, <strong>Vin\u00edcius Cafer<\/strong> faz Fagner e <strong>Lua Martins<\/strong> vive Amelinha.<\/p>\n<p><img decoding=\"async\" class=\"w-fit lg:w-full\" loading=\"eager\" src=\"https:\/\/www.europesays.com\/pt\/wp-content\/uploads\/2026\/08\/6177330_675ba5de465477a.jpg\" title=\"&quot;Alucina\u00e7\u00e3o&quot; \/ Divulga\u00e7\u00e3o\" alt=\"&quot;Alucina\u00e7\u00e3o&quot; \/ Divulga\u00e7\u00e3o\" width=\"700\" height=\"477\" fetchpriority=\"auto\"\/>Caian Zattar na fase jovem de Belchior.&#8221;Alucina\u00e7\u00e3o&#8221; \/ Divulga\u00e7\u00e3o<\/p>\n<p>Com inspira\u00e7\u00e3o no livro Belchior: Apenas um Rapaz Latino-Americano, de <strong>Jotab\u00ea Medeiros<\/strong>,Alucina\u00e7\u00e3o <strong>promete se debru\u00e7ar na mente de um homem que procura a pr\u00f3pria ess\u00eancia<\/strong>, dividido entre pertencimento e ruptura, identidade e voca\u00e7\u00e3o.<\/p>\n<p>Belchior morou e morreu no RS<\/p>\n<p><img decoding=\"async\" class=\"w-fit lg:w-full\" loading=\"eager\" src=\"https:\/\/www.europesays.com\/pt\/wp-content\/uploads\/2026\/08\/6177498_44f5361adf4ce9b.jpg\" title=\"Ingrid Trindade \/ Arquivo Pessoal\" alt=\"Ingrid Trindade \/ Arquivo Pessoal\" width=\"700\" height=\"477\" fetchpriority=\"auto\"\/>Belchior no s\u00edtio da fam\u00edlia de professor na localidade de Murta, em Passa SeteIngrid Trindade \/ Arquivo Pessoal<\/p>\n<p>Nascido em 26 de outubro de 1946, Ant\u00f4nio Carlos Gomes Belchior Fontenelle Fernandes passou os \u00faltimos anos da sua vida viajando pelo Rio Grande do Sul.<strong> H\u00e1 registros do cantor em pelo menos 10 cidades ga\u00fachas<\/strong>, incluindo <strong>Santa Cruz do Sul <\/strong>(onde faleceu em 2017), <strong>Gua\u00edba<\/strong>, <strong>Cachoeirinha,<\/strong> <strong>Porto Alegre <\/strong>e<strong> Passa Sete<\/strong>.\u00a0<\/p>\n<p>O document\u00e1rio <a href=\"https:\/\/gauchazh.clicrbs.com.br\/passo-fundo\/cultura-e-lazer\/noticia\/2025\/01\/belchior-entre-os-camponeses-quando-o-artista-decidiu-viver-no-interior-de-uma-pequena-cidade-do-norte-do-rs-cm5zgpnzj00i5017relhbn2wx.html\" rel=\"nofollow noopener\" target=\"_blank\"><strong>Belchior entre os Camponeses<\/strong><\/a> conta mais sobre a rela\u00e7\u00e3o do cearense com o interior ga\u00facho.<\/p>\n<p><strong>*Produ\u00e7\u00e3o: Alana Borges<\/strong><\/p>\n<p><strong>\u00c9 assinante mas ainda n\u00e3o recebe minha carta semanal exclusiva? <\/strong><a href=\"https:\/\/www.gauchazh.com.br\/newsletters\/?utm_source=gzh&amp;utm_medium=materia&amp;utm_campaign=gzh_engajamento&amp;utm_content=news_ticiano&amp;_gl=1*31pisb*_gcl_au*MjAyNzc4MjExMC4xNzI5MjYyNzgw\" target=\"_blank\" rel=\"nofollow noopener\"><strong>Clique aqui<\/strong><\/a><strong> <\/strong>e se inscreva na newsletter<\/p>\n<p><strong>Assista aos v\u00eddeos <\/strong><strong>Dica do Ticiano<\/strong><strong> no YouTube: <\/strong><a href=\"https:\/\/www.youtube.com\/playlist?list=PLMGSJ-QZmFXiU4zXEEXZZ8yOCHRxmv3d5\" target=\"_blank\" rel=\"nofollow noopener\"><strong>clique aqui<\/strong><\/a><\/p>\n<p><strong>J\u00e1 conhece o canal da coluna no WhatsApp?<\/strong> Clique aqui: <a href=\"https:\/\/www.whatsapp.com\/channel\/0029VaiyPtDJ3jv76u5u3m0X\" target=\"_blank\" title=\"https:\/\/www.whatsapp.com\/channel\/0029VaiyPtDJ3jv76u5u3m0X\" rel=\"nofollow noopener\"><strong>gzh.rs\/CanalTiciano<\/strong><\/a><\/p>\n","protected":false},"excerpt":{"rendered":"Luiz Carlos Vasconcelos vive a fase adulta de Belchior.&#8221;Alucina\u00e7\u00e3o&#8221; \/ Divulga\u00e7\u00e3o A trajet\u00f3ria de um dos maiores nomes&hellip;\n","protected":false},"author":2,"featured_media":500722,"comment_status":"","ping_status":"","sticky":false,"template":"","format":"standard","meta":{"footnotes":"","_share_on_mastodon":"0"},"categories":[142],"tags":[114,115,3179,32,33,940,151],"class_list":["post-500721","post","type-post","status-publish","format-standard","has-post-thumbnail","category-tv","tag-entertainment","tag-entretenimento","tag-globoplay","tag-portugal","tag-pt","tag-streaming","tag-tv"],"share_on_mastodon":{"url":"https:\/\/pubeurope.com\/@pt\/117159416057617599","error":""},"_links":{"self":[{"href":"https:\/\/www.europesays.com\/pt\/wp-json\/wp\/v2\/posts\/500721","targetHints":{"allow":["GET"]}}],"collection":[{"href":"https:\/\/www.europesays.com\/pt\/wp-json\/wp\/v2\/posts"}],"about":[{"href":"https:\/\/www.europesays.com\/pt\/wp-json\/wp\/v2\/types\/post"}],"author":[{"embeddable":true,"href":"https:\/\/www.europesays.com\/pt\/wp-json\/wp\/v2\/users\/2"}],"replies":[{"embeddable":true,"href":"https:\/\/www.europesays.com\/pt\/wp-json\/wp\/v2\/comments?post=500721"}],"version-history":[{"count":0,"href":"https:\/\/www.europesays.com\/pt\/wp-json\/wp\/v2\/posts\/500721\/revisions"}],"wp:featuredmedia":[{"embeddable":true,"href":"https:\/\/www.europesays.com\/pt\/wp-json\/wp\/v2\/media\/500722"}],"wp:attachment":[{"href":"https:\/\/www.europesays.com\/pt\/wp-json\/wp\/v2\/media?parent=500721"}],"wp:term":[{"taxonomy":"category","embeddable":true,"href":"https:\/\/www.europesays.com\/pt\/wp-json\/wp\/v2\/categories?post=500721"},{"taxonomy":"post_tag","embeddable":true,"href":"https:\/\/www.europesays.com\/pt\/wp-json\/wp\/v2\/tags?post=500721"}],"curies":[{"name":"wp","href":"https:\/\/api.w.org\/{rel}","templated":true}]}}