{"id":500747,"date":"2026-08-26T02:41:31","date_gmt":"2026-08-26T02:41:31","guid":{"rendered":"https:\/\/www.europesays.com\/pt\/500747\/"},"modified":"2026-08-26T02:41:31","modified_gmt":"2026-08-26T02:41:31","slug":"alemanha-vai-divulgar-responsavel-da-tentativa-de-ataque-com-drone-ao-aeroporto-de-leipzig","status":"publish","type":"post","link":"https:\/\/www.europesays.com\/pt\/500747\/","title":{"rendered":"Alemanha vai divulgar respons\u00e1vel da tentativa de ataque com drone ao aeroporto de Leipzig"},"content":{"rendered":"<p>\n                A Alemanha &#8220;tem sido alvo de um escrut\u00ednio crescente devido aos ataques h\u00edbridos&#8221;, afirmou Friedrich Merz, sem nomear quaisquer suspeitos, \u00e0 margem de um retiro governamental em Neuhardenberg, a leste de Berlim.<\/p>\n<p>A Alemanha utiliza este termo para se referir \u00e0s tentativas de sabotagem, desinforma\u00e7\u00e3o e espionagem no seu territ\u00f3rio, que t\u00eam vindo a aumentar desde o in\u00edcio da guerra na Ucr\u00e2nia e s\u00e3o atribu\u00eddas \u00e0 R\u00fassia.<\/p>\n<p>Referindo-se ao incidente de Leipzig, no in\u00edcio de agosto, Friedrich Merz indicou que as <b>autoridades estavam a trabalhar &#8220;intensamente&#8221; com os servi\u00e7os de seguran\u00e7a na investiga\u00e7\u00e3o <\/b>e apresentariam as suas conclus\u00f5es em breve.<\/p>\n<p><b>Merz reafirmou esta ter\u00e7a-feira que Berlim manteria o seu apoio a Kiev &#8220;a longo prazo&#8221;, <\/b>afirmando que o objetivo era facilitar a abertura de conversa\u00e7\u00f5es de paz, e n\u00e3o prolongar o conflito.<b><br \/>&#13;<br \/>\n<\/b>&#13;<br \/>\n<br \/>&#13;<br \/>\nO Aeroporto de Leipzig \u00e9 considerado um importante ponto de tr\u00e2nsito para o envio de ajuda militar \u00e0 Ucr\u00e2nia na sua guerra contra a R\u00fassia.\u00a0De acordo com os relat\u00f3rios do S\u00fcddeutsche Zeitung e das emissoras p\u00fablicas NDR e WDR, a opera\u00e7\u00e3o pode ter sido muito mais abrangente do que se sabia inicialmente.\u00a0<b\/><\/p>\n<p>A 4 de agosto, um drone carregado com explosivos foi descoberto na \u00e1rea de opera\u00e7\u00f5es de carga segura do aeroporto, perto de v\u00e1rios avi\u00f5es de carga ucranianos, e um segundo drone  ter\u00e1 atingido um avi\u00e3o de carga da DHL minutos depois.<\/p>\n<p><b>O aeroporto \u00e9 um centro de log\u00edstica militar e de carga utilizado pela NATO e pela companhia a\u00e9rea ucraniana Antonov para o transporte de mantimentos militares.<\/b><\/p>\n<p>No entanto, de acordo com relatos dos meios de comunica\u00e7\u00e3o social, que citam fontes pr\u00f3ximas das autoridades, <b>um terceiro drone foi encontrado dez dias depois num campo em Kabelskental, a oeste do aeroporto.<\/b><\/p>\n<p>Uma subst\u00e2ncia contendo aproximadamente 50 gramas de hexog\u00e9nio, um explosivo militar altamente potente, foi encontrada no local.&#13;<br \/>\nQuem foi o respons\u00e1vel pelo incidente em Leipzig?<br \/>&#13;<br \/>\nFontes de seguran\u00e7a entrevistadas pelos meios de comunica\u00e7\u00e3o alem\u00e3es acreditam que os servi\u00e7os de informa\u00e7\u00e3o russos podem ter estado envolvidos no planeamento da opera\u00e7\u00e3o. Moscovo negou qualquer envolvimento e Berlim n\u00e3o fez qualquer acua\u00e7\u00e3o direta.<\/p>\n<p>O chanceler prometeu refor\u00e7ar a resposta da Alemanha aos ataques h\u00edbridos, citando, em particular, um projeto de lei que refor\u00e7a os poderes dos servi\u00e7os de informa\u00e7\u00e3o, aprovado este m\u00eas pelo seu governo.&#13;\n            <\/p>\n","protected":false},"excerpt":{"rendered":"A Alemanha &#8220;tem sido alvo de um escrut\u00ednio crescente devido aos ataques h\u00edbridos&#8221;, afirmou Friedrich Merz, sem nomear&hellip;\n","protected":false},"author":2,"featured_media":500748,"comment_status":"","ping_status":"","sticky":false,"template":"","format":"standard","meta":{"footnotes":"","_share_on_mastodon":"0"},"categories":[50],"tags":[1305,27,28,15,16,8307,14,25,26,7165,21,22,62,12,13,19,20,23,24,17,18,29,30,31,63,64,65],"class_list":["post-500747","post","type-post","status-publish","format-standard","has-post-thumbnail","category-mundo","tag-alemanha","tag-breaking-news","tag-breakingnews","tag-featured-news","tag-featurednews","tag-friedrich-merz","tag-headlines","tag-latest-news","tag-latestnews","tag-leipzig","tag-main-news","tag-mainnews","tag-mundo","tag-news","tag-noticias","tag-noticias-principais","tag-noticiasprincipais","tag-principais-noticias","tag-principaisnoticias","tag-top-stories","tag-topstories","tag-ultimas","tag-ultimas-noticias","tag-ultimasnoticias","tag-world","tag-world-news","tag-worldnews"],"share_on_mastodon":{"url":"https:\/\/pubeurope.com\/@pt\/117159505965798667","error":""},"_links":{"self":[{"href":"https:\/\/www.europesays.com\/pt\/wp-json\/wp\/v2\/posts\/500747","targetHints":{"allow":["GET"]}}],"collection":[{"href":"https:\/\/www.europesays.com\/pt\/wp-json\/wp\/v2\/posts"}],"about":[{"href":"https:\/\/www.europesays.com\/pt\/wp-json\/wp\/v2\/types\/post"}],"author":[{"embeddable":true,"href":"https:\/\/www.europesays.com\/pt\/wp-json\/wp\/v2\/users\/2"}],"replies":[{"embeddable":true,"href":"https:\/\/www.europesays.com\/pt\/wp-json\/wp\/v2\/comments?post=500747"}],"version-history":[{"count":0,"href":"https:\/\/www.europesays.com\/pt\/wp-json\/wp\/v2\/posts\/500747\/revisions"}],"wp:featuredmedia":[{"embeddable":true,"href":"https:\/\/www.europesays.com\/pt\/wp-json\/wp\/v2\/media\/500748"}],"wp:attachment":[{"href":"https:\/\/www.europesays.com\/pt\/wp-json\/wp\/v2\/media?parent=500747"}],"wp:term":[{"taxonomy":"category","embeddable":true,"href":"https:\/\/www.europesays.com\/pt\/wp-json\/wp\/v2\/categories?post=500747"},{"taxonomy":"post_tag","embeddable":true,"href":"https:\/\/www.europesays.com\/pt\/wp-json\/wp\/v2\/tags?post=500747"}],"curies":[{"name":"wp","href":"https:\/\/api.w.org\/{rel}","templated":true}]}}