{"id":500838,"date":"2026-08-26T05:53:08","date_gmt":"2026-08-26T05:53:08","guid":{"rendered":"https:\/\/www.europesays.com\/pt\/500838\/"},"modified":"2026-08-26T05:53:08","modified_gmt":"2026-08-26T05:53:08","slug":"espanha-italia-franca-portugal-e-alemanha-onde-ver-o-eclipse-lunar-parcial","status":"publish","type":"post","link":"https:\/\/www.europesays.com\/pt\/500838\/","title":{"rendered":"Espanha, It\u00e1lia, Fran\u00e7a, Portugal e Alemanha: onde ver o eclipse lunar parcial"},"content":{"rendered":"<p>Os europeus v\u00e3o poder observar um eclipse parcial da Lua \u201cmuito profundo\u201d \u00e0s primeiras horas de sexta-feira, 28 de agosto, pouco antes do amanhecer.<\/p>\n<p>          <img decoding=\"async\" class=\"c-ad__placeholder__logo\" src=\"https:\/\/static.euronews.com\/website\/images\/logos\/logo-euronews-stacked-outlined-72x72-grey-9.svg\" width=\"72\" height=\"72\" alt=\"\" loading=\"lazy\"\/><br \/>\n          PUBLICIDADE<\/p>\n<p>          <img decoding=\"async\" class=\"c-ad__placeholder__logo\" src=\"https:\/\/static.euronews.com\/website\/images\/logos\/logo-euronews-stacked-outlined-72x72-grey-9.svg\" width=\"72\" height=\"72\" alt=\"\" loading=\"lazy\"\/><br \/>\n          PUBLICIDADE<\/p>\n<p>Um eclipse parcial acontece sempre cerca de duas semanas antes ou depois de um eclipse solar, por isso este segue-se ao <a href=\"https:\/\/pt.euronews.com\/2026\/08\/13\/europa-as-melhores-imagens-do-eclipse-solar-de-2026\" rel=\"nofollow noopener\" target=\"_blank\">eclipse total do Sol<\/a> que cativou os europeus no in\u00edcio deste m\u00eas.<\/p>\n<p>Num eclipse parcial, o alinhamento entre o Sol, a Terra e a Lua n\u00e3o \u00e9 perfeito, pelo que a Lua Cheia atravessa apenas uma parte da sombra da Terra no espa\u00e7o. A sombra cresce e depois recua sem nunca cobrir totalmente a Lua, criando um fen\u00f3meno celeste pouco frequente.<\/p>\n<p>Nesta sexta-feira, a Lua Cheia \u00e9 a chamada Lua do Esturj\u00e3o, nome inspirado no maior peixe da Am\u00e9rica do Norte. A Lua poder\u00e1 ganhar um tom vermelho-acastanhado quando ficar 96,2% coberta pela sombra interior mais escura da Terra. A mudan\u00e7a de cor \u00e9 provocada pela pr\u00f3pria Terra: \u201ca orla da sombra da Terra no espa\u00e7o tem um brilho avermelhado que resulta da luz do Sol que atravessa a atmosfera que envolve o nosso planeta\u201d, segundo o site timeanddate.<\/p>\n<p>N\u00e3o s\u00e3o precisos os <a href=\"https:\/\/pt.euronews.com\/2026\/08\/13\/oculos-para-eclipse-solar-podem-ir-parar-ao-aterro-saiba-o-que-fazer\" rel=\"nofollow noopener\" target=\"_blank\">\u00f3culos especiais<\/a> usados para observar em seguran\u00e7a o eclipse total do Sol no in\u00edcio do m\u00eas. Olhar diretamente para a Lua durante um eclipse parcial \u00e9 totalmente seguro.<\/p>\n<p>Quem tiver bin\u00f3culos ou um telesc\u00f3pio ver\u00e1 a sombra com mais detalhe.<\/p>\n<p>A localiza\u00e7\u00e3o e o estado do tempo v\u00e3o determinar onde, na Europa, se ter\u00e1 a melhor vis\u00e3o do eclipse. As zonas viradas a oeste e com menos nebulosidade dever\u00e3o proporcionar o espet\u00e1culo mais n\u00edtido.<\/p>\n<p>Quem n\u00e3o puder ver o eclipse ao vivo poder\u00e1 acompanh\u00e1-lo numa transmiss\u00e3o em direto do site timeanddate no <a href=\"https:\/\/www.youtube.com\/watch?v=ktP8-OX4Iug\" target=\"_blank\" rel=\"noreferrer nofollow noopener\">YouTube<\/a>.<\/p>\n<p>Espanha: onde ver o eclipse parcial da Lua<\/p>\n<p>Tal como aconteceu com o <a href=\"https:\/\/pt.euronews.com\/video\/2026\/08\/13\/espanha-meio-milhao-de-visitantes-acorre-a-rota-do-eclipse-total\" rel=\"nofollow noopener\" target=\"_blank\">eclipse solar<\/a>, Espanha ter\u00e1 algumas das melhores condi\u00e7\u00f5es de observa\u00e7\u00e3o. O eclipse lunar ser\u00e1 vis\u00edvel a partir de qualquer ponto da Pen\u00ednsula Ib\u00e9rica, das Ilhas Baleares, das Can\u00e1rias, de Ceuta e de Melilha, desde que o c\u00e9u se mantenha limpo, sem nuvens.<\/p>\n<p>Haver\u00e1, no entanto, diferen\u00e7as nos hor\u00e1rios de observa\u00e7\u00e3o. No centro e leste de Espanha, nas Baleares e em Melilha, a Lua p\u00f5e-se antes de o eclipse parcial terminar, enquanto no restante do pa\u00eds, incluindo as Can\u00e1rias e Ceuta, ser\u00e1 poss\u00edvel acompanhar todo o processo do eclipse.<\/p>\n<p>Em Espanha, a Lua nasce \u00e0s 21h01 de 27 de agosto &#8211; hora local, menos uma em Lisboa &#8211; e p\u00f5e-se \u00e0s 07h47 de 28 de agosto. A fase parcial do eclipse come\u00e7a \u00e0s 04h34 e termina \u00e0s 07h52, uma hora mais cedo nas Ilhas Can\u00e1rias.<\/p>\n<p>O m\u00e1ximo do eclipse, o momento em que a sombra da Terra cobre a maior parte da Lua, ocorre por volta das 06h12, pouco antes do nascer do sol. Nessa altura, a sombra terrestre projetar-se-\u00e1 sobre 93% do disco lunar.<\/p>\n<p>It\u00e1lia: onde ver o eclipse parcial da Lua<\/p>\n<p>Segundo as previs\u00f5es meteorol\u00f3gicas atuais, algumas das maiores cidades italianas dever\u00e3o ter as melhores condi\u00e7\u00f5es de observa\u00e7\u00e3o: N\u00e1poles, <a href=\"https:\/\/pt.euronews.com\/2026\/07\/29\/italia-proposta-de-lei-contra-carrocas-turisticas-em-roma-e-noutras-cidades-historicas\" rel=\"nofollow noopener\" target=\"_blank\">Roma<\/a> e Veneza dever\u00e3o registar menos nebulosidade, o que permitir\u00e1 ver cerca de 93% do eclipse. Bolonha surge logo a seguir, seguida de Turim. G\u00e9nova e Mil\u00e3o tamb\u00e9m ter\u00e3o uma cobertura de 93%, mas com previs\u00e3o de c\u00e9u muito nublado.<\/p>\n<p>Em It\u00e1lia, o eclipse parcial come\u00e7a \u00e0s 03h23, atinge a cobertura m\u00e1xima \u00e0s 06h12 e termina \u00e0s 09h01.<\/p>\n<p>Fran\u00e7a: onde ver o eclipse parcial da Lua<\/p>\n<p>As previs\u00f5es meteorol\u00f3gicas apontam para muita nebulosidade e alguma chuva na manh\u00e3 de sexta-feira em Fran\u00e7a, pelo que o pa\u00eds poder\u00e1 n\u00e3o ser o local ideal para observar o fen\u00f3meno.<\/p>\n<p>A Lua s\u00f3 come\u00e7ar\u00e1 a entrar na sombra da Terra por volta das 03h20, com os efeitos de colora\u00e7\u00e3o vis\u00edveis a partir das 04h34. O ponto alto do fen\u00f3meno, quando a maior parte da Lua se encontra na sombra terrestre e o vermelho \u00e9 mais intenso, ocorrer\u00e1 cerca das 06h13. Nessa altura, por\u00e9m, a Lua estar\u00e1 apenas a cerca de 8\u00b0 acima do horizonte e a luz do in\u00edcio da manh\u00e3 poder\u00e1 dificultar a observa\u00e7\u00e3o.<\/p>\n<p><a href=\"https:\/\/pt.euronews.com\/2026\/08\/12\/franca-mergulhos-para-o-mar-em-marselha-ganham-adeptos-apesar-do-risco\" rel=\"nofollow noopener\" target=\"_blank\">Marselha<\/a> e Estrasburgo s\u00e3o, para j\u00e1, as cidades com melhores hip\u00f3teses de observa\u00e7\u00e3o, gra\u00e7as \u00e0 menor cobertura de nuvens, embora possam registar chuva intensa ou trovoadas.<\/p>\n<p>Portugal: onde ver o eclipse parcial da Lua<\/p>\n<p>Quem, em Portugal, quiser acompanhar o eclipse parcial da Lua desde o in\u00edcio ter\u00e1 de madrugar: o fen\u00f3meno come\u00e7a \u00e0s 02h23 locais e termina \u00e0s 08h01.<\/p>\n<p><a href=\"https:\/\/pt.euronews.com\/2026\/08\/17\/de-paris-a-lisboa-melhores-e-piores-cidades-europeias-para-trabalhar-em-ferias\" rel=\"nofollow noopener\" target=\"_blank\">Lisboa<\/a> e Amadora t\u00eam, para j\u00e1, previs\u00e3o de c\u00e9u mais limpo, com Braga e Coimbra tamb\u00e9m com boas hip\u00f3teses.<\/p>\n<p>Alemanha: onde ver o eclipse parcial da Lua<\/p>\n<p>Na Alemanha, tal como no restante fuso hor\u00e1rio da hora de ver\u00e3o da Europa Central, o eclipse atinge o m\u00e1ximo \u00e0s 06h13. Nessa altura, no leste do pa\u00eds, a Lua j\u00e1 se ter\u00e1 posto e o Sol j\u00e1 ter\u00e1 nascido. O fen\u00f3meno come\u00e7a \u00e0s 04h33.<\/p>\n<p>No extremo oeste do pa\u00eds, por\u00e9m, os hor\u00e1rios de nascer e p\u00f4r do Sol e da Lua est\u00e3o atrasados em pouco mais de meia hora, o que permite ver uma maior parte do eclipse. A sa\u00edda da Lua da umbra, \u00e0s 07h53, ocorrer\u00e1, em qualquer caso, muito depois do nascer do Sol e do ocaso da Lua tal como vistos da Alemanha, segundo o centro Haus der Astronomie.<\/p>\n","protected":false},"excerpt":{"rendered":"Os europeus v\u00e3o poder observar um eclipse parcial da Lua \u201cmuito profundo\u201d \u00e0s primeiras horas de sexta-feira, 28&hellip;\n","protected":false},"author":2,"featured_media":500839,"comment_status":"","ping_status":"","sticky":false,"template":"","format":"standard","meta":{"footnotes":"","_share_on_mastodon":"0"},"categories":[84],"tags":[1305,109,107,108,1008,640,208,2179,32,33,105,103,104,106,110],"class_list":["post-500838","post","type-post","status-publish","format-standard","has-post-thumbnail","category-ciencia-e-tecnologia","tag-alemanha","tag-ciencia","tag-ciencia-e-tecnologia","tag-cienciaetecnologia","tag-espaco","tag-espanha","tag-franca","tag-lua","tag-portugal","tag-pt","tag-science","tag-science-and-technology","tag-scienceandtechnology","tag-technology","tag-tecnologia"],"share_on_mastodon":{"url":"https:\/\/pubeurope.com\/@pt\/117160261647885116","error":""},"_links":{"self":[{"href":"https:\/\/www.europesays.com\/pt\/wp-json\/wp\/v2\/posts\/500838","targetHints":{"allow":["GET"]}}],"collection":[{"href":"https:\/\/www.europesays.com\/pt\/wp-json\/wp\/v2\/posts"}],"about":[{"href":"https:\/\/www.europesays.com\/pt\/wp-json\/wp\/v2\/types\/post"}],"author":[{"embeddable":true,"href":"https:\/\/www.europesays.com\/pt\/wp-json\/wp\/v2\/users\/2"}],"replies":[{"embeddable":true,"href":"https:\/\/www.europesays.com\/pt\/wp-json\/wp\/v2\/comments?post=500838"}],"version-history":[{"count":0,"href":"https:\/\/www.europesays.com\/pt\/wp-json\/wp\/v2\/posts\/500838\/revisions"}],"wp:featuredmedia":[{"embeddable":true,"href":"https:\/\/www.europesays.com\/pt\/wp-json\/wp\/v2\/media\/500839"}],"wp:attachment":[{"href":"https:\/\/www.europesays.com\/pt\/wp-json\/wp\/v2\/media?parent=500838"}],"wp:term":[{"taxonomy":"category","embeddable":true,"href":"https:\/\/www.europesays.com\/pt\/wp-json\/wp\/v2\/categories?post=500838"},{"taxonomy":"post_tag","embeddable":true,"href":"https:\/\/www.europesays.com\/pt\/wp-json\/wp\/v2\/tags?post=500838"}],"curies":[{"name":"wp","href":"https:\/\/api.w.org\/{rel}","templated":true}]}}