{"id":50092,"date":"2025-08-29T12:54:07","date_gmt":"2025-08-29T12:54:07","guid":{"rendered":"https:\/\/www.europesays.com\/pt\/50092\/"},"modified":"2025-08-29T12:54:07","modified_gmt":"2025-08-29T12:54:07","slug":"avo-assume-responsabilidade-pai-de-ana-duarte-dispara-a-ricardinho-e-deixa-aviso","status":"publish","type":"post","link":"https:\/\/www.europesays.com\/pt\/50092\/","title":{"rendered":"Av\u00f4 assume responsabilidade! Pai de Ana Duarte &#8216;dispara&#8217; a Ricardinho e deixa aviso"},"content":{"rendered":"<p>A pol\u00e9mica em torno da presen\u00e7a da filha de Ana Duarte ter surgido na TVI, o pai de Ana Duarte reagiu na CMTV.<\/p>\n<p>Tranquilo, o av\u00f4 garantiu que tudo est\u00e1 a ser \u201cfeito \u00e0s claras\u201d e que n\u00e3o h\u00e1 qualquer motivo para esc\u00e2ndalo, mas primeiro falou da ida da neta \u00e0 TVI. <strong><a href=\"https:\/\/dioguinho.com\/explosivo-no-manha-cm-pai-de-ana-duarte-meio-que-desmente-cristina-ferreira-em-direto\/\" rel=\"nofollow noopener\" target=\"_blank\">Algo que poder\u00e1s ver tambem aqui<\/a><\/strong>.<\/p>\n<p><strong>\u201cO convite foi feito a mim e \u00e0 minha esposa. Acontece que eu tenho a minha neta, tenho a guarda dela, a Ana Duarte est\u00e1 conosco. Ora, como n\u00e3o tinha de a deixar a ningu\u00e9m, ela tem que andar connosco, visitar connosco. E ela aprovou-se para ir connosco e queria estar presente tamb\u00e9m\u201d,<\/strong> explicou, lembrando que a ida da menina foi natural.<\/p>\n<p>Ainda referiu que a equipa de produ\u00e7\u00e3o recebeu a crian\u00e7a de bra\u00e7os abertos:<strong> \u201cFomos para o est\u00fadio, fomos recebidos muito bem pela equipa. Lutaram nos microfones e entr\u00e1mos para o est\u00fadio, sent\u00e1mo-nos e fal\u00e1mos. Aqui n\u00e3o h\u00e1 problema nenhum.\u201d<\/strong><\/p>\n<p>Apontou o dedo \u00e0 s\u00fabita indigna\u00e7\u00e3o: \u201ca Riana, desde que come\u00e7aram as galas, s\u00f3 n\u00e3o foi a uma, porque esteve internada, e foi a \u00fanica vez. De resto, tem ido a todas. E ningu\u00e9m, ningu\u00e9m disse o que \u00e9 que aquela menina est\u00e1 ali a fazer, com a idade que tem. Agora, porque \u00e9 que est\u00e3o t\u00e3o preocupados, depois do pai da minha neta vir com um comunicado?<strong> O que \u00e9 que isto faz de mal? Se t\u00eam que responsabilizar algu\u00e9m, responsabilizem o av\u00f4. \u00c9 o av\u00f4 que est\u00e1 pela tutela desta menina. N\u00e3o estejam a culpar ningu\u00e9m<\/strong>.\u201d<\/p>\n<p>E garantiu, <strong>\u201cUma coisa \u00e9 certa: eu nunca vou proibir a minha neta, nunca o fiz, de ir a qualquer gala para apoiar a m\u00e3e. Fique bem claro<\/strong>.\u201d<\/p>\n<p>Sobre a rea\u00e7\u00e3o p\u00fablica de Ricardinho, o pai, o av\u00f4 mostrou surpresa: <strong>\u201cA rea\u00e7\u00e3o do Ricardinho est\u00e1 no direito de fazer o que quiser. Agora, eu fico surpreendido. Pessoal, atingiu a primeira gala, n\u00e3o ouviu na televis\u00e3o? N\u00e3o reagiu. Porqu\u00ea que n\u00e3o reage agora? Que reaja, que fa\u00e7a como quiser. A menina est\u00e1 ao p\u00e9 de mim, tem vontade de vir \u00e0quela gala, vir a ver a m\u00e3e e apoiar a m\u00e3e. Vou lev\u00e1-la as vezes que for preciso. Enquanto ela estiver no s\u00edtio onde est\u00e1, vou levar a minha neta a todas as galas.\u201d<\/strong><\/p>\n","protected":false},"excerpt":{"rendered":"A pol\u00e9mica em torno da presen\u00e7a da filha de Ana Duarte ter surgido na TVI, o pai de&hellip;\n","protected":false},"author":2,"featured_media":50093,"comment_status":"","ping_status":"","sticky":false,"template":"","format":"standard","meta":{"footnotes":""},"categories":[142],"tags":[340,114,115,14706,14707,32,33,151],"class_list":{"0":"post-50092","1":"post","2":"type-post","3":"status-publish","4":"format-standard","5":"has-post-thumbnail","7":"category-tv","8":"tag-ana-duarte","9":"tag-entertainment","10":"tag-entretenimento","11":"tag-manhu00e3-cm","12":"tag-pai-de-ana-duarte","13":"tag-portugal","14":"tag-pt","15":"tag-tv"},"share_on_mastodon":{"url":"","error":""},"_links":{"self":[{"href":"https:\/\/www.europesays.com\/pt\/wp-json\/wp\/v2\/posts\/50092","targetHints":{"allow":["GET"]}}],"collection":[{"href":"https:\/\/www.europesays.com\/pt\/wp-json\/wp\/v2\/posts"}],"about":[{"href":"https:\/\/www.europesays.com\/pt\/wp-json\/wp\/v2\/types\/post"}],"author":[{"embeddable":true,"href":"https:\/\/www.europesays.com\/pt\/wp-json\/wp\/v2\/users\/2"}],"replies":[{"embeddable":true,"href":"https:\/\/www.europesays.com\/pt\/wp-json\/wp\/v2\/comments?post=50092"}],"version-history":[{"count":0,"href":"https:\/\/www.europesays.com\/pt\/wp-json\/wp\/v2\/posts\/50092\/revisions"}],"wp:featuredmedia":[{"embeddable":true,"href":"https:\/\/www.europesays.com\/pt\/wp-json\/wp\/v2\/media\/50093"}],"wp:attachment":[{"href":"https:\/\/www.europesays.com\/pt\/wp-json\/wp\/v2\/media?parent=50092"}],"wp:term":[{"taxonomy":"category","embeddable":true,"href":"https:\/\/www.europesays.com\/pt\/wp-json\/wp\/v2\/categories?post=50092"},{"taxonomy":"post_tag","embeddable":true,"href":"https:\/\/www.europesays.com\/pt\/wp-json\/wp\/v2\/tags?post=50092"}],"curies":[{"name":"wp","href":"https:\/\/api.w.org\/{rel}","templated":true}]}}