{"id":501016,"date":"2026-08-26T09:41:25","date_gmt":"2026-08-26T09:41:25","guid":{"rendered":"https:\/\/www.europesays.com\/pt\/501016\/"},"modified":"2026-08-26T09:41:25","modified_gmt":"2026-08-26T09:41:25","slug":"guterres-esta-na-hora-das-superpotencias-perceberem-os-limites-dos-seus-poderes-mundo","status":"publish","type":"post","link":"https:\/\/www.europesays.com\/pt\/501016\/","title":{"rendered":"Guterres: &#8220;Est\u00e1 na hora das superpot\u00eancias perceberem os limites dos seus poderes&#8221; &#8211; Mundo"},"content":{"rendered":"<p class=\"\">&#13;<br \/>\n        Um conflito duradouro no Ir\u00e3o e uma invas\u00e3o da R\u00fassia \u00e0 Ucr\u00e2nia que dura h\u00e1 mais de quatro anos vieram expor uma nova tend\u00eancia na geopol\u00edtica mundial: <b>o poder das superpot\u00eancias n\u00e3o \u00e9 absoluto.<\/b> Quem o diz \u00e9 Ant\u00f3nio Guterres, secret\u00e1rio-geral da Organiza\u00e7\u00e3o das Na\u00e7\u00f5es Unidas (ONU), em entrevista ao jornal brit\u00e2nico <a href=\"https:\/\/www.ft.com\/content\/5d54c148-861e-45f3-b867-821705c212a7?syn-25a6b1a6=1\" target=\"_blank\" rel=\"tag nofollow noopener\">Financial Times<\/a>.\u00a0&#13;\n    <\/p>\n","protected":false},"excerpt":{"rendered":"&#13; Um conflito duradouro no Ir\u00e3o e uma invas\u00e3o da R\u00fassia \u00e0 Ucr\u00e2nia que dura h\u00e1 mais de&hellip;\n","protected":false},"author":2,"featured_media":501017,"comment_status":"","ping_status":"","sticky":false,"template":"","format":"standard","meta":{"footnotes":"","_share_on_mastodon":"0"},"categories":[50],"tags":[5465,80288,27,28,413,15,16,14,25,26,21,22,62,12,13,19,20,910,41817,26944,23,24,839,17,18,840,29,30,31,63,64,65],"class_list":["post-501016","post","type-post","status-publish","format-standard","has-post-thumbnail","category-mundo","tag-antonio-guterres","tag-board-of-peace","tag-breaking-news","tag-breakingnews","tag-eua","tag-featured-news","tag-featurednews","tag-headlines","tag-latest-news","tag-latestnews","tag-main-news","tag-mainnews","tag-mundo","tag-news","tag-noticias","tag-noticias-principais","tag-noticiasprincipais","tag-onu","tag-organizacao-das-nacoes-unidas","tag-presidente-dos-eua","tag-principais-noticias","tag-principaisnoticias","tag-russia","tag-top-stories","tag-topstories","tag-ucrania","tag-ultimas","tag-ultimas-noticias","tag-ultimasnoticias","tag-world","tag-world-news","tag-worldnews"],"share_on_mastodon":{"url":"","error":"Validation failed: Text character limit of 500 exceeded"},"_links":{"self":[{"href":"https:\/\/www.europesays.com\/pt\/wp-json\/wp\/v2\/posts\/501016","targetHints":{"allow":["GET"]}}],"collection":[{"href":"https:\/\/www.europesays.com\/pt\/wp-json\/wp\/v2\/posts"}],"about":[{"href":"https:\/\/www.europesays.com\/pt\/wp-json\/wp\/v2\/types\/post"}],"author":[{"embeddable":true,"href":"https:\/\/www.europesays.com\/pt\/wp-json\/wp\/v2\/users\/2"}],"replies":[{"embeddable":true,"href":"https:\/\/www.europesays.com\/pt\/wp-json\/wp\/v2\/comments?post=501016"}],"version-history":[{"count":0,"href":"https:\/\/www.europesays.com\/pt\/wp-json\/wp\/v2\/posts\/501016\/revisions"}],"wp:featuredmedia":[{"embeddable":true,"href":"https:\/\/www.europesays.com\/pt\/wp-json\/wp\/v2\/media\/501017"}],"wp:attachment":[{"href":"https:\/\/www.europesays.com\/pt\/wp-json\/wp\/v2\/media?parent=501016"}],"wp:term":[{"taxonomy":"category","embeddable":true,"href":"https:\/\/www.europesays.com\/pt\/wp-json\/wp\/v2\/categories?post=501016"},{"taxonomy":"post_tag","embeddable":true,"href":"https:\/\/www.europesays.com\/pt\/wp-json\/wp\/v2\/tags?post=501016"}],"curies":[{"name":"wp","href":"https:\/\/api.w.org\/{rel}","templated":true}]}}