{"id":501112,"date":"2026-08-26T11:28:24","date_gmt":"2026-08-26T11:28:24","guid":{"rendered":"https:\/\/www.europesays.com\/pt\/501112\/"},"modified":"2026-08-26T11:28:24","modified_gmt":"2026-08-26T11:28:24","slug":"a-historia-do-som-o-que-ver-na-tv-e-no-streaming-hoje-26-08-2026-ilustrada","status":"publish","type":"post","link":"https:\/\/www.europesays.com\/pt\/501112\/","title":{"rendered":"&#8216;A Hist\u00f3ria do Som&#8217;: o que ver na TV e no streaming hoje &#8211; 26\/08\/2026 &#8211; Ilustrada"},"content":{"rendered":"<p>Num novo especial que satiriza &#8220;<a href=\"https:\/\/f5.folha.uol.com.br\/cinema-e-series\/2025\/04\/black-mirror-aponta-a-mira-para-streamings-e-faz-satira-de-plataformas-na-setima-temporada.shtml\" rel=\"nofollow noopener\" target=\"\">Black Mirror<\/a>&#8220;, os Simpsons vivem hist\u00f3rias curiosas e bizarras em &#8220;Yellow Mirror: A Realidade Paralela de Homer&#8221;. Na primeira, uma l\u00e2mpada defeituosa leva Homer Simpson a confrontar uma verdade devastadora sobre o mundo que achava que conhecia. Na segunda, um tablet com intelig\u00eancia artificial conquista a confian\u00e7a de Maggie e passa a controlar a beb\u00ea. Demi Moore e Patti Harrison participam no original em ingl\u00eas.<\/p>\n<p><strong>Onde ver:<\/strong> Disney+, 12 anos<\/p>\n<p>Relatos de um Assassino<\/p>\n<p><strong>Onde ver:<\/strong> HBO Max, 14 anos<\/p>\n<p>A produ\u00e7\u00e3o sul-coreana conta a hist\u00f3ria de Yeong Hoon, um serial killer que assassinou 11 pessoas e resolveu dar uma entrevista exclusiva a Seon Joo, uma jornalista veterana que passa por uma crise profissional, e pode salvar a pr\u00f3xima v\u00edtima.<\/p>\n<p>Projeto K-Pop<\/p>\n<p><strong>Onde ver:<\/strong> Globoplay, 10 anos<\/p>\n<p>Hannah Shin sonha em se tornar uma estrela do k-pop. Ap\u00f3s aceitar um trabalho como tutora de ingl\u00eas numa ag\u00eancia de entretenimento em Seul, ela tem a oportunidade que tanto desejava, mas tem de encarar a vida num mercado competitivo.<\/p>\n<p>A Hist\u00f3ria do Som<\/p>\n<p><strong>Onde ver:<\/strong> Prime Video, 14 anos<\/p>\n<p>Durante e ap\u00f3s a Primeira Guerra, dois jovens se conhecem num conservat\u00f3rio de m\u00fasica e percorrem o interior do pa\u00eds registrando can\u00e7\u00f5es. Ao longo do caminho, desenvolvem uma rela\u00e7\u00e3o \u00edntima marcada por transforma\u00e7\u00f5es pessoais. Estrelado por Paul Mescal e Josh O\u2019Connor, o filme tem dire\u00e7\u00e3o de Oliver Hermanus.<\/p>\n<p>Banquete Coutinho<\/p>\n<p><strong>Onde ver:<\/strong> Reserva Imovision, 12 anos<\/p>\n<p>A partir de um encontro com o documentarista Eduardo Coutinho em 2012 e de um vasto acervo de imagens, o diretor Josaf\u00e1 Veloso analisa a obra do cineasta como se fosse um filme s\u00f3, retratando a complexidade da mente por tr\u00e1s de obras como &#8220;Jogo de Cena&#8221;, &#8220;Edif\u00edcio Master&#8221; e &#8220;Cabra Marcado para Morrer&#8221;.<\/p>\n<p>Flamin\u2019 Hot: O Sabor que Mudou a Hist\u00f3ria<\/p>\n<p><strong>Onde ver:<\/strong> TV Globo, 15h20, 14 anos<\/p>\n<p>A hist\u00f3ria real de Richard Monta\u00f1ez, zelador da Frito-Lay que usou suas ra\u00edzes mexicano-americanas para criar o salgadinho Cheetos vers\u00e3o superpicante e mudar sua vida. Dirigido por Eva Longoria, o filme conta como seu empreendedorismo se tornou um grande fen\u00f4meno da cultura pop.<\/p>\n<p>O Cinema das Mulheres<\/p>\n<p><strong>Onde ver:<\/strong> Curta!, 22h20, livre<\/p>\n<p>Document\u00e1rio de Vanessa de Ara\u00fajo Souza revela sonhos, desafios e vit\u00f3rias de figuras do audiovisual. Entre elas, est\u00e3o Carmen Miranda, Helena Solberg, Ana Maria Magalh\u00e3es, Leila Diniz, Sonia Braga e Ruth de Souza.<\/p>\n","protected":false},"excerpt":{"rendered":"Num novo especial que satiriza &#8220;Black Mirror&#8220;, os Simpsons vivem hist\u00f3rias curiosas e bizarras em &#8220;Yellow Mirror: A&hellip;\n","protected":false},"author":2,"featured_media":501113,"comment_status":"","ping_status":"","sticky":false,"template":"","format":"standard","meta":{"footnotes":"","_share_on_mastodon":"0"},"categories":[142],"tags":[470,114,115,236,32,33,941,940,218,151,600],"class_list":["post-501112","post","type-post","status-publish","format-standard","has-post-thumbnail","category-tv","tag-cinema","tag-entertainment","tag-entretenimento","tag-folha","tag-portugal","tag-pt","tag-series","tag-streaming","tag-televisao","tag-tv","tag-veja-video"],"share_on_mastodon":{"url":"https:\/\/pubeurope.com\/@pt\/117161577879969148","error":""},"_links":{"self":[{"href":"https:\/\/www.europesays.com\/pt\/wp-json\/wp\/v2\/posts\/501112","targetHints":{"allow":["GET"]}}],"collection":[{"href":"https:\/\/www.europesays.com\/pt\/wp-json\/wp\/v2\/posts"}],"about":[{"href":"https:\/\/www.europesays.com\/pt\/wp-json\/wp\/v2\/types\/post"}],"author":[{"embeddable":true,"href":"https:\/\/www.europesays.com\/pt\/wp-json\/wp\/v2\/users\/2"}],"replies":[{"embeddable":true,"href":"https:\/\/www.europesays.com\/pt\/wp-json\/wp\/v2\/comments?post=501112"}],"version-history":[{"count":0,"href":"https:\/\/www.europesays.com\/pt\/wp-json\/wp\/v2\/posts\/501112\/revisions"}],"wp:featuredmedia":[{"embeddable":true,"href":"https:\/\/www.europesays.com\/pt\/wp-json\/wp\/v2\/media\/501113"}],"wp:attachment":[{"href":"https:\/\/www.europesays.com\/pt\/wp-json\/wp\/v2\/media?parent=501112"}],"wp:term":[{"taxonomy":"category","embeddable":true,"href":"https:\/\/www.europesays.com\/pt\/wp-json\/wp\/v2\/categories?post=501112"},{"taxonomy":"post_tag","embeddable":true,"href":"https:\/\/www.europesays.com\/pt\/wp-json\/wp\/v2\/tags?post=501112"}],"curies":[{"name":"wp","href":"https:\/\/api.w.org\/{rel}","templated":true}]}}