{"id":501190,"date":"2026-08-26T12:47:29","date_gmt":"2026-08-26T12:47:29","guid":{"rendered":"https:\/\/www.europesays.com\/pt\/501190\/"},"modified":"2026-08-26T12:47:29","modified_gmt":"2026-08-26T12:47:29","slug":"basta-como-o-cerco-a-infantino-continua-a-apertar-observador","status":"publish","type":"post","link":"https:\/\/www.europesays.com\/pt\/501190\/","title":{"rendered":"&#8220;Basta!&#8221;: como o cerco a Infantino continua a apertar \u2013 Observador"},"content":{"rendered":"<p>Mika\u00ebl Silvestre, Emmanuel Petit, David James e a atleta Lucy Bronze s\u00e3o quatro nomes que nunca partilharam o mesmo balne\u00e1rio. Desta vez, tinham algo para partilhar \u2013 em ambos os sentidos da palavra. Uma vis\u00e3o, um desagrado e a ideia de que o tempo para Gianni Infantino estar \u00e0 frente da FIFA chegou ao fim. <strong>Sob o lema \u201cBasta!\u201d,<\/strong> um grupo de antigos e atuais jogadores publicou nas redes sociais uma declara\u00e7\u00e3o de contesta\u00e7\u00e3o \u00e0 lideran\u00e7a de Gianni Infantino na FIFA \u2013 com Silvestre a iniciar a publica\u00e7\u00e3o na rede X. O documento tem um peso particular: v\u00e1rios dos signat\u00e1rios desempenharam fun\u00e7\u00f5es como embaixadores da FIFA no programa \u201cFIFA Legends\u201d, e Silvestre integra o Players\u2019 Voice Panel da organiza\u00e7\u00e3o, um painel de 16 membros criado para aconselhar em iniciativas contra o racismo.<\/p>\n<p>A lista de signat\u00e1rios <strong>vai al\u00e9m dos quatro nomes que abriram o manifesto.<\/strong> Robert Pir\u00e8s, campe\u00e3o do mundo com Fran\u00e7a em 1998, juntou-se a Petit no comunicado, tal como Didier Drogba, Juan Sebasti\u00e1n Ver\u00f3n, Emmanuel Adebayor e Claudio Pizarro.<\/p>\n<p>No comunicado, os jogadores dizem partilhar das preocupa\u00e7\u00f5es de \u201cmilh\u00f5es de adeptos pelo mundo\u201d, observando um futebol \u201cque se est\u00e1 a afastar dos seus valores fundamentais\u201d sob a atual gest\u00e3o. <strong>Criticam a tomada de grandes decis\u00f5es de forma unilateral<\/strong>, \u201csem que os jogadores fossem consultados ou considerados\u201d e sem qualquer respeito pelos adeptos que sustentam o desporto. Declaram que \u201ca mudan\u00e7a \u00e9 necess\u00e1ria\u201d, argumentando que o poder obscureceu a capacidade da lideran\u00e7a da FIFA de distinguir entre os seus pr\u00f3prios interesses e o que \u00e9 melhor para o desporto. E apelam a uma \u201cmudan\u00e7a estrutural\u201d que d\u00ea voz real a jogadores e adeptos na gest\u00e3o do futebol.<\/p>\n<blockquote class=\"twitter-tweet\" data-width=\"500\" data-dnt=\"true\">\n<p lang=\"en\" dir=\"ltr\">Enough is Enough ! <a href=\"https:\/\/t.co\/86YKFQbCZx\" rel=\"nofollow\">pic.twitter.com\/86YKFQbCZx<\/a><\/p>\n<p>\u2014 Mikael Silvestre (@IamMSilvestre) <a href=\"https:\/\/x.com\/IamMSilvestre\/status\/2091893184343245133?ref_src=twsrc%5Etfw\" rel=\"nofollow\">August 24, 2026<\/a><\/p>\n<\/blockquote>\n<p>\u201cComo jogadores, o futebol deu-nos tudo, e n\u00f3s dedic\u00e1mos as nossas vidas a ele. Entre n\u00f3s, jog\u00e1mos nos seus maiores palcos e vestimos as nossas camisolas nacionais com orgulho. Mas sabemos que nenhuma das nossas conquistas teria sido poss\u00edvel sem os adeptos, cuja paix\u00e3o e dedica\u00e7\u00e3o s\u00e3o a base deste desporto. Partilhamos exatamente as mesmas preocupa\u00e7\u00f5es que os milh\u00f5es de adeptos em todo o mundo. Tal como eles, <strong>temos visto o desporto que amamos afastar-se dos seus valores fundamentais<\/strong> sob a atual lideran\u00e7a da FIFA\u201d, l\u00ea-se no comunicado.<\/p>\n<p>\u201cH\u00e1 j\u00e1 demasiado tempo que assistimos a decis\u00f5es importantes a serem tomadas sem que os jogadores sejam consultados ou tidos em conta, e sem qualquer considera\u00e7\u00e3o pelos adeptos que sustentam este desporto. \u00c9 necess\u00e1ria uma mudan\u00e7a. O poder obscureceu a capacidade da atual lideran\u00e7a de distinguir entre os seus pr\u00f3prios interesses e o que \u00e9 melhor para o futebol. Os acontecimentos recentes tornaram o sil\u00eancio imposs\u00edvel. Basta\u201d, acrescentam.<\/p>\n<p>O contexto em que este manifesto surge n\u00e3o pode ser ignorado. A FIFA anunciou em julho a cria\u00e7\u00e3o de uma nova empresa comercial, denominada FIFA Forward Enterprise (FFE), atrav\u00e9s da qual pretendia <strong>captar at\u00e9 4,2 mil milh\u00f5es de d\u00f3lares junto de investidores privados<\/strong>, numa opera\u00e7\u00e3o que avaliava a empresa em cerca de 20 mil milh\u00f5es de d\u00f3lares e que venderia participa\u00e7\u00f5es privadas no Campeonato do Mundo.<\/p>\n<blockquote class=\"wp-embedded-content\" data-secret=\"C3pmoeZE3O\">\n<p><a href=\"https:\/\/observador.pt\/2026\/07\/28\/o-novo-projeto-de-gianni-infantino-vender-o-mundial-e-com-familiar-de-trump-entre-os-interessados\/\" rel=\"nofollow noopener\" target=\"_blank\">O novo projeto de Gianni Infantino: \u201cvender\u201d o Mundial (e com familiar de Trump entre os interessados)<\/a><\/p>\n<\/blockquote>\n<p>A rea\u00e7\u00e3o foi imediata e devastadora: <strong>a UEFA foi a principal opositora<\/strong> e chegou a anunciar que as suas 55 associa\u00e7\u00f5es n\u00e3o participariam nas competi\u00e7\u00f5es da FIFA enquanto o plano permanecesse em discuss\u00e3o. A Concacaf e a AFC tamb\u00e9m manifestaram resist\u00eancia. O projeto<a href=\"https:\/\/observador.pt\/2026\/08\/01\/o-projeto-megalomano-da-fifa-durou-pouco-mais-do-que-a-superliga-europeia-72-horas-depois-infantino-volta-atras\/\" rel=\"nofollow noopener\" target=\"_blank\"> durou 72 horas<\/a>. Infantino acabou por recuar, ap\u00f3s a proposta provocar oposi\u00e7\u00e3o de confedera\u00e7\u00f5es e amea\u00e7a de boicote da UEFA aos torneios da organiza\u00e7\u00e3o. Mas o recuo n\u00e3o apagou o rasto.<\/p>\n<blockquote class=\"wp-embedded-content\" data-secret=\"LsgCGYq82p\">\n<p><a href=\"https:\/\/observador.pt\/2026\/08\/01\/o-projeto-megalomano-da-fifa-durou-pouco-mais-do-que-a-superliga-europeia-72-horas-depois-infantino-volta-atras\/\" rel=\"nofollow noopener\" target=\"_blank\">O projeto megal\u00f3mano da FIFA durou pouco mais do que a Superliga Europeia: 72 horas depois, Infantino volta atr\u00e1s<\/a><\/p>\n<\/blockquote>\n<p>\u201cApelamos a todas as partes interessadas para <strong>que se mobilizem e ajudem a redefinir o futuro do nosso desporto<\/strong>. Este \u00e9 um apelo que nos une a todos, desde as bases at\u00e9 ao topo do desporto. Existem pessoas de bem na FIFA que querem restabelecer a confian\u00e7a, mas uma nova era exige uma mudan\u00e7a estrutural: uma participa\u00e7\u00e3o real e direta dos jogadores e dos adeptos na forma como o futebol \u00e9 gerido.<br \/>Aqueles que entram em campo e aqueles que se sentam nas bancadas merecem ter uma voz genu\u00edna para ajudar a remodelar, em conjunto, o futuro do futebol\u201d, defendem os jogadores na nota, antes de garantirem que \u201cn\u00e3o vai haver mais sil\u00eancio\u201d.<\/p>\n<p>Nem todos os antigos jogadores alinham na contesta\u00e7\u00e3o. Samuel Eto\u2019o, campe\u00e3o africano com o Barcelona e atualmente presidente da Federa\u00e7\u00e3o Camaronesa de Futebol, demarcou-se e saiu em defesa de Infantino: afirmou \u00e0 <a href=\"https:\/\/edition.cnn.com\/2026\/08\/24\/sport\/etoo-gianni-infantino-fifa\" rel=\"nofollow noopener\" target=\"_blank\">CNN<\/a> que <strong>o atual presidente n\u00e3o cometeu \u201cqualquer erro ou passo em falso\u201d<\/strong> e que a pol\u00e9mica se deve unicamente \u00e0 proximidade das elei\u00e7\u00f5es presidenciais de mar\u00e7o de 2027. Eto\u2019o apelou ainda a que os presidentes de federa\u00e7\u00f5es analisem novamente o projeto FIFA Forward Enterprise \u2013 o plano que est\u00e1 no centro da crise \u2013, esperando que, ap\u00f3s a reelei\u00e7\u00e3o de Infantino, o plano seja reintroduzido para vota\u00e7\u00e3o. O argumento do antigo avan\u00e7ado \u00e9 direto: o <strong>financiamento do FFE seria \u201cincr\u00edvel\u201d para o continente africano<\/strong>, ajudando a evitar que as na\u00e7\u00f5es africanas continuem a perder os seus jovens talentos para sele\u00e7\u00f5es de outros continentes.<\/p>\n<blockquote class=\"twitter-tweet\" data-width=\"500\" data-dnt=\"true\">\n<p lang=\"en\" dir=\"ltr\">\u201cI don\u2019t think that President Gianni Infantino has done anything wrong.&#8221;<\/p>\n<p>In an exclusive interview with <a href=\"https:\/\/x.com\/AmandaDCNN?ref_src=twsrc%5Etfw\" rel=\"nofollow\">@AmandaDCNN<\/a>, President of the Cameroonian Football Federation and famed former player <a href=\"https:\/\/x.com\/SamuelEtoo?ref_src=twsrc%5Etfw\" rel=\"nofollow\">@SamuelEtoo<\/a> shares his support for FIFA President Gianni Infantino. <a href=\"https:\/\/t.co\/xwzRt76RvR\" rel=\"nofollow\">pic.twitter.com\/xwzRt76RvR<\/a><\/p>\n<p>\u2014 CNN International PR (@cnnipr) <a href=\"https:\/\/x.com\/cnnipr\/status\/2091872791112864236?ref_src=twsrc%5Etfw\" rel=\"nofollow\">August 24, 2026<\/a><\/p>\n<\/blockquote>\n<p>O comunicado dos jogadores surge na sequ\u00eancia das declara\u00e7\u00f5es proferidas esta segunda-feira por Aleksander \u00c7eferin, presidente da UEFA, no podcast brit\u00e2nico <a href=\"https:\/\/open.spotify.com\/episode\/73tkWzDDiroiNB3jvI93yn?go=1&amp;utm_source=Original_Original&amp;utm_medium=Original&amp;utm_content=6325d786-55ec-479e-8920-19ef13b5e358_none_none_none_none_none_20240523_https%3A%2F%2Fwww.bbc.com%2F_goalhanger-podcasts_GB_lnk.to%2Fleading&amp;nd=1&amp;dlsi=0c2110bec97049c2\" rel=\"nofollow noopener\" target=\"_blank\">Rest is Politics<\/a>. O dirigente esloveno pediu publicamente a demiss\u00e3o de Infantino e avisou que, caso ele n\u00e3o renuncie, ter\u00e1 um advers\u00e1rio nas elei\u00e7\u00f5es de 2027 \u2013 embora \u00c7eferin tenha afastado categoricamente a sua pr\u00f3pria candidatura, por dois motivos: por um lado, adora o trabalho que faz na UEFA; por outro, considera que a sua credibilidade na contesta\u00e7\u00e3o \u00e9 muito maior se n\u00e3o tiver interesse pessoal no cargo. \u00c7eferin classificou o projeto FFE como \u201cpior at\u00e9 do que a Superliga\u201d, argumentando que, enquanto nesse caso alguns clubes queriam criar uma liga nova, no projeto FFE \u201c<strong>o futebol seria literalmente vendido\u201d<\/strong>. O presidente da UEFA revelou ainda que n\u00e3o tem estado em contacto com Infantino desde que o esc\u00e2ndalo eclodiu.<\/p>\n<p>Infantino, presidente da FIFA desde 2016, \u00e9 neste momento o <strong>\u00fanico candidato \u00e0s elei\u00e7\u00f5es de mar\u00e7o de 2027<\/strong>, em Marrocos, e a data limite para a apresenta\u00e7\u00e3o de candidaturas est\u00e1 marcada para <strong>18 de novembro. At\u00e9<\/strong> \u00e0 semana passada, a reelei\u00e7\u00e3o parecia garantida. Hoje, \u00c7eferin afirma que, caso Infantino se candidate, ter\u00e1 um advers\u00e1rio \u2013 embora ainda n\u00e3o saiba quem.<\/p>\n<p>            <script async src=\"https:\/\/platform.twitter.com\/widgets.js\" charset=\"utf-8\"><\/script><\/p>\n","protected":false},"excerpt":{"rendered":"Mika\u00ebl Silvestre, Emmanuel Petit, David James e a atleta Lucy Bronze s\u00e3o quatro nomes que nunca partilharam o&hellip;\n","protected":false},"author":2,"featured_media":501191,"comment_status":"","ping_status":"","sticky":false,"template":"","format":"standard","meta":{"footnotes":"","_share_on_mastodon":"0"},"categories":[87],"tags":[135,2698,524,32,33,134],"class_list":["post-501190","post","type-post","status-publish","format-standard","has-post-thumbnail","category-desporto","tag-desporto","tag-fifa","tag-futebol","tag-portugal","tag-pt","tag-sports"],"share_on_mastodon":{"url":"https:\/\/pubeurope.com\/@pt\/117161888880421405","error":""},"_links":{"self":[{"href":"https:\/\/www.europesays.com\/pt\/wp-json\/wp\/v2\/posts\/501190","targetHints":{"allow":["GET"]}}],"collection":[{"href":"https:\/\/www.europesays.com\/pt\/wp-json\/wp\/v2\/posts"}],"about":[{"href":"https:\/\/www.europesays.com\/pt\/wp-json\/wp\/v2\/types\/post"}],"author":[{"embeddable":true,"href":"https:\/\/www.europesays.com\/pt\/wp-json\/wp\/v2\/users\/2"}],"replies":[{"embeddable":true,"href":"https:\/\/www.europesays.com\/pt\/wp-json\/wp\/v2\/comments?post=501190"}],"version-history":[{"count":0,"href":"https:\/\/www.europesays.com\/pt\/wp-json\/wp\/v2\/posts\/501190\/revisions"}],"wp:featuredmedia":[{"embeddable":true,"href":"https:\/\/www.europesays.com\/pt\/wp-json\/wp\/v2\/media\/501191"}],"wp:attachment":[{"href":"https:\/\/www.europesays.com\/pt\/wp-json\/wp\/v2\/media?parent=501190"}],"wp:term":[{"taxonomy":"category","embeddable":true,"href":"https:\/\/www.europesays.com\/pt\/wp-json\/wp\/v2\/categories?post=501190"},{"taxonomy":"post_tag","embeddable":true,"href":"https:\/\/www.europesays.com\/pt\/wp-json\/wp\/v2\/tags?post=501190"}],"curies":[{"name":"wp","href":"https:\/\/api.w.org\/{rel}","templated":true}]}}