{"id":501226,"date":"2026-08-26T13:18:17","date_gmt":"2026-08-26T13:18:17","guid":{"rendered":"https:\/\/www.europesays.com\/pt\/501226\/"},"modified":"2026-08-26T13:18:17","modified_gmt":"2026-08-26T13:18:17","slug":"crise-de-panico-o-que-explica-a-sensacao-de-perigo-relatada-por-marcelo-serrado","status":"publish","type":"post","link":"https:\/\/www.europesays.com\/pt\/501226\/","title":{"rendered":"Crise de p\u00e2nico: o que explica a sensa\u00e7\u00e3o de perigo relatada por Marcelo Serrado"},"content":{"rendered":"\n<p class=\" content-text__container theme-color-primary-first-letter\" data-track-category=\"Link no Texto\" data-track-links=\"\"> <strong>Marcelo Serrado<\/strong> j\u00e1 falou publicamente sobre um per\u00edodo marcado por crises de ansiedade e p\u00e2nico. O ator relatou epis\u00f3dios em diferentes momentos, inclusive durante uma viagem com a fam\u00edlia para Orlando, nos Estados Unidos, quando chegou a interpretar as sensa\u00e7\u00f5es que sentia como sinais de que estava diante de uma situa\u00e7\u00e3o de risco. Em outro epis\u00f3dio, ocorrido durante a pandemia, tamb\u00e9m precisou lidar com os efeitos f\u00edsicos e emocionais da ansiedade. <\/p>\n<p class=\" content-text__container \" data-track-category=\"Link no Texto\" data-track-links=\"\"> Em uma dessas situa\u00e7\u00f5es, Marcelo contou que sentiu uma forte agonia durante um voo e teve pensamentos catastr\u00f3ficos, que acabaram intensificando o desconforto. Ele tamb\u00e9m disse que procurou ajuda profissional e fez tratamento com terapia e medicamentos. <\/p>\n<p class=\" content-text__container \" data-track-category=\"Link no Texto\" data-track-links=\"\"> &#8220;Acabei tendo uma crise de p\u00e2nico e ansiedade, e n\u00e3o sabia o que era. Achei que fosse morrer e que estava tendo um tro\u00e7o&#8221;, afirmou em entrevista ao &#8220;Gshow&#8221;. <\/p>\n","protected":false},"excerpt":{"rendered":"Marcelo Serrado j\u00e1 falou publicamente sobre um per\u00edodo marcado por crises de ansiedade e p\u00e2nico. O ator relatou&hellip;\n","protected":false},"author":2,"featured_media":501227,"comment_status":"","ping_status":"","sticky":false,"template":"","format":"standard","meta":{"footnotes":"","_share_on_mastodon":"0"},"categories":[86],"tags":[319,116,32,33,318,117],"class_list":["post-501226","post","type-post","status-publish","format-standard","has-post-thumbnail","category-saude","tag-hard-news","tag-health","tag-portugal","tag-pt","tag-radar","tag-saude"],"share_on_mastodon":{"url":"https:\/\/pubeurope.com\/@pt\/117162010814494195","error":""},"_links":{"self":[{"href":"https:\/\/www.europesays.com\/pt\/wp-json\/wp\/v2\/posts\/501226","targetHints":{"allow":["GET"]}}],"collection":[{"href":"https:\/\/www.europesays.com\/pt\/wp-json\/wp\/v2\/posts"}],"about":[{"href":"https:\/\/www.europesays.com\/pt\/wp-json\/wp\/v2\/types\/post"}],"author":[{"embeddable":true,"href":"https:\/\/www.europesays.com\/pt\/wp-json\/wp\/v2\/users\/2"}],"replies":[{"embeddable":true,"href":"https:\/\/www.europesays.com\/pt\/wp-json\/wp\/v2\/comments?post=501226"}],"version-history":[{"count":0,"href":"https:\/\/www.europesays.com\/pt\/wp-json\/wp\/v2\/posts\/501226\/revisions"}],"wp:featuredmedia":[{"embeddable":true,"href":"https:\/\/www.europesays.com\/pt\/wp-json\/wp\/v2\/media\/501227"}],"wp:attachment":[{"href":"https:\/\/www.europesays.com\/pt\/wp-json\/wp\/v2\/media?parent=501226"}],"wp:term":[{"taxonomy":"category","embeddable":true,"href":"https:\/\/www.europesays.com\/pt\/wp-json\/wp\/v2\/categories?post=501226"},{"taxonomy":"post_tag","embeddable":true,"href":"https:\/\/www.europesays.com\/pt\/wp-json\/wp\/v2\/tags?post=501226"}],"curies":[{"name":"wp","href":"https:\/\/api.w.org\/{rel}","templated":true}]}}