{"id":501270,"date":"2026-08-26T14:09:17","date_gmt":"2026-08-26T14:09:17","guid":{"rendered":"https:\/\/www.europesays.com\/pt\/501270\/"},"modified":"2026-08-26T14:09:17","modified_gmt":"2026-08-26T14:09:17","slug":"de-trump-aos-marretas-as-reacoes-a-morte-de-dolly-parton-observador","status":"publish","type":"post","link":"https:\/\/www.europesays.com\/pt\/501270\/","title":{"rendered":"De Trump aos Marretas: as rea\u00e7\u00f5es \u00e0 morte de Dolly Parton \u2013 Observador"},"content":{"rendered":"<p>Na rede social X, Barack Obama admitiu que \u201c\u00e9 dif\u00edcil pensar em muitas pessoas com um impacto maior do que Dolly Parton\u201d. \u201cNasceu numa cabana e ganhou 11 Grammys e um Emmy, construiu um imp\u00e9rio de neg\u00f3cios, ajudou milh\u00f5es de crian\u00e7as a ler, e \u2014 como se n\u00e3o fosse suficiente \u2014 ajudou a acelerar a pesquisa que conduziu \u00e0 produ\u00e7\u00e3o da vacina Moderna contra a Covid-19.\u201d<\/p>\n<p>\u201cQue vida\u201d, concluiu o antigo Presidente dos EUA. \u201cEu e a Michelle pensamos na fam\u00edlia da Dolly e nos seus in\u00fameros f\u00e3s.\u201d<\/p>\n<blockquote class=\"twitter-tweet\" data-width=\"500\" data-dnt=\"true\">\n<p lang=\"en\" dir=\"ltr\">It\u2019s hard to imagine many people having a bigger impact than Dolly Parton. Born in a one-room cabin, she earned 11 Grammys and an Emmy, built a business empire, helped millions of kids learn to read, and \u2014 as if that wasn\u2019t enough \u2014 helped accelerate\u00a0the research that led to the\u2026 <a href=\"https:\/\/t.co\/gl4KGm4vnk\" rel=\"nofollow\">https:\/\/t.co\/gl4KGm4vnk<\/a><\/p>\n<p>\u2014 Barack Obama (@BarackObama) <a href=\"https:\/\/x.com\/BarackObama\/status\/2092378205608948136?ref_src=twsrc%5Etfw\" rel=\"nofollow\">August 25, 2026<\/a><\/p>\n<\/blockquote>\n<p>No bloco democrata, a candidata \u00e0s presidenciais de 2024, <a href=\"https:\/\/www.instagram.com\/p\/Dced7dYCGT0\/?hl=en\" target=\"_blank\" rel=\"noopener nofollow\">Kamala Harris<\/a>, admitiu que Parton \u201cera um verdadeiro \u00edcone americano\u201d, que se \u201ctransformou numa superestrela global\u201d. \u201cCom a sua m\u00fasica, filantropia e estilo, a Dolly era \u00fanica\u201d, acrescentou.<\/p>\n<p>J\u00e1 Hillary Clinton escreveu, <a href=\"https:\/\/x.com\/HillaryClinton\/status\/2092333241634058246\/photo\/1\" target=\"_blank\" rel=\"noopener nofollow\">nas respetivas redes sociais<\/a>, que \u201cdesde as capacidades de composi\u00e7\u00e3o lend\u00e1rias \u00e0 Imagination Library \u2014 que enviou um milh\u00e3o de livros por m\u00eas a crian\u00e7as ao redor do pa\u00eds [EUA] \u2014 ela era o melhor da Am\u00e9rica\u201d. \u201cDolly, vamos ter saudades do teu grande cora\u00e7\u00e3o\u201d, concluiu.<\/p>\n<p>Os Marretas n\u00e3o ficaram fora das homenagens \u00e0 cantora, que foi recordada numa foto ao lado da sua s\u00f3sia, a diva Miss Piggy. \u201cNunca haver\u00e1 ningu\u00e9m como a Dolly Parton. Foi a cantora, compositora, atriz, artista e filantropa perfeita e suprema. Encheu o mundo com luz e estamos t\u00e3o gratos por cada segundo que pudemos passar a seu lado, no palco e fora dele.\u201d<\/p>\n<p><script async src=\"\/\/www.instagram.com\/embed.js\"><\/script><\/p>\n","protected":false},"excerpt":{"rendered":"Na rede social X, Barack Obama admitiu que \u201c\u00e9 dif\u00edcil pensar em muitas pessoas com um impacto maior&hellip;\n","protected":false},"author":2,"featured_media":501271,"comment_status":"","ping_status":"","sticky":false,"template":"","format":"standard","meta":{"footnotes":"","_share_on_mastodon":"0"},"categories":[85],"tags":[211,315,114,115,186,339,32,33,58,2303],"class_list":["post-501270","post","type-post","status-publish","format-standard","has-post-thumbnail","category-entretenimento","tag-celebridades","tag-cultura","tag-entertainment","tag-entretenimento","tag-lifestyle","tag-mu00fasica","tag-portugal","tag-pt","tag-sociedade","tag-u00d3bito"],"share_on_mastodon":{"url":"https:\/\/pubeurope.com\/@pt\/117162210968131396","error":""},"_links":{"self":[{"href":"https:\/\/www.europesays.com\/pt\/wp-json\/wp\/v2\/posts\/501270","targetHints":{"allow":["GET"]}}],"collection":[{"href":"https:\/\/www.europesays.com\/pt\/wp-json\/wp\/v2\/posts"}],"about":[{"href":"https:\/\/www.europesays.com\/pt\/wp-json\/wp\/v2\/types\/post"}],"author":[{"embeddable":true,"href":"https:\/\/www.europesays.com\/pt\/wp-json\/wp\/v2\/users\/2"}],"replies":[{"embeddable":true,"href":"https:\/\/www.europesays.com\/pt\/wp-json\/wp\/v2\/comments?post=501270"}],"version-history":[{"count":0,"href":"https:\/\/www.europesays.com\/pt\/wp-json\/wp\/v2\/posts\/501270\/revisions"}],"wp:featuredmedia":[{"embeddable":true,"href":"https:\/\/www.europesays.com\/pt\/wp-json\/wp\/v2\/media\/501271"}],"wp:attachment":[{"href":"https:\/\/www.europesays.com\/pt\/wp-json\/wp\/v2\/media?parent=501270"}],"wp:term":[{"taxonomy":"category","embeddable":true,"href":"https:\/\/www.europesays.com\/pt\/wp-json\/wp\/v2\/categories?post=501270"},{"taxonomy":"post_tag","embeddable":true,"href":"https:\/\/www.europesays.com\/pt\/wp-json\/wp\/v2\/tags?post=501270"}],"curies":[{"name":"wp","href":"https:\/\/api.w.org\/{rel}","templated":true}]}}