{"id":501318,"date":"2026-08-26T14:56:25","date_gmt":"2026-08-26T14:56:25","guid":{"rendered":"https:\/\/www.europesays.com\/pt\/501318\/"},"modified":"2026-08-26T14:56:25","modified_gmt":"2026-08-26T14:56:25","slug":"primeiro-rascunho-instagram-cria-recurso-para-facilitar-edicao-de-reels","status":"publish","type":"post","link":"https:\/\/www.europesays.com\/pt\/501318\/","title":{"rendered":"Primeiro rascunho: Instagram cria recurso para facilitar edi\u00e7\u00e3o de Reels"},"content":{"rendered":"<p><a href=\"https:\/\/fastcompanybrasil.com\/autor\/lilian-campos\/\" rel=\"nofollow noopener\" target=\"_blank\">Lilian Campos<\/a><\/p>\n<p>2 minutos de leitura<br \/>\n<a href=\"https:\/\/www.google.com\/preferences\/source?q=fastcompanybrasil.com\" target=\"_blank\" rel=\"noopener noreferrer nofollow\"><br \/>\n<img decoding=\"async\" src=\"https:\/\/www.europesays.com\/pt\/wp-content\/uploads\/2026\/08\/1787756185_259_btn_google_fast_company.fw_.png\" alt=\"Favoritar no Google\"\/><br \/>\n<\/a><\/p>\n<p class=\"wp-block-paragraph\">O <strong>Instagram<\/strong> lan\u00e7ou o <strong>Primeiro Rascunho<\/strong>, um novo recurso criado para facilitar uma das etapas mais demoradas da produ\u00e7\u00e3o de Reels: a edi\u00e7\u00e3o. A ferramenta monta automaticamente uma primeira vers\u00e3o do v\u00eddeo a partir dos clipes selecionados pelo usu\u00e1rio.<\/p>\n<p class=\"wp-block-paragraph\">O Instagram anunciou o recurso na \u00faltima ter\u00e7a-feira (25), em uma publica\u00e7\u00e3o no <a href=\"https:\/\/www.threads.com\/@creators\/post\/Dcd8qfSEbEV\/introducing-first-draft-a-new-way-to-create-a-reel-within-the-instagram-app\/\" target=\"_blank\" rel=\"noreferrer noopener nofollow\">Threads<\/a>. A proposta \u00e9 ajudar principalmente quem precisa juntar diferentes grava\u00e7\u00f5es para criar um \u00fanico v\u00eddeo, mas n\u00e3o quer passar muito tempo fazendo cortes manualmente.<\/p>\n<p class=\"wp-block-paragraph\"><strong>Leia tamb\u00e9m: <a href=\"https:\/\/fastcompanybrasil.com\/design\/instagram-muda-seu-logotipo-pela-primeira-vez-em-10-anos\/\" target=\"_blank\" rel=\"noreferrer noopener nofollow\">Instagram muda seu logotipo pela primeira vez em 10 anos<\/a><\/strong><\/p>\n<p><strong>COMO FUNCIONA O PRIMEIRO RASCUNHO?<\/strong><\/p>\n<p class=\"wp-block-paragraph\">O <strong>Primeiro Rascunho<\/strong> analisa os v\u00eddeos selecionados pelo <strong><a href=\"https:\/\/fastcompanybrasil.com\/tech\/facebook-novo-app-criadores-ferramentas-ia\/\" target=\"_blank\" rel=\"noreferrer noopener nofollow\">criador<\/a><\/strong> e prepara automaticamente uma montagem inicial. Para isso, a ferramenta <strong>corta trechos dos v\u00eddeos e remove pausas<\/strong>, reunindo os melhores momentos em uma primeira vers\u00e3o.<\/p>\n<p class=\"wp-block-paragraph\">Segundo o <a href=\"https:\/\/techcrunch.com\/2026\/08\/25\/instagrams-first-draft-feature-aims-to-make-editing-reels-less-tedious\/\" target=\"_blank\" rel=\"noreferrer noopener nofollow\">TechCrunch<\/a>, o processo pode criar esse rascunho em <strong>menos de 10 segundos<\/strong>. A velocidade pode reduzir bastante o tempo necess\u00e1rio para organizar v\u00e1rios clipes antes de come\u00e7ar a trabalhar nos detalhes do Reel.<\/p>\n<p class=\"wp-block-paragraph\">A ideia, por\u00e9m, n\u00e3o busca substituir a edi\u00e7\u00e3o do usu\u00e1rio. O resultado serve como ponto de partida, <strong>permitindo ajustes antes da publica\u00e7\u00e3o<\/strong>. Dessa maneira, o criador pode utilizar a montagem autom\u00e1tica e fazer as altera\u00e7\u00f5es que considerar necess\u00e1rias.<\/p>\n<p><strong>QUEM PODE USAR O RECURSO?<\/strong><\/p>\n<p class=\"wp-block-paragraph\">O <strong>Primeiro Rascunho<\/strong> est\u00e1 sendo lan\u00e7ado inicialmente para <strong>iPhone<\/strong>. O <a href=\"https:\/\/fastcompanybrasil.com\/tech\/instagram-plus-assinantes-podem-aumentar-tempo-duracao-stories\/\" target=\"_blank\" rel=\"noreferrer noopener nofollow\">Instagram<\/a> n\u00e3o informa, no an\u00fancio, quando disponibilizar\u00e1 a ferramenta para outros dispositivos.<\/p>\n<p class=\"wp-block-paragraph\">O recurso pode ser acessado de duas maneiras. Durante a grava\u00e7\u00e3o, o usu\u00e1rio pode encontr\u00e1-lo diretamente na <strong>c\u00e2mera do Instagram<\/strong>. Tamb\u00e9m \u00e9 poss\u00edvel chegar \u00e0 ferramenta pela <strong>galeria do Reels<\/strong>, depois de selecionar v\u00e1rios clipes.<\/p>\n<p class=\"wp-block-paragraph\">Isso significa que o criador n\u00e3o precisa necessariamente gravar todo o material dentro do recurso. Tamb\u00e9m pode escolher v\u00eddeos que j\u00e1 estejam armazenados no <strong><a href=\"https:\/\/fastcompanybrasil.com\/tech\/economizar-bateria-celular-iphone-android\/\" target=\"_blank\" rel=\"noreferrer noopener nofollow\">celular<\/a><\/strong> e utiliz\u00e1-los para gerar a primeira montagem.<\/p>\n<p><strong>EDI\u00c7\u00c3O MAIS SIMPLES PARA OS REELS<\/strong><\/p>\n<p class=\"wp-block-paragraph\">A novidade busca diminuir uma barreira comum para quem produz v\u00eddeos curtos: a necessidade de organizar manualmente diferentes grava\u00e7\u00f5es antes de chegar a uma vers\u00e3o que possa ser publicada.<\/p>\n<p class=\"wp-block-paragraph\">Em vez de selecionar cada corte individualmente, procurar pausas e montar o v\u00eddeo desde o in\u00edcio, o usu\u00e1rio pode deixar o Instagram preparar uma primeira vers\u00e3o e <strong>refin\u00e1-la depois<\/strong>.<\/p>\n<p class=\"wp-block-paragraph\">A ferramenta tamb\u00e9m pode facilitar a cria\u00e7\u00e3o para pessoas que t\u00eam pouca experi\u00eancia com softwares de edi\u00e7\u00e3o. Nesse caso, o Primeiro Rascunho funciona como uma maneira de come\u00e7ar o <strong><a href=\"https:\/\/fastcompanybrasil.com\/tech\/reddit-onda-tiktok-transforma-posts-videos-como-funciona\/\" target=\"_blank\" rel=\"noreferrer noopener nofollow\">v\u00eddeo<\/a><\/strong> sem precisar dominar todas as ferramentas dispon\u00edveis.<\/p>\n<p class=\"wp-block-paragraph\">Assim, o <strong><a href=\"https:\/\/fastcompanybrasil.com\/tech\/instagram-plus-assinantes-fixar-ainda-mais-publicacoes-feed\/\" target=\"_blank\" rel=\"noreferrer noopener nofollow\">Instagram<\/a><\/strong> aposta em uma edi\u00e7\u00e3o mais automatizada, mas mant\u00e9m o controle final nas m\u00e3os do criador, que pode modificar o resultado antes de transformar o rascunho em um Reel.<\/p>\n<p><img decoding=\"async\" src=\"\" alt=\"\"\/><\/p>\n<p>SOBRE A AUTORA<\/p>\n<p>\t\t<a href=\"https:\/\/fastcompanybrasil.com\/autor\/lilian-campos\/\" rel=\"nofollow noopener\" target=\"_blank\"><\/p>\n<p class=\"description\">Lilian Campos \u00e9 jornalista colaboradora da Fast Company Brasil.\tsaiba mais<\/p>\n<p><\/a><\/p>\n","protected":false},"excerpt":{"rendered":"Lilian Campos 2 minutos de leitura O Instagram lan\u00e7ou o Primeiro Rascunho, um novo recurso criado para facilitar&hellip;\n","protected":false},"author":2,"featured_media":501319,"comment_status":"","ping_status":"","sticky":false,"template":"","format":"standard","meta":{"footnotes":"","_share_on_mastodon":"0"},"categories":[84],"tags":[109,107,108,1015,32,33,318,40194,105,103,104,5856,106,110],"class_list":["post-501318","post","type-post","status-publish","format-standard","has-post-thumbnail","category-ciencia-e-tecnologia","tag-ciencia","tag-ciencia-e-tecnologia","tag-cienciaetecnologia","tag-instagram","tag-portugal","tag-pt","tag-radar","tag-reels","tag-science","tag-science-and-technology","tag-scienceandtechnology","tag-tech","tag-technology","tag-tecnologia"],"share_on_mastodon":{"url":"https:\/\/pubeurope.com\/@pt\/117162396155543875","error":""},"_links":{"self":[{"href":"https:\/\/www.europesays.com\/pt\/wp-json\/wp\/v2\/posts\/501318","targetHints":{"allow":["GET"]}}],"collection":[{"href":"https:\/\/www.europesays.com\/pt\/wp-json\/wp\/v2\/posts"}],"about":[{"href":"https:\/\/www.europesays.com\/pt\/wp-json\/wp\/v2\/types\/post"}],"author":[{"embeddable":true,"href":"https:\/\/www.europesays.com\/pt\/wp-json\/wp\/v2\/users\/2"}],"replies":[{"embeddable":true,"href":"https:\/\/www.europesays.com\/pt\/wp-json\/wp\/v2\/comments?post=501318"}],"version-history":[{"count":0,"href":"https:\/\/www.europesays.com\/pt\/wp-json\/wp\/v2\/posts\/501318\/revisions"}],"wp:featuredmedia":[{"embeddable":true,"href":"https:\/\/www.europesays.com\/pt\/wp-json\/wp\/v2\/media\/501319"}],"wp:attachment":[{"href":"https:\/\/www.europesays.com\/pt\/wp-json\/wp\/v2\/media?parent=501318"}],"wp:term":[{"taxonomy":"category","embeddable":true,"href":"https:\/\/www.europesays.com\/pt\/wp-json\/wp\/v2\/categories?post=501318"},{"taxonomy":"post_tag","embeddable":true,"href":"https:\/\/www.europesays.com\/pt\/wp-json\/wp\/v2\/tags?post=501318"}],"curies":[{"name":"wp","href":"https:\/\/api.w.org\/{rel}","templated":true}]}}