{"id":501322,"date":"2026-08-26T14:59:18","date_gmt":"2026-08-26T14:59:18","guid":{"rendered":"https:\/\/www.europesays.com\/pt\/501322\/"},"modified":"2026-08-26T14:59:18","modified_gmt":"2026-08-26T14:59:18","slug":"calheiros-apela-a-que-governo-volte-a-solucao-de-pedro-nuno-observador","status":"publish","type":"post","link":"https:\/\/www.europesays.com\/pt\/501322\/","title":{"rendered":"Calheiros apela a que Governo volte a solu\u00e7\u00e3o de Pedro Nuno \u2013 Observador"},"content":{"rendered":"<p>A proposta do presidente da Confedera\u00e7\u00e3o de Turismo n\u00e3o \u00e9 nova, mas agora foi dita num evento que faz parte da rentr\u00e9e do partido de Governo. Perante os alunos da Universidade de Ver\u00e3o do PSD, em Castelo de Vide, Francisco Calheiros apelou a que o Executivo recue e, enquanto n\u00e3o h\u00e1 Alcochete, coloque o Aeroporto do Montijo a funcionar. A solu\u00e7\u00e3o defendida (Montijo+Alcochete) \u00e9 precisamente a mesma que <strong>Pedro Nuno Santos<\/strong> estabeleceu no despacho que Ant\u00f3nio Costa revogou em v\u00e9speras do Congresso do PSD de 2022.<\/p>\n<p>Francisco Calheiros disse que ia ter algum cuidado, uma vez que estava num evento do PSD. Ainda assim, mostrou um pessimismo relativamente ao Aeroporto Lu\u00eds de Cam\u00f5es. \u201cN\u00e3o vejo como vamos ter Alcochete nos pr\u00f3ximos anos. Vai durar 10 anos a construir\u201d, lamenta. A data oficial prevista para a abertura do Aeroporto Lu\u00eds de Cam\u00f5es \u00e9, de facto, daqui a nove anos (em 2035).<\/p>\n<p>O presidente da Confedera\u00e7\u00e3o do Turismo j\u00e1 tinha defendido em fevereiro que ningu\u00e9m levaria a mal um recuo que permitisse ter Montijo enquanto n\u00e3o havia Alcochete. Agora insiste para que o Governo recue. \u201cT\u00ednhamos, ao lado de Lisboa, o Montijo. Montijo n\u00e3o \u00e9 um centro comercial. \u00c9 um aeroporto, que j\u00e1 estava negociado com o concession\u00e1rio. <strong>Foi uma pena deixar-se cair<\/strong> isto.\u201d E atira: \u201cEspero que um dia o<strong> bom senso prevale\u00e7a<\/strong> e regressemos ao Montijo.\u201d<\/p>\n<p>No final de 2025, Pedro Nuno Santos voltou a falar desta solu\u00e7\u00e3o (mesmo que pelo meio tenha tido outra ideia para o Novo Aeroporto de Lisboa) para dizer que, se o tivessem deixado prosseguir, neste ano de 2026 j\u00e1 teria aberto o aeroporto do Montijo. Numa cr\u00edtica a Ant\u00f3nio Costa, atirou: \u201cEm 2022 fui amplamente criticado e tive um despacho revogado. Mas se n\u00e3o tivesse sido revogado, j\u00e1 no pr\u00f3ximo ano [2026] pod\u00edamos estar a abrir o aeroporto do Montijo (\u2026) Ou seja, em quatro anos (a contar a partir do ver\u00e3o de 2022) poder\u00edamos ter uma nova pista no Montijo e estar\u00edamos em condi\u00e7\u00f5es de poder aliviar o Humberto Delgado\u201d.<\/p>\n<p>Francisco Calheiros alertou ainda para a import\u00e2ncia da Alta Velocidade que, a estar em funcionamento, permite que se prescinda de 60 voos di\u00e1rios, que podem depois ser ocupados por turistas de outras geografias. Est\u00e1 ainda expectante sobre o que se passar\u00e1 com a TAP.<\/p>\n","protected":false},"excerpt":{"rendered":"A proposta do presidente da Confedera\u00e7\u00e3o de Turismo n\u00e3o \u00e9 nova, mas agora foi dita num evento que&hellip;\n","protected":false},"author":2,"featured_media":501323,"comment_status":"","ping_status":"","sticky":false,"template":"","format":"standard","meta":{"footnotes":"","_share_on_mastodon":"0"},"categories":[10],"tags":[1811,1812,1320,27,28,15,16,14,25,26,797,21,22,12,13,19,20,57,302,32,23,24,4579,33,58,17,18,29,30,31],"class_list":["post-501322","post","type-post","status-publish","format-standard","has-post-thumbnail","category-portugal","tag-aeroporto-de-lisboa","tag-aeroportos","tag-aviau00e7u00e3o","tag-breaking-news","tag-breakingnews","tag-featured-news","tag-featurednews","tag-headlines","tag-latest-news","tag-latestnews","tag-lisboa","tag-main-news","tag-mainnews","tag-news","tag-noticias","tag-noticias-principais","tag-noticiasprincipais","tag-pau00eds","tag-polu00edtica","tag-portugal","tag-principais-noticias","tag-principaisnoticias","tag-psd","tag-pt","tag-sociedade","tag-top-stories","tag-topstories","tag-ultimas","tag-ultimas-noticias","tag-ultimasnoticias"],"share_on_mastodon":{"url":"https:\/\/pubeurope.com\/@pt\/117162407887228331","error":""},"_links":{"self":[{"href":"https:\/\/www.europesays.com\/pt\/wp-json\/wp\/v2\/posts\/501322","targetHints":{"allow":["GET"]}}],"collection":[{"href":"https:\/\/www.europesays.com\/pt\/wp-json\/wp\/v2\/posts"}],"about":[{"href":"https:\/\/www.europesays.com\/pt\/wp-json\/wp\/v2\/types\/post"}],"author":[{"embeddable":true,"href":"https:\/\/www.europesays.com\/pt\/wp-json\/wp\/v2\/users\/2"}],"replies":[{"embeddable":true,"href":"https:\/\/www.europesays.com\/pt\/wp-json\/wp\/v2\/comments?post=501322"}],"version-history":[{"count":0,"href":"https:\/\/www.europesays.com\/pt\/wp-json\/wp\/v2\/posts\/501322\/revisions"}],"wp:featuredmedia":[{"embeddable":true,"href":"https:\/\/www.europesays.com\/pt\/wp-json\/wp\/v2\/media\/501323"}],"wp:attachment":[{"href":"https:\/\/www.europesays.com\/pt\/wp-json\/wp\/v2\/media?parent=501322"}],"wp:term":[{"taxonomy":"category","embeddable":true,"href":"https:\/\/www.europesays.com\/pt\/wp-json\/wp\/v2\/categories?post=501322"},{"taxonomy":"post_tag","embeddable":true,"href":"https:\/\/www.europesays.com\/pt\/wp-json\/wp\/v2\/tags?post=501322"}],"curies":[{"name":"wp","href":"https:\/\/api.w.org\/{rel}","templated":true}]}}