{"id":501386,"date":"2026-08-26T15:54:24","date_gmt":"2026-08-26T15:54:24","guid":{"rendered":"https:\/\/www.europesays.com\/pt\/501386\/"},"modified":"2026-08-26T15:54:24","modified_gmt":"2026-08-26T15:54:24","slug":"bill-gates-ia-deve-ser-prioridade-numero-um-do-mundo-observador","status":"publish","type":"post","link":"https:\/\/www.europesays.com\/pt\/501386\/","title":{"rendered":"Bill Gates. IA deve ser &#8220;prioridade n\u00famero um do mundo&#8221; \u2013 Observador"},"content":{"rendered":"<p><strong>Bill Gates<\/strong>, o fundador da Microsoft que se aposentou da respetiva dire\u00e7\u00e3o em 2020, admitiu estar apreensivo em rela\u00e7\u00e3o ao desenvolvimento da intelig\u00eancia artificial (IA), cujos riscos<strong>\u00a0as big techs recusam admitir<\/strong>, enquanto acumulam fortunas \u201ctrilion\u00e1rias\u201d. A reflex\u00e3o sobre os riscos da intelig\u00eancia artificial deve ser \u201ca prioridade n\u00famero um do mundo\u201d, afirma Gates, que se diz \u201cem estado de choque\u201d pelo que considera ser a pouca aten\u00e7\u00e3o que os respons\u00e1veis pol\u00edticos est\u00e3o, na sua leitura, a dar a este tema.<\/p>\n<p>Depois das not\u00edcias sobre a controversa rela\u00e7\u00e3o com Jeffrey Epstein \u2014 que originou uma auditoria no Comit\u00e9 da Casa Branca em junho \u2014 o nome de Gates <a href=\"https:\/\/www.nytimes.com\/2026\/08\/26\/technology\/bill-gates-ai-risks.html\" target=\"_blank\" rel=\"noopener nofollow\">voltou a figurar num t\u00edtulo do The New York Times<\/a>, que entrevistou o empres\u00e1rio para falar sobre a tecnologia em evolu\u00e7\u00e3o r\u00e1pida, para a qual contribuiu indiretamente. \u201cN\u00e3o gosto de dar m\u00e1s not\u00edcias \u00e0s pessoas nem de dizer que a inova\u00e7\u00e3o pode ser negativa. Mas \u00e9 a\u00ed que estamos.\u201d<\/p>\n<p>A conversa com o jornal norte-americano foi publicada na sequ\u00eancia de um ensaio que Gates publicou<a href=\"https:\/\/www.gatesnotes.com\/work\/make-ai-work-for-everyone\/reader\/a-turbulent-ai-era-and-critical-choices-to-make?WT.mc_id=20260826_ai-overture-2026-med-med\" target=\"_blank\" rel=\"noopener nofollow\"> no respetivo website<\/a>, intitulado \u201cThe turbulent AI era is here. The choices we make now are critical\u201d [A era turbulenta da IA est\u00e1 aqui. As escolhas que fazemos agora ser\u00e3o decisivas], no qual admitiu estar apreensivo face a uma tecnologia <strong>capaz de \u201csubstituir e at\u00e9 exceder a cogni\u00e7\u00e3o humana\u201d<\/strong> e sugeriu solu\u00e7\u00f5es que incluem a aplica\u00e7\u00e3o de taxas e proibi\u00e7\u00f5es.<\/p>\n<p>\u201cEm privado, as pessoas que compreendem o qu\u00e3o bom isto j\u00e1 \u00e9 e as potencialidades que tem est\u00e3o muito preocupadas\u201d, disse, acrescentando que s\u00e3o poucos os executivos das tecnol\u00f3gicas capazes de admitir os perigos inerentes ao desenvolvimento descontrolado da IA. \u201cEles est\u00e3o cheios de pressa e cultivam a esperan\u00e7a de que os aspetos positivos se sobreponham aos negativos\u201d, acrescentou.<\/p>\n<p>Sem mencionar o nome de empresas particulares, nomeadamente da Microsoft \u2014 que desenvolve a <a href=\"https:\/\/copilot.com\/\" target=\"_blank\" rel=\"noopener nofollow\">ferramenta de intelig\u00eancia artificial Copilot<\/a> \u2014 acusou os programadores de IA de produzirem uma tecnologia que <strong>pode ser respons\u00e1vel por despedimentos em massa<\/strong>. Se, no passado, os avan\u00e7os tecnol\u00f3gicos aumentaram o n\u00famero de empregos dispon\u00edveis, a era da IA \u00e9 \u201cabsolutamente, completamente e totalmente diferente\u201d, porque incide sobre todas as \u00e1reas, impedindo que os trabalhadores afetados transitem para ind\u00fastrias alternativas.<\/p>\n<p>Entre as propostas do empres\u00e1rio e filantropo \u2014 desde 2000 que gere uma <a href=\"https:\/\/www.gatesfoundation.org\/\" target=\"_blank\" rel=\"noopener nofollow\">ONG destinada a \u201creduzir a doen\u00e7a e a pobreza e a construir um mundo mais igualit\u00e1rio\u201d<\/a> \u2014 est\u00e3o a introdu\u00e7\u00e3o de uma <strong>taxa sobre o uso de IA<\/strong>, o <strong>impedimento de que alguns trabalhos sejam desempenhados por m\u00e1quinas<\/strong> e o <strong>estabelecimento de acordos internacionais<\/strong>, com vista a monitorizar o desenvolvimento destas tecnologias.<\/p>\n<p>Gates admitiu estar em \u201cestado de choque\u201d perante a falta de urg\u00eancia que os l\u00edderes mundiais destinam a este assunto. \u201cPor favor, pensem mais sobre isto, por favor deem-lhe mais aten\u00e7\u00e3o\u201d, concluiu.<\/p>\n<p dir=\"ltr\"><strong>[De regresso a Portugal, Carvalh\u00e3o Gil garante que n\u00e3o se vendeu aos russos e que nem sequer sabia que o homem com quem foi detido trabalhava para o SVR. Para ele, era s\u00f3 um \u201cparceiro de neg\u00f3cios\u201d. Mas as buscas \u00e0s casas do espi\u00e3o contam uma hist\u00f3ria diferente: a PJ encontra milhares de euros escondidos em casacos, gavetas e envelopes; dezenas de documentos secretos espalhados pelas v\u00e1rias divis\u00f5es; e at\u00e9 um rev\u00f3lver dissimulado numa estante. J\u00e1 est\u00e1 dispon\u00edvel o quinto epis\u00f3dio do novo Podcast Plus \u201cA Vida Dupla do Espi\u00e3o Traidor\u201d. Pode ouvir no <a href=\"https:\/\/observador.pt\/programas\/a-vida-dupla-do-espio-traidor\/episodio-5-um-maco-de-notas-verdes\/\" rel=\"nofollow noopener\" target=\"_blank\">site do Observador<\/a>, na<a href=\"https:\/\/podcasts.apple.com\/pt\/podcast\/epis%C3%B3dio-5-um-ma%C3%A7o-de-notas-verdes\/id6792864997?i=1000785615501\" rel=\"nofollow noopener\" target=\"_blank\"> Apple Podcasts<\/a>, no <a href=\"https:\/\/open.spotify.com\/episode\/0bV3kZduZPEtfcf406MUe0\" rel=\"nofollow noopener\" target=\"_blank\">Spotify <\/a>e no<a href=\"https:\/\/www.youtube.com\/watch?v=GuHo5ZaBCyk&amp;list=PLd6-ASW8hah4&amp;index=1\" rel=\"nofollow noopener\" target=\"_blank\"> YouTube<\/a>.]<\/strong><\/p>\n<p dir=\"ltr\"><a href=\"https:\/\/observador.pt\/programas\/a-vida-dupla-do-espio-traidor\/episodio-5-um-maco-de-notas-verdes\/\" rel=\"nofollow noopener\" target=\"_blank\"><\/p>\n<p>        <img src=\"https:\/\/www.europesays.com\/pt\/wp-content\/uploads\/2026\/08\/1787759664_573_770-a-vida-dupla-do-espiao-traidor-iconplay.png\" alt=\"\" loading=\"lazy\" decoding=\"async\" class=\"alignnone\" onload=\"this.parentElement.classList.remove('spinner')\" onerror=\"this.parentElement.classList.remove('spinner')\" width=\"770\" height=\"433\"\/>    <\/p>\n<p><\/a><\/p>\n","protected":false},"excerpt":{"rendered":"Bill Gates, o fundador da Microsoft que se aposentou da respetiva dire\u00e7\u00e3o em 2020, admitiu estar apreensivo em&hellip;\n","protected":false},"author":2,"featured_media":501387,"comment_status":"","ping_status":"","sticky":false,"template":"","format":"standard","meta":{"footnotes":"","_share_on_mastodon":"0"},"categories":[83],"tags":[8718,88,89,90,644,32,33,110],"class_list":["post-501386","post","type-post","status-publish","format-standard","has-post-thumbnail","category-empresas","tag-bill-gates","tag-business","tag-economy","tag-empresas","tag-inteligu00eancia-artificial","tag-portugal","tag-pt","tag-tecnologia"],"share_on_mastodon":{"url":"https:\/\/pubeurope.com\/@pt\/117162624480596937","error":""},"_links":{"self":[{"href":"https:\/\/www.europesays.com\/pt\/wp-json\/wp\/v2\/posts\/501386","targetHints":{"allow":["GET"]}}],"collection":[{"href":"https:\/\/www.europesays.com\/pt\/wp-json\/wp\/v2\/posts"}],"about":[{"href":"https:\/\/www.europesays.com\/pt\/wp-json\/wp\/v2\/types\/post"}],"author":[{"embeddable":true,"href":"https:\/\/www.europesays.com\/pt\/wp-json\/wp\/v2\/users\/2"}],"replies":[{"embeddable":true,"href":"https:\/\/www.europesays.com\/pt\/wp-json\/wp\/v2\/comments?post=501386"}],"version-history":[{"count":0,"href":"https:\/\/www.europesays.com\/pt\/wp-json\/wp\/v2\/posts\/501386\/revisions"}],"wp:featuredmedia":[{"embeddable":true,"href":"https:\/\/www.europesays.com\/pt\/wp-json\/wp\/v2\/media\/501387"}],"wp:attachment":[{"href":"https:\/\/www.europesays.com\/pt\/wp-json\/wp\/v2\/media?parent=501386"}],"wp:term":[{"taxonomy":"category","embeddable":true,"href":"https:\/\/www.europesays.com\/pt\/wp-json\/wp\/v2\/categories?post=501386"},{"taxonomy":"post_tag","embeddable":true,"href":"https:\/\/www.europesays.com\/pt\/wp-json\/wp\/v2\/tags?post=501386"}],"curies":[{"name":"wp","href":"https:\/\/api.w.org\/{rel}","templated":true}]}}