{"id":501500,"date":"2026-08-26T17:41:16","date_gmt":"2026-08-26T17:41:16","guid":{"rendered":"https:\/\/www.europesays.com\/pt\/501500\/"},"modified":"2026-08-26T17:41:16","modified_gmt":"2026-08-26T17:41:16","slug":"ex-fc-porto-e-academica-dado-como-desaparecido-na-hungria-futebol","status":"publish","type":"post","link":"https:\/\/www.europesays.com\/pt\/501500\/","title":{"rendered":"Ex-FC Porto e Acad\u00e9mica dado como desaparecido na Hungria &#8211; Futebol"},"content":{"rendered":"<p>&#13;<br \/>\n                                &#13;<\/p>\n<p class=\"\">&#13;<br \/>\n        As autoridades h\u00fangaras declararam que \u00c1kos Buzs\u00e1ky est\u00e1 desaparecido desde o dia 18 de agosto, avan\u00e7a o jornal &#8216;Blikk&#8217;. O antigo internacional h\u00fangaro de 44 anos passou pelo futebol portugu\u00eas entre 2002 e 2005, tendo alinhado pelo FC Porto e pela Acad\u00e9mica.&#13;\n    <\/p>\n<p>&#13;<br \/>\n&#13;<br \/>\n&#13;<br \/>\n                                &#13;<\/p>\n<p class=\"\">&#13;<br \/>\n        Segundo a imprensa local, as informa\u00e7\u00f5es acerca da circunst\u00e2ncias do desaparecimento do antigo m\u00e9dio-centro s\u00e3o ainda muito escassas. O pr\u00f3prio pai de Buzs\u00e1ky s\u00f3 ficou a saber do desaparecimento do filho atrav\u00e9s das not\u00edcias nos jornais. Al\u00e9m disso, \u00e9 ainda desconhecida a identidade de quem reportou o caso \u00e0 pol\u00edcia.&#13;\n    <\/p>\n<p>&#13;<br \/>\n&#13;<br \/>\n&#13;<br \/>\n                        &#13;<br \/>\n                        &#13;<br \/>\n                                &#13;<\/p>\n<p class=\"\">&#13;<br \/>\n        A ex-companheira e m\u00e3e dos dois filhos do antigo atleta tamb\u00e9m j\u00e1 prestou depoimento e garantiu n\u00e3o ter qualquer informa\u00e7\u00e3o sobre o seu poss\u00edvel paradeiro.&#13;\n    <\/p>\n<p>&#13;<br \/>\n&#13;<br \/>\n&#13;<br \/>\n                                &#13;<\/p>\n<p class=\"\">&#13;<br \/>\n        \u00c1kos Buzs\u00e1ky assinou pelo FC Porto em 2002\/03, vindo do MTK, com estatuto de promessa. Cumpriu apenas 4 jogos pela equipa principal e 25 pela equipa B, apontando 3 golos. Na \u00e9poca seguinte, foi emprestado \u00e0 Acad\u00e9mica, onde somou 13 jogos. Voltaria \u00e0 Invicta em 2004\/05, onde ficaria apenas mais meia \u00e9poca ao servi\u00e7o da equipa B dos drag\u00f5es.\u00a0&#13;\n    <\/p>\n<p>&#13;<br \/>\n&#13;<br \/>\n&#13;<br \/>\n                                &#13;<\/p>\n<p class=\"\">&#13;<br \/>\n        Na mesma \u00e9poca, seguiu para o Plymouth Argyle de Inglaterra, pa\u00eds onde passou grande parte da carreira. Ao fim de 4 anos, mudou-se para o QPR, onde teve os melhor anos da carreira. Ainda voltaria ao pa\u00eds natal, para representar o Ferencv\u00e1ros, pondo um ponto final na carreira em 2014\/15.&#13;\n    <\/p>\n<p>&#13;<br \/>\n&#13;<br \/>\n&#13;<br \/>\n                &#13;<br \/>\n&#13;<br \/>\n&#13;<br \/>\n&#13;<\/p>\n","protected":false},"excerpt":{"rendered":"&#13; &#13; &#13; As autoridades h\u00fangaras declararam que \u00c1kos Buzs\u00e1ky est\u00e1 desaparecido desde o dia 18 de agosto,&hellip;\n","protected":false},"author":2,"featured_media":501501,"comment_status":"","ping_status":"","sticky":false,"template":"","format":"standard","meta":{"footnotes":"","_share_on_mastodon":"0"},"categories":[87],"tags":[80383,80386,21158,135,80385,524,6878,1991,665,2692,64974,80387,80384,462,32,33,134],"class_list":["post-501500","post","type-post","status-publish","format-standard","has-post-thumbnail","category-desporto","tag-akos-buzsaky","tag-blikk","tag-desaparecimento","tag-desporto","tag-ferencvaros-tc","tag-futebol","tag-futebol-clube-do-porto","tag-hungria","tag-inglaterra","tag-jogo","tag-jogo-de-futebol","tag-magyar-testgyakorlok-kore-budapest-futball-club","tag-plymouth","tag-porto","tag-portugal","tag-pt","tag-sports"],"share_on_mastodon":{"url":"https:\/\/pubeurope.com\/@pt\/117163046414293020","error":""},"_links":{"self":[{"href":"https:\/\/www.europesays.com\/pt\/wp-json\/wp\/v2\/posts\/501500","targetHints":{"allow":["GET"]}}],"collection":[{"href":"https:\/\/www.europesays.com\/pt\/wp-json\/wp\/v2\/posts"}],"about":[{"href":"https:\/\/www.europesays.com\/pt\/wp-json\/wp\/v2\/types\/post"}],"author":[{"embeddable":true,"href":"https:\/\/www.europesays.com\/pt\/wp-json\/wp\/v2\/users\/2"}],"replies":[{"embeddable":true,"href":"https:\/\/www.europesays.com\/pt\/wp-json\/wp\/v2\/comments?post=501500"}],"version-history":[{"count":0,"href":"https:\/\/www.europesays.com\/pt\/wp-json\/wp\/v2\/posts\/501500\/revisions"}],"wp:featuredmedia":[{"embeddable":true,"href":"https:\/\/www.europesays.com\/pt\/wp-json\/wp\/v2\/media\/501501"}],"wp:attachment":[{"href":"https:\/\/www.europesays.com\/pt\/wp-json\/wp\/v2\/media?parent=501500"}],"wp:term":[{"taxonomy":"category","embeddable":true,"href":"https:\/\/www.europesays.com\/pt\/wp-json\/wp\/v2\/categories?post=501500"},{"taxonomy":"post_tag","embeddable":true,"href":"https:\/\/www.europesays.com\/pt\/wp-json\/wp\/v2\/tags?post=501500"}],"curies":[{"name":"wp","href":"https:\/\/api.w.org\/{rel}","templated":true}]}}