{"id":501504,"date":"2026-08-26T17:43:25","date_gmt":"2026-08-26T17:43:25","guid":{"rendered":"https:\/\/www.europesays.com\/pt\/501504\/"},"modified":"2026-08-26T17:43:25","modified_gmt":"2026-08-26T17:43:25","slug":"mandou-me-mensagem-joana-rodriguez-expoe-detalhes-da-conversa-privada-com-a-mulher-de-boris-big-brother-verao-2026-ultimas-noticias-videos-e-diretos","status":"publish","type":"post","link":"https:\/\/www.europesays.com\/pt\/501504\/","title":{"rendered":"\u00abMandou-me mensagem\u00bb: Joana Rodriguez exp\u00f5e detalhes da conversa privada com a mulher de Boris &#8211; Big Brother Ver\u00e3o 2026: \u00daltimas Not\u00edcias, V\u00eddeos e Diretos"},"content":{"rendered":"<p>Depois de ter regressado ao<strong> Big Brother Ver\u00e3o<\/strong> por apenas 24 horas,<strong> Joana Rodriguez<\/strong> esteve esta quarta-feira no Dois \u00e0s 10, onde recordou alguns dos momentos mais marcantes da sua participa\u00e7\u00e3o no reality show da TVI.<\/p>\n<p>Um dos temas abordados por <strong>Cristina Ferreira<\/strong> e<strong> Cl\u00e1udio Ramos <\/strong>foi precisamente a pol\u00e9mica que envolveu a ex-concorrente, <strong>Boris <\/strong>e <strong>Sara<\/strong>. Depois de deixar o programa, <strong>Joana <\/strong>acabou por entrar em contacto com a mulher do concorrente, numa conversa que, segundo conta, aconteceu de forma tranquila.<\/p>\n<p><strong>\u00abEu fui segui-la logo no dia a seguir e uma semana depois ela mandou-me mensagem\u00bb<\/strong>, revelou. A mensagem que recebeu foi bastante direta: <strong>\u00ab<a href=\"https:\/\/tvi.iol.pt\/bigbrother\/joana\/boris\/joana-abre-o-jogo-sobre-conversa-privada-com-o-namorado-apos-aproximacao-a-boris-nao-consegue-ter-100-compreensao\" rel=\"nofollow noopener\" target=\"_blank\">Quero falar contigo, quando puderes liga-me<\/a>\u00bb<\/strong>. Joana decidiu aceitar o contacto e<strong> ligou a Sara<\/strong> para perceber o que estava a acontecer.<\/p>\n<p><strong>\u00abE eu liguei. A conversa foi tranquila, s\u00f3 que n\u00e3o bate certo com coisas que eu ouvi depois\u00bb<\/strong>, explicou a ex-concorrente. Questionada sobre aquilo que ter\u00e1 ouvido posteriormente, Joana esclareceu que as informa\u00e7\u00f5es estavam relacionadas com coment\u00e1rios que teriam sido feitos a seu respeito.<\/p>\n<p>A revela\u00e7\u00e3o levou Cl\u00e1udio Ramos a questionar diretamente:<strong> \u00abForam ditas coisas feias sobre ti?\u00bb<\/strong>. Joana n\u00e3o hesitou na resposta: <strong>\u00abDaquilo que me chegou aos ouvidos, na minha opini\u00e3o, sim\u00bb<\/strong>. Apesar de tudo, a ex-concorrente garante que Sara lhe transmitiu seguran\u00e7a relativamente \u00e0 rela\u00e7\u00e3o com Boris.<strong> \u00ab<a href=\"https:\/\/tvi.iol.pt\/bigbrother\/boris\/raquel\/contra-o-marido-mulher-de-boris-toma-posicao-sobre-polemicas-com-raquel-ela-foi-uma-vitima-nesta-situacao\" rel=\"nofollow noopener\" target=\"_blank\">Ela est\u00e1 tranquila, que ela \u00e9 a mulher da vida dele<\/a>\u00bb<\/strong>, afirmou.<\/p>\n<p>Ainda assim, Joana acredita que toda a situa\u00e7\u00e3o poder\u00e1 ter tido impacto na mulher de Boris, sobretudo devido aos acontecimentos que se foram sucedendo dentro e fora da casa. <strong>\u00abAs coisas mexeram com ela de uma maneira que ela n\u00e3o me disse a mim e n\u00e3o diz aqui, acho que sim\u00bb<\/strong>, confessou.<\/p>\n<p>Entre os epis\u00f3dios que poder\u00e3o ter contribu\u00eddo para alimentar a especula\u00e7\u00e3o est\u00e3o os avi\u00f5es enviados para a casa, que Joana considera terem tido uma inten\u00e7\u00e3o clara.<strong> \u00abOs avi\u00f5es que foram queriam insinuar alguma coisa\u00bb<\/strong>, afirmou, referindo-se \u00e0s mensagens que chegaram ao programa e que acabaram por colocar ainda mais aten\u00e7\u00e3o sobre a proximidade entre os dois.<\/p>\n<p>Desta forma, Joana Rodriguez deixou claro que a conversa com Sara foi pac\u00edfica, mas admitiu que algumas informa\u00e7\u00f5es que recebeu posteriormente n\u00e3o coincidem com aquilo que lhe foi transmitido diretamente pela mulher de Boris.<\/p>\n<p><strong>Veja o v\u00eddeo.<\/strong><\/p>\n","protected":false},"excerpt":{"rendered":"Depois de ter regressado ao Big Brother Ver\u00e3o por apenas 24 horas, Joana Rodriguez esteve esta quarta-feira no&hellip;\n","protected":false},"author":2,"featured_media":501505,"comment_status":"","ping_status":"","sticky":false,"template":"","format":"standard","meta":{"footnotes":"","_share_on_mastodon":"0"},"categories":[85],"tags":[331,48,70471,333,328,335,80388,336,114,115,334,332,330,75026,338,13,32,33,70472,162,227],"class_list":["post-501504","post","type-post","status-publish","format-standard","has-post-thumbnail","category-entretenimento","tag-big","tag-big-brother","tag-boris","tag-comentadores","tag-concorrentes","tag-confrontos","tag-conversa-privada","tag-discussoes","tag-entertainment","tag-entretenimento","tag-exclusivos","tag-expulso","tag-gala","tag-joana-rodriguez","tag-maria-botelho-moniz","tag-noticias","tag-portugal","tag-pt","tag-sara-carvalho","tag-tvi","tag-videos"],"share_on_mastodon":{"url":"","error":""},"_links":{"self":[{"href":"https:\/\/www.europesays.com\/pt\/wp-json\/wp\/v2\/posts\/501504","targetHints":{"allow":["GET"]}}],"collection":[{"href":"https:\/\/www.europesays.com\/pt\/wp-json\/wp\/v2\/posts"}],"about":[{"href":"https:\/\/www.europesays.com\/pt\/wp-json\/wp\/v2\/types\/post"}],"author":[{"embeddable":true,"href":"https:\/\/www.europesays.com\/pt\/wp-json\/wp\/v2\/users\/2"}],"replies":[{"embeddable":true,"href":"https:\/\/www.europesays.com\/pt\/wp-json\/wp\/v2\/comments?post=501504"}],"version-history":[{"count":0,"href":"https:\/\/www.europesays.com\/pt\/wp-json\/wp\/v2\/posts\/501504\/revisions"}],"wp:featuredmedia":[{"embeddable":true,"href":"https:\/\/www.europesays.com\/pt\/wp-json\/wp\/v2\/media\/501505"}],"wp:attachment":[{"href":"https:\/\/www.europesays.com\/pt\/wp-json\/wp\/v2\/media?parent=501504"}],"wp:term":[{"taxonomy":"category","embeddable":true,"href":"https:\/\/www.europesays.com\/pt\/wp-json\/wp\/v2\/categories?post=501504"},{"taxonomy":"post_tag","embeddable":true,"href":"https:\/\/www.europesays.com\/pt\/wp-json\/wp\/v2\/tags?post=501504"}],"curies":[{"name":"wp","href":"https:\/\/api.w.org\/{rel}","templated":true}]}}