{"id":501516,"date":"2026-08-26T17:54:15","date_gmt":"2026-08-26T17:54:15","guid":{"rendered":"https:\/\/www.europesays.com\/pt\/501516\/"},"modified":"2026-08-26T17:54:15","modified_gmt":"2026-08-26T17:54:15","slug":"resumo-de-quem-ama-cuida-capitulo-de-quarta-feira-26-08-2026","status":"publish","type":"post","link":"https:\/\/www.europesays.com\/pt\/501516\/","title":{"rendered":"Resumo de \u2018Quem Ama Cuida\u2019: Cap\u00edtulo de quarta-feira (26\/08\/2026)"},"content":{"rendered":"<p>O<\/p>\n<p>plano de vingan\u00e7a de Adriana vai ganhar um novo \u2014 e estrat\u00e9gico \u2014 cap\u00edtulo em Quem Ama Cuida. Nesta quarta-feira (26), a protagonista descobre que Ulisses est\u00e1 afundado em d\u00edvidas por causa do v\u00edcio em jogo e n\u00e3o demora para perceber que a situa\u00e7\u00e3o pode ajud\u00e1-la a avan\u00e7ar contra a fam\u00edlia Brand\u00e3o. E n\u00e3o para por a\u00ed: Pedro vai atr\u00e1s da vi\u00fava do perito envolvido no processo que levou Adriana \u00e0 pris\u00e3o.<\/p>\n<p>O cap\u00edtulo come\u00e7a com clim\u00e3o daqueles entre Adriana e Bruna. A fisioterapeuta acusa a rival de ter tentado destruir o amor que Pedro sente por ela. Bruna, claro, sente o golpe. Ao mesmo tempo, Pedro nega para Pilar que esteja com Adriana.<\/p>\n<p>Se de um lado os assuntos do cora\u00e7\u00e3o est\u00e3o rendendo tens\u00e3o, do outro tem casal finalmente colocando os sentimentos para jogo. Dora e Andr\u00e9 declaram seu amor um pelo outro, dando continuidade \u00e0 aproxima\u00e7\u00e3o que j\u00e1 havia rendido um beijo entre os dois.<\/p>\n<p>Mau Mau, por sua vez, passa por uma situa\u00e7\u00e3o um tanto desconfort\u00e1vel. Ele fica tenso quando Dora pergunta se Felipe e Carolina se lembraram do parentesco do jovem com Adriana. Parece que algu\u00e9m ativou o modo \u201cdisfar\u00e7a e muda de assunto\u201d\u2026<\/p>\n<p>    Continua ap\u00f3s a publicidade<\/p>\n<p>V\u00edcio de Ulisses vira oportunidade para a vingan\u00e7a de Adriana<\/p>\n<p>Enquanto isso, a situa\u00e7\u00e3o de Ulisses fica cada vez mais delicada. Lyris aconselha o empres\u00e1rio a procurar ajuda para conseguir se livrar do v\u00edcio no jogo. Adriana e Nancy tamb\u00e9m descobrem o problema e ficam sabendo que ele est\u00e1 afundado em d\u00edvidas.<\/p>\n<p>\u00c9 a\u00ed que Adriana identifica uma oportunidade para avan\u00e7ar em sua vingan\u00e7a. Ela orienta Lyris a aconselhar Ulisses a vender sua participa\u00e7\u00e3o na joalheria e j\u00e1 come\u00e7a a pensar em comprar essa parte do neg\u00f3cio. Ou seja: o preju\u00edzo de Ulisses pode acabar se transformando em mais uma pe\u00e7a no tabuleiro da protagonista.<\/p>\n<p>A movimenta\u00e7\u00e3o faz sentido dentro do plano que Adriana vem construindo. Depois de revelar a Pedro a heran\u00e7a deixada por Arthur e receber o apoio dele para seguir com sua vingan\u00e7a, ela passou a ter recursos para mirar justamente a participa\u00e7\u00e3o de Ulisses na joalheria.<\/p>\n<p>    Continua ap\u00f3s a publicidade<\/p>\n<p>Pedro encontra nova pista sobre o processo de Adriana<\/p>\n<p>E tem investiga\u00e7\u00e3o avan\u00e7ando tamb\u00e9m! Andr\u00e9 conta a Cl\u00e9ber e Pedro que conseguiu localizar o endere\u00e7o de Carla, vi\u00fava do perito ligado ao processo de Adriana. Pedro, ent\u00e3o, decide procur\u00e1-la.<\/p>\n<p>Ser\u00e1 que Carla sabe alguma coisa capaz de ajudar a esclarecer o que aconteceu no processo? O encontro promete movimentar a busca por respostas \u2014 enquanto Adriana segue jogando suas pr\u00f3prias pe\u00e7as contra os Brand\u00e3o.<\/p>\n<p>Quem Ama Cuida \u00e9 exibida de segunda a s\u00e1bado na TV Globo. A emissora ressalta que os resumos dos cap\u00edtulos podem sofrer altera\u00e7\u00f5es de acordo com a edi\u00e7\u00e3o da novela.<\/p>\n<p>    Continua ap\u00f3s a publicidade<\/p>\n<p>A novela Quem Ama Cuida vai ao ar \u00e0s 20h40 nas quartas-feiras e \u00e0s 21h20 nos outros dias da semana (hor\u00e1rio de Bras\u00edlia).<\/p>\n<p>*Este conte\u00fado foi produzido com aux\u00edlio de ferramentas de <a href=\"https:\/\/vcia.abril.com.br\/\" rel=\"nofollow noopener\" target=\"_blank\">intelig\u00eancia artificial<\/a>, com curadoria e checagem da equipe de jornalistas da CAPRICHO.<\/p>\n<p>                Newsletter CH<br \/>\n                <img decoding=\"async\" src=\"https:\/\/capricho.abril.com.br\/wp-content\/themes\/abril-capricho-new\/inc\/images\/logo.svg\"\/><\/p>\n<p>                            Inscreva-se<br \/>\n                            e receba no seu e-mail o melhor do que rolou na semana na CH.<\/p>\n<p>                            Cadastro efetuado com sucesso!<\/p>\n<p>Voc\u00ea receber\u00e1 este conte\u00fado por email em breve.<\/p>\n<p>    Continua ap\u00f3s a publicidade<\/p>\n<p>O que \u00e9 ser adolescente hoje? Elenco de \u2018Por Voc\u00ea\u2019 responde<\/p>\n<p>\u00a0<\/p>\n<p>\u00a0<\/p>\n","protected":false},"excerpt":{"rendered":"O plano de vingan\u00e7a de Adriana vai ganhar um novo \u2014 e estrat\u00e9gico \u2014 cap\u00edtulo em Quem Ama&hellip;\n","protected":false},"author":2,"featured_media":501517,"comment_status":"","ping_status":"","sticky":false,"template":"","format":"standard","meta":{"footnotes":"","_share_on_mastodon":"0"},"categories":[142],"tags":[114,115,753,5236,2931,32,33,16076,151],"class_list":["post-501516","post","type-post","status-publish","format-standard","has-post-thumbnail","category-tv","tag-entertainment","tag-entretenimento","tag-globo","tag-nova-novela","tag-novela","tag-portugal","tag-pt","tag-resumo-dos-capitulos","tag-tv"],"share_on_mastodon":{"url":"https:\/\/pubeurope.com\/@pt\/117163096615506970","error":""},"_links":{"self":[{"href":"https:\/\/www.europesays.com\/pt\/wp-json\/wp\/v2\/posts\/501516","targetHints":{"allow":["GET"]}}],"collection":[{"href":"https:\/\/www.europesays.com\/pt\/wp-json\/wp\/v2\/posts"}],"about":[{"href":"https:\/\/www.europesays.com\/pt\/wp-json\/wp\/v2\/types\/post"}],"author":[{"embeddable":true,"href":"https:\/\/www.europesays.com\/pt\/wp-json\/wp\/v2\/users\/2"}],"replies":[{"embeddable":true,"href":"https:\/\/www.europesays.com\/pt\/wp-json\/wp\/v2\/comments?post=501516"}],"version-history":[{"count":0,"href":"https:\/\/www.europesays.com\/pt\/wp-json\/wp\/v2\/posts\/501516\/revisions"}],"wp:featuredmedia":[{"embeddable":true,"href":"https:\/\/www.europesays.com\/pt\/wp-json\/wp\/v2\/media\/501517"}],"wp:attachment":[{"href":"https:\/\/www.europesays.com\/pt\/wp-json\/wp\/v2\/media?parent=501516"}],"wp:term":[{"taxonomy":"category","embeddable":true,"href":"https:\/\/www.europesays.com\/pt\/wp-json\/wp\/v2\/categories?post=501516"},{"taxonomy":"post_tag","embeddable":true,"href":"https:\/\/www.europesays.com\/pt\/wp-json\/wp\/v2\/tags?post=501516"}],"curies":[{"name":"wp","href":"https:\/\/api.w.org\/{rel}","templated":true}]}}