{"id":501544,"date":"2026-08-26T18:18:34","date_gmt":"2026-08-26T18:18:34","guid":{"rendered":"https:\/\/www.europesays.com\/pt\/501544\/"},"modified":"2026-08-26T18:18:34","modified_gmt":"2026-08-26T18:18:34","slug":"carneiro-acolhe-novo-think-tank-mas-baliza-o-seu-papel-observador","status":"publish","type":"post","link":"https:\/\/www.europesays.com\/pt\/501544\/","title":{"rendered":"Carneiro acolhe novo think tank, mas baliza o seu papel \u2013 Observador"},"content":{"rendered":"<p>Jos\u00e9 Lu\u00eds Carneiro procura desarmar a leitura de que o <a href=\"https:\/\/observador.pt\/especiais\/deputado-socialista-lanca-think-tank-de-esquerda-e-garante-que-nao-e-uma-divisao-no-ps\/\" rel=\"nofollow noopener\" target=\"_blank\">novo think tank da esquerda<\/a> possa constituir um polo cr\u00edtico ou alternativo \u00e0 sua lideran\u00e7a. Al\u00e9m de sublinhar a presen\u00e7a de dirigentes socialistas entre os subscritores do Instituto Progresso, lan\u00e7ado esta quarta-feira, o l\u00edder do PS espera que da\u00ed saiam \u201c\u00f3timos contributos\u201d, que se diz dispon\u00edvel para \u201cacolher\u201d nas propostas socialistas, afirmou ao Observador.<\/p>\n<p>O l\u00edder do PS est\u00e1 a preparar o lan\u00e7amento do seu pr\u00f3prio movimento, \u201cContamos Todos\u201d, que vai tratar do futuro programa eleitoral do PS e que est\u00e1 agendado para outubro. E \u00e9 neste preciso contexto que coloca o novo laborat\u00f3rio de ideias como um instrumento de <strong>\u201cpropositura pol\u00edtica\u201d<\/strong> e n\u00e3o \u201cum espa\u00e7o para comentar a atualidade\u201d \u2014 \u201cPelo que percebo, n\u00e3o ser\u00e1 um espa\u00e7o para comentar a atualidade mas de propositura pol\u00edtica com pessoas independentes e de v\u00e1rios partidos\u201d.<\/p>\n<p>A frase acaba por enquadrar a iniciativa como complementar e <strong>n\u00e3o como concorrencial<\/strong>, quando sabe que entre os subscritores est\u00e1 um elemento muitas vezes apontado como poss\u00edvel alternativa \u00e0 sua lideran\u00e7a, caso de Duarte Cordeiro, e outros que<a href=\"https:\/\/observador.pt\/2026\/03\/24\/geracao-que-se-segue-no-ps-recusa-posicao-de-parceiro-do-governo-e-desafia-carneiro-a-saltar-de-cima-do-muro-do-nim\/\" rel=\"nofollow noopener\" target=\"_blank\"> j\u00e1 o criticaram no PS<\/a>.<\/p>\n<blockquote class=\"wp-embedded-content\" data-secret=\"G0GnjBxafP\">\n<p><a href=\"https:\/\/observador.pt\/especiais\/deputado-socialista-lanca-think-tank-de-esquerda-e-garante-que-nao-e-uma-divisao-no-ps\/\" rel=\"nofollow noopener\" target=\"_blank\">Deputado socialista lan\u00e7a think tank de esquerda e garante que \u201cn\u00e3o \u00e9 uma divis\u00e3o no PS\u201d<\/a><\/p>\n<\/blockquote>\n<p>Numa declara\u00e7\u00e3o ao Observador, Carneiro diz acolher \u201ccom <strong>satisfa\u00e7\u00e3o e expectativa<\/strong>\u201d o Instituto Progresso e, sabe o Observador, at\u00e9 foi o l\u00edder socialista o respons\u00e1vel pela indica\u00e7\u00e3o de um nome da sua dire\u00e7\u00e3o para integrar o think tank presidido pelo deputado socialista Miguel Costa Matos: Lu\u00eds Soares, seu chefe de gabinete e membro da dire\u00e7\u00e3o.<\/p>\n<p>Soares n\u00e3o \u00e9, de resto, o \u00fanico membro da dire\u00e7\u00e3o do partido a subscrever o manifesto do think tank, tamb\u00e9m o nome de <strong>Filipe Santos Costa<\/strong> consta na lista de mais de 170 assinaturas a que o Observador teve acesso. E Carneiro acredita que os dois, como os restantes militantes do PS que integram o Instituto Progresso, \u201cdar\u00e3o \u00f3timos contributos\u201d.<\/p>\n<p>Na mesma declara\u00e7\u00e3o, Carneiro sa\u00fada ainda que existam \u201cmuito boas vontades que se agregam para participar na vida p\u00fablica\u201d nesta fase. \u201cS\u00e3o cidad\u00e3os que procuram o melhor para o seu pa\u00eds\u201d, diz, garantindo: \u201cEstarei sempre dispon\u00edvel para os escutar e <strong>acolher<\/strong> as suas propostas.\u201d<\/p>\n<p>O think tank Instituto Progresso nasce com forte matriz socialista: v\u00e1rios elementos da dire\u00e7\u00e3o e subscritores do manifesto fundador s\u00e3o militantes do PS, passaram por gabinetes de governos socialistas ou mant\u00eam proximidade ao universo partid\u00e1rio. Ainda assim, a iniciativa pretende alargar-se a figuras \u201cdo centro at\u00e9 \u00e0 esquerda\u201d, sobretudo independentes, para trabalhar \u201cestrat\u00e9gias e pol\u00edticas progressistas\u201d.<\/p>\n","protected":false},"excerpt":{"rendered":"Jos\u00e9 Lu\u00eds Carneiro procura desarmar a leitura de que o novo think tank da esquerda possa constituir um&hellip;\n","protected":false},"author":2,"featured_media":501545,"comment_status":"","ping_status":"","sticky":false,"template":"","format":"standard","meta":{"footnotes":"","_share_on_mastodon":"0"},"categories":[10],"tags":[27,28,15,16,14,25,26,21,22,12,13,19,20,302,32,23,24,455,33,17,18,29,30,31],"class_list":["post-501544","post","type-post","status-publish","format-standard","has-post-thumbnail","category-portugal","tag-breaking-news","tag-breakingnews","tag-featured-news","tag-featurednews","tag-headlines","tag-latest-news","tag-latestnews","tag-main-news","tag-mainnews","tag-news","tag-noticias","tag-noticias-principais","tag-noticiasprincipais","tag-polu00edtica","tag-portugal","tag-principais-noticias","tag-principaisnoticias","tag-ps","tag-pt","tag-top-stories","tag-topstories","tag-ultimas","tag-ultimas-noticias","tag-ultimasnoticias"],"share_on_mastodon":{"url":"https:\/\/pubeurope.com\/@pt\/117163190319225975","error":""},"_links":{"self":[{"href":"https:\/\/www.europesays.com\/pt\/wp-json\/wp\/v2\/posts\/501544","targetHints":{"allow":["GET"]}}],"collection":[{"href":"https:\/\/www.europesays.com\/pt\/wp-json\/wp\/v2\/posts"}],"about":[{"href":"https:\/\/www.europesays.com\/pt\/wp-json\/wp\/v2\/types\/post"}],"author":[{"embeddable":true,"href":"https:\/\/www.europesays.com\/pt\/wp-json\/wp\/v2\/users\/2"}],"replies":[{"embeddable":true,"href":"https:\/\/www.europesays.com\/pt\/wp-json\/wp\/v2\/comments?post=501544"}],"version-history":[{"count":0,"href":"https:\/\/www.europesays.com\/pt\/wp-json\/wp\/v2\/posts\/501544\/revisions"}],"wp:featuredmedia":[{"embeddable":true,"href":"https:\/\/www.europesays.com\/pt\/wp-json\/wp\/v2\/media\/501545"}],"wp:attachment":[{"href":"https:\/\/www.europesays.com\/pt\/wp-json\/wp\/v2\/media?parent=501544"}],"wp:term":[{"taxonomy":"category","embeddable":true,"href":"https:\/\/www.europesays.com\/pt\/wp-json\/wp\/v2\/categories?post=501544"},{"taxonomy":"post_tag","embeddable":true,"href":"https:\/\/www.europesays.com\/pt\/wp-json\/wp\/v2\/tags?post=501544"}],"curies":[{"name":"wp","href":"https:\/\/api.w.org\/{rel}","templated":true}]}}