{"id":501558,"date":"2026-08-26T18:30:36","date_gmt":"2026-08-26T18:30:36","guid":{"rendered":"https:\/\/www.europesays.com\/pt\/501558\/"},"modified":"2026-08-26T18:30:36","modified_gmt":"2026-08-26T18:30:36","slug":"ps-blackout-por-que-jogadores-do-playstation-decidiram-boicotar-a-plataforma","status":"publish","type":"post","link":"https:\/\/www.europesays.com\/pt\/501558\/","title":{"rendered":"PS Blackout: por que jogadores do PlayStation decidiram boicotar a plataforma?"},"content":{"rendered":"<p><a href=\"https:\/\/fastcompanybrasil.com\/autor\/lilian-campos\/\" rel=\"nofollow noopener\" target=\"_blank\">Lilian Campos<\/a><\/p>\n<p>2 minutos de leitura<br \/>\n<a href=\"https:\/\/www.google.com\/preferences\/source?q=fastcompanybrasil.com\" target=\"_blank\" rel=\"noopener noreferrer nofollow\"><br \/>\n<img decoding=\"async\" src=\"https:\/\/www.europesays.com\/pt\/wp-content\/uploads\/2026\/08\/1787769036_447_btn_google_fast_company.fw_.png.webp\" alt=\"Favoritar no Google\"\/><br \/>\n<\/a><\/p>\n<p class=\"wp-block-paragraph\">Jogadores do <strong>PlayStation<\/strong> iniciaram uma campanha de boicote contra a Sony que pretende deixar os consoles e servi\u00e7os da empresa sem uso durante uma semana. O movimento, chamado de <strong>#PSBlackout<\/strong>, come\u00e7ou em 23 de agosto.<\/p>\n<p class=\"wp-block-paragraph\">A iniciativa foi organizada por f\u00e3s que querem pressionar a empresa ap\u00f3s o an\u00fancio de que a produ\u00e7\u00e3o de <strong>discos f\u00edsicos para jogos do PlayStation ser\u00e1 encerrada em janeiro de 2028<\/strong>, segundo informa\u00e7\u00f5es do <a href=\"https:\/\/www.tweaktown.com\/news\/113214\/playstation-gamers-planned-week-long-ps-blackout-begins-today\/index.html\" target=\"_blank\" rel=\"noreferrer noopener nofollow\">TweakTown<\/a>.<\/p>\n<p class=\"wp-block-paragraph\"><strong>Leia tamb\u00e9m: <a href=\"https:\/\/fastcompanybrasil.com\/games\/procurando-novo-mundo-explorar-5-jogos-mmo-mmorpg-ps4-ps5\/\" rel=\"nofollow noopener\" target=\"_blank\">Procurando um novo mundo para explorar? Veja 5 jogos de MMO e MMORPG para PS4 e PS5<\/a><\/strong><\/p>\n<p><strong>O QUE \u00c9 O PS BLACKOUT?<\/strong><\/p>\n<p class=\"wp-block-paragraph\">O <strong>#PSBlackout<\/strong> \u00e9 uma campanha criada por jogadores que defendem uma pausa coletiva no uso dos produtos e servi\u00e7os do <strong><a href=\"https:\/\/fastcompanybrasil.com\/games\/playstation-plus-7-titulos-todo-assinante-deveria-jogar\/\" target=\"_blank\" rel=\"noreferrer noopener nofollow\">PlayStation<\/a><\/strong>. Durante o per\u00edodo do protesto, os participantes s\u00e3o incentivados a <strong>desligar os consoles e evitar as plataformas da Sony<\/strong>.<\/p>\n<p class=\"wp-block-paragraph\">A ideia \u00e9 reduzir temporariamente o n\u00famero de usu\u00e1rios ativos e, dessa forma, chamar a aten\u00e7\u00e3o da empresa para a insatisfa\u00e7\u00e3o da comunidade.<\/p>\n<p class=\"wp-block-paragraph\">O movimento tem dura\u00e7\u00e3o prevista de uma semana, entre <strong>23 e 30 de agosto<\/strong>. No entanto, ainda n\u00e3o \u00e9 poss\u00edvel saber quantos jogadores realmente participar\u00e3o ou se a iniciativa ter\u00e1 impacto significativo sobre os n\u00fameros da <strong><a href=\"https:\/\/fastcompanybrasil.com\/games\/gta-6-5-recursos-inovadores-potencializam-experiencia-playstation-5\/\" target=\"_blank\" rel=\"noreferrer noopener nofollow\">plataforma<\/a><\/strong>.<\/p>\n<p><strong>POR QUE OS JOGADORES EST\u00c3O PROTESTANDO?<\/strong><\/p>\n<p class=\"wp-block-paragraph\">O principal motivo apontado pelos organizadores \u00e9 a decis\u00e3o de <strong><a href=\"https:\/\/fastcompanybrasil.com\/games\/sony-encerrar-producao-discos-fisicos-playstation\/\" target=\"_blank\" rel=\"noreferrer noopener nofollow\">encerrar a produ\u00e7\u00e3o de discos f\u00edsicos<\/a> de jogos do PlayStation a partir de janeiro de 2028<\/strong>.<\/p>\n<p class=\"wp-block-paragraph\">Para uma parte da comunidade, a mudan\u00e7a representa um avan\u00e7o ainda maior da ind\u00fastria em dire\u00e7\u00e3o ao formato digital. O receio \u00e9 que os <a href=\"https:\/\/fastcompanybrasil.com\/games\/7-jogos-gratis-playstation-store-baixar-hoje-mesmo\/\" target=\"_blank\" rel=\"noreferrer noopener nofollow\">jogadores<\/a> tenham menos op\u00e7\u00f5es para adquirir, guardar e <strong>revender jogos f\u00edsicos<\/strong>.<\/p>\n<p class=\"wp-block-paragraph\">O protesto, portanto, n\u00e3o est\u00e1 relacionado a um \u00fanico lan\u00e7amento ou problema pontual. A campanha busca demonstrar insatisfa\u00e7\u00e3o com o <strong>direcionamento da Sony em rela\u00e7\u00e3o ao futuro dos jogos f\u00edsicos<\/strong>.<\/p>\n<p><strong>SONY SE MANIFESTOU SOBRE O BOICOTE?<\/strong><\/p>\n<p class=\"wp-block-paragraph\">At\u00e9 o momento, a <strong>Sony n\u00e3o se pronunciou oficialmente sobre o #PSBlackout<\/strong>.<\/p>\n<p class=\"wp-block-paragraph\">Tamb\u00e9m n\u00e3o h\u00e1 garantia de que a campanha conseguir\u00e1 alterar os planos da empresa. O alcance do boicote depender\u00e1 da quantidade de jogadores que aderirem \u00e0 iniciativa e do impacto que a redu\u00e7\u00e3o tempor\u00e1ria de <strong><a href=\"https:\/\/fastcompanybrasil.com\/games\/prepare-espaco-ps5-5-jogos-chegam-ainda-este-ano\/\" target=\"_blank\" rel=\"noreferrer noopener nofollow\">usu\u00e1rios<\/a><\/strong> poder\u00e1 provocar.<\/p>\n<p class=\"wp-block-paragraph\">Segundo o <a href=\"https:\/\/www.tweaktown.com\/news\/113214\/playstation-gamers-planned-week-long-ps-blackout-begins-today\/index.html\" target=\"_blank\" rel=\"noreferrer noopener nofollow\">TweakTown<\/a>, que noticiou o movimento, os pr\u00f3prios organizadores reconhecem que ainda \u00e9 incerto qual ser\u00e1 o alcance e o efeito do protesto.<\/p>\n<p><img decoding=\"async\" src=\"\" alt=\"\"\/><\/p>\n<p>SOBRE A AUTORA<\/p>\n<p>\t\t<a href=\"https:\/\/fastcompanybrasil.com\/autor\/lilian-campos\/\" rel=\"nofollow noopener\" target=\"_blank\"><\/p>\n<p class=\"description\">Lilian Campos \u00e9 jornalista colaboradora da Fast Company Brasil.\tsaiba mais<\/p>\n<p><\/a><\/p>\n","protected":false},"excerpt":{"rendered":"Lilian Campos 2 minutos de leitura Jogadores do PlayStation iniciaram uma campanha de boicote contra a Sony que&hellip;\n","protected":false},"author":2,"featured_media":501559,"comment_status":"","ping_status":"","sticky":false,"template":"","format":"standard","meta":{"footnotes":"","_share_on_mastodon":"0"},"categories":[84],"tags":[109,107,108,905,2142,32,33,318,105,103,104,5856,106,110],"class_list":["post-501558","post","type-post","status-publish","format-standard","has-post-thumbnail","category-ciencia-e-tecnologia","tag-ciencia","tag-ciencia-e-tecnologia","tag-cienciaetecnologia","tag-games","tag-playstation","tag-portugal","tag-pt","tag-radar","tag-science","tag-science-and-technology","tag-scienceandtechnology","tag-tech","tag-technology","tag-tecnologia"],"share_on_mastodon":{"url":"https:\/\/pubeurope.com\/@pt\/117163238186127586","error":""},"_links":{"self":[{"href":"https:\/\/www.europesays.com\/pt\/wp-json\/wp\/v2\/posts\/501558","targetHints":{"allow":["GET"]}}],"collection":[{"href":"https:\/\/www.europesays.com\/pt\/wp-json\/wp\/v2\/posts"}],"about":[{"href":"https:\/\/www.europesays.com\/pt\/wp-json\/wp\/v2\/types\/post"}],"author":[{"embeddable":true,"href":"https:\/\/www.europesays.com\/pt\/wp-json\/wp\/v2\/users\/2"}],"replies":[{"embeddable":true,"href":"https:\/\/www.europesays.com\/pt\/wp-json\/wp\/v2\/comments?post=501558"}],"version-history":[{"count":0,"href":"https:\/\/www.europesays.com\/pt\/wp-json\/wp\/v2\/posts\/501558\/revisions"}],"wp:featuredmedia":[{"embeddable":true,"href":"https:\/\/www.europesays.com\/pt\/wp-json\/wp\/v2\/media\/501559"}],"wp:attachment":[{"href":"https:\/\/www.europesays.com\/pt\/wp-json\/wp\/v2\/media?parent=501558"}],"wp:term":[{"taxonomy":"category","embeddable":true,"href":"https:\/\/www.europesays.com\/pt\/wp-json\/wp\/v2\/categories?post=501558"},{"taxonomy":"post_tag","embeddable":true,"href":"https:\/\/www.europesays.com\/pt\/wp-json\/wp\/v2\/tags?post=501558"}],"curies":[{"name":"wp","href":"https:\/\/api.w.org\/{rel}","templated":true}]}}