{"id":501612,"date":"2026-08-26T19:16:27","date_gmt":"2026-08-26T19:16:27","guid":{"rendered":"https:\/\/www.europesays.com\/pt\/501612\/"},"modified":"2026-08-26T19:16:27","modified_gmt":"2026-08-26T19:16:27","slug":"hungria-suspeitas-sobre-a-compra-de-ventiladores-chineses-observador","status":"publish","type":"post","link":"https:\/\/www.europesays.com\/pt\/501612\/","title":{"rendered":"Hungria. Suspeitas sobre a compra de ventiladores chineses \u2013 Observador"},"content":{"rendered":"<p>A ministra n\u00e3o detalhou as alega\u00e7\u00f5es, mas explicou que a investiga\u00e7\u00e3o envolveu dezenas de milhares de documentos, alguns dos quais tiveram de ser recuperados atrav\u00e9s de ferramentas digitais \u201cap\u00f3s tentativas infrut\u00edferas de os apagar\u201d.<\/p>\n<p><strong>As conclus\u00f5es levantam ainda quest\u00f5es \u201csobre a responsabilidade da anterior dire\u00e7\u00e3o do minist\u00e9rio\u201d<\/strong>, acrescentou Anita Orb\u00e1n, que n\u00e3o tem rela\u00e7\u00e3o de parentesco com o antigo primeiro-ministro Viktor Orb\u00e1n.<\/p>\n<p>Um comunicado divulgado no portal do Governo h\u00fangaro apontou outras suspeitas de irregularidades relacionadas com a aquisi\u00e7\u00e3o dos ventiladores, incluindo o facto de<strong> a maioria dos aparelhos ter sido comprada atrav\u00e9s de empresas intermedi\u00e1rias cujas receitas aumentaram exponencialmente gra\u00e7as \u00e0 opera\u00e7\u00e3o<\/strong>.<\/p>\n<p><strong>Alguns dos ventiladores apresentavam defeitos e uma parte significativa nunca chegou a ser utilizada<\/strong>, segundo o comunicado, que acrescentou que os custos de armazenamento dos equipamentos n\u00e3o utilizados ascenderam a v\u00e1rios milh\u00f5es de euros.<\/p>\n<p dir=\"ltr\"><strong>[De regresso a Portugal, Carvalh\u00e3o Gil garante que n\u00e3o se vendeu aos russos e que nem sequer sabia que o homem com quem foi detido trabalhava para o SVR. Para ele, era s\u00f3 um \u201cparceiro de neg\u00f3cios\u201d. Mas as buscas \u00e0s casas do espi\u00e3o contam uma hist\u00f3ria diferente: a PJ encontra milhares de euros escondidos em casacos, gavetas e envelopes; dezenas de documentos secretos espalhados pelas v\u00e1rias divis\u00f5es; e at\u00e9 um rev\u00f3lver dissimulado numa estante. J\u00e1 est\u00e1 dispon\u00edvel o quinto epis\u00f3dio do novo Podcast Plus \u201cA Vida Dupla do Espi\u00e3o Traidor\u201d. Pode ouvir no <a href=\"https:\/\/observador.pt\/programas\/a-vida-dupla-do-espio-traidor\/episodio-5-um-maco-de-notas-verdes\/\" rel=\"nofollow noopener\" target=\"_blank\">site do Observador<\/a>, na<a href=\"https:\/\/podcasts.apple.com\/pt\/podcast\/epis%C3%B3dio-5-um-ma%C3%A7o-de-notas-verdes\/id6792864997?i=1000785615501\" rel=\"nofollow noopener\" target=\"_blank\"> Apple Podcasts<\/a>, no <a href=\"https:\/\/open.spotify.com\/episode\/0bV3kZduZPEtfcf406MUe0\" rel=\"nofollow noopener\" target=\"_blank\">Spotify <\/a>e no<a href=\"https:\/\/www.youtube.com\/watch?v=GuHo5ZaBCyk&amp;list=PLd6-ASW8hah4&amp;index=1\" rel=\"nofollow noopener\" target=\"_blank\"> YouTube<\/a>.]<\/strong><\/p>\n<p dir=\"ltr\"><a href=\"https:\/\/observador.pt\/programas\/a-vida-dupla-do-espio-traidor\/episodio-5-um-maco-de-notas-verdes\/\" rel=\"nofollow noopener\" target=\"_blank\"><\/p>\n<p>        <img src=\"https:\/\/www.europesays.com\/pt\/wp-content\/uploads\/2026\/08\/1787771787_268_770-a-vida-dupla-do-espiao-traidor-iconplay.png\" alt=\"\" loading=\"lazy\" decoding=\"async\" class=\"alignnone\" onload=\"this.parentElement.classList.remove('spinner')\" onerror=\"this.parentElement.classList.remove('spinner')\" width=\"770\" height=\"433\"\/>    <\/p>\n<p><\/a><\/p>\n<p>O antigo ministro dos Neg\u00f3cios Estrangeiros h\u00fangaro, P\u00e9ter Szijj\u00e1rt\u00f3, cultivou rela\u00e7\u00f5es estreitas com a China durante os quase 12 anos em que ocupou o cargo e supervisionou tanto a compra dos ventiladores como a aquisi\u00e7\u00e3o de cinco milh\u00f5es de doses da vacina contra a Covid-19 produzida pela farmac\u00eautica chinesa Sinopharm.<\/p>\n<p>Em julho, Szijj\u00e1rt\u00f3 renunciou ao mandato de deputado para assumir um cargo executivo na fabricante chinesa de autom\u00f3veis BYD, uma decis\u00e3o que suscitou acusa\u00e7\u00f5es de conflito de interesses devido ao papel que desempenhou, enquanto governante, na atribui\u00e7\u00e3o de importantes subs\u00eddios p\u00fablicos \u00e0 empresa.<\/p>\n<p>O Governo h\u00fangaro abriu posteriormente uma investiga\u00e7\u00e3o aos investimentos realizados pela BYD no pa\u00eds durante o mandato de Szijj\u00e1rt\u00f3.<\/p>\n","protected":false},"excerpt":{"rendered":"A ministra n\u00e3o detalhou as alega\u00e7\u00f5es, mas explicou que a investiga\u00e7\u00e3o envolveu dezenas de milhares de documentos, alguns&hellip;\n","protected":false},"author":2,"featured_media":501613,"comment_status":"","ping_status":"","sticky":false,"template":"","format":"standard","meta":{"footnotes":"","_share_on_mastodon":"0"},"categories":[50],"tags":[27,28,9731,15,16,14,1991,25,26,21,22,62,12,13,19,20,23,24,2946,6824,17,18,29,30,31,63,64,65],"class_list":["post-501612","post","type-post","status-publish","format-standard","has-post-thumbnail","category-mundo","tag-breaking-news","tag-breakingnews","tag-coronavu00edrus","tag-featured-news","tag-featurednews","tag-headlines","tag-hungria","tag-latest-news","tag-latestnews","tag-main-news","tag-mainnews","tag-mundo","tag-news","tag-noticias","tag-noticias-principais","tag-noticiasprincipais","tag-principais-noticias","tag-principaisnoticias","tag-sau00fade","tag-sau00fade-pu00fablica","tag-top-stories","tag-topstories","tag-ultimas","tag-ultimas-noticias","tag-ultimasnoticias","tag-world","tag-world-news","tag-worldnews"],"share_on_mastodon":{"url":"https:\/\/pubeurope.com\/@pt\/117163419142373517","error":""},"_links":{"self":[{"href":"https:\/\/www.europesays.com\/pt\/wp-json\/wp\/v2\/posts\/501612","targetHints":{"allow":["GET"]}}],"collection":[{"href":"https:\/\/www.europesays.com\/pt\/wp-json\/wp\/v2\/posts"}],"about":[{"href":"https:\/\/www.europesays.com\/pt\/wp-json\/wp\/v2\/types\/post"}],"author":[{"embeddable":true,"href":"https:\/\/www.europesays.com\/pt\/wp-json\/wp\/v2\/users\/2"}],"replies":[{"embeddable":true,"href":"https:\/\/www.europesays.com\/pt\/wp-json\/wp\/v2\/comments?post=501612"}],"version-history":[{"count":0,"href":"https:\/\/www.europesays.com\/pt\/wp-json\/wp\/v2\/posts\/501612\/revisions"}],"wp:featuredmedia":[{"embeddable":true,"href":"https:\/\/www.europesays.com\/pt\/wp-json\/wp\/v2\/media\/501613"}],"wp:attachment":[{"href":"https:\/\/www.europesays.com\/pt\/wp-json\/wp\/v2\/media?parent=501612"}],"wp:term":[{"taxonomy":"category","embeddable":true,"href":"https:\/\/www.europesays.com\/pt\/wp-json\/wp\/v2\/categories?post=501612"},{"taxonomy":"post_tag","embeddable":true,"href":"https:\/\/www.europesays.com\/pt\/wp-json\/wp\/v2\/tags?post=501612"}],"curies":[{"name":"wp","href":"https:\/\/api.w.org\/{rel}","templated":true}]}}