{"id":501755,"date":"2026-08-26T21:36:24","date_gmt":"2026-08-26T21:36:24","guid":{"rendered":"https:\/\/www.europesays.com\/pt\/501755\/"},"modified":"2026-08-26T21:36:24","modified_gmt":"2026-08-26T21:36:24","slug":"resumo-de-a-nobreza-do-amor-capitulo-de-quarta-feira-26-08-2026","status":"publish","type":"post","link":"https:\/\/www.europesays.com\/pt\/501755\/","title":{"rendered":"Resumo de \u2018A Nobreza do Amor\u2019: Cap\u00edtulo de quarta-feira (26\/08\/2026)"},"content":{"rendered":"<p>Romance, ci\u00fames e uma amea\u00e7a cada vez mais perto de Alika: o cap\u00edtulo de A Nobreza do Amor desta quarta-feira (26) vem no combo completo! Tonho e a princesa ficam ainda mais encantados com as coincid\u00eancias que cercam sua hist\u00f3ria e comemoram juntos o anivers\u00e1rio. S\u00f3 que, enquanto os pombinhos celebram, Virg\u00ednia coloca as m\u00e3os em algo capaz de colocar Alika em perigo: uma fotografia da jovem.<\/p>\n<p>Depois de descobrirem que nasceram no mesmo dia, Tonho e Alika acreditam que o encontro dos dois estava mesmo escrito nas estrelas. E haja roteiro de com\u00e9dia rom\u00e2ntica, viu? Nesta quarta-feira, chega o anivers\u00e1rio dos dois, que comemoram a data juntos.<\/p>\n<p>Mas \u00e9 claro que Mirinho n\u00e3o deixaria a comemora\u00e7\u00e3o acontecer sem um pouquinho de caos. Ele presenteia L\u00facia\/Alika e, com o gesto, provoca Tonho. Omar presencia a situa\u00e7\u00e3o \u2014 justamente depois de ter se declarado para Alika e beijado a princesa nos cap\u00edtulos anteriores.<\/p>\n<p>Omar tamb\u00e9m ganha um ombro amigo. Salma consola o forasteiro, dando continuidade \u00e0 aproxima\u00e7\u00e3o entre os dois. Nos \u00faltimos cap\u00edtulos, eles j\u00e1 haviam conversado sobre suas respectivas desilus\u00f5es amorosas, enquanto Salma chegou a despertar a desconfian\u00e7a do pai ao falar sobre Omar.<\/p>\n<p>K\u00eania enfrenta Jendal e Binta em A Nobreza do Amor<\/p>\n<p>Em Batanga, a situa\u00e7\u00e3o de K\u00eania continua tensa. A princesa se revolta contra Jendal e Binta, e o rei ordena que Chinua se afaste da filha. O confronto acontece depois de Jendal decidir que K\u00eania dever\u00e1 se casar com Pascoal, uni\u00e3o com a qual Chinua j\u00e1 havia demonstrado n\u00e3o concordar.<\/p>\n<p>    Continua ap\u00f3s a publicidade<\/p>\n<p>J\u00e1 em Barro Preto, Marta conversa com D\u00f4ra sobre Maria Helena e afirma admirar a coragem da mulher por ter fugido com Murilo. A decis\u00e3o foi tomada depois de uma sequ\u00eancia bastante delicada: Fortunato havia agredido Maria Helena e a mantido presa, at\u00e9 que Manoel e D\u00f4ra ajudaram a libert\u00e1-la. Depois, ela decidiu partir ao lado de Murilo.<\/p>\n<p>E tem romance surgindo em outro cantinho da novela! Onildo beija Niara. Parece que Tonho e Alika n\u00e3o ser\u00e3o os \u00fanicos respons\u00e1veis pela cota de borboletas no est\u00f4mago deste cap\u00edtulo\u2026<\/p>\n<p>Foto de Alika finalmente chega \u00e0s m\u00e3os de Virg\u00ednia<\/p>\n<p>Enquanto Alika comemora ao lado de Tonho sem imaginar o perigo que se aproxima, Virg\u00ednia faz uma revela\u00e7\u00e3o para Marta: ela conta que se entregou a Mirinho. Mas a movimenta\u00e7\u00e3o mais preocupante para a princesa acontece quando Sebasti\u00e3o finalmente entrega a Virg\u00ednia a fotografia de Alika.<\/p>\n<p>    Continua ap\u00f3s a publicidade<\/p>\n<p>A foto n\u00e3o surgiu do nada. Sebasti\u00e3o havia fotografado Alika anteriormente e j\u00e1 tinha contado a Virg\u00ednia que havia conseguido o registro. O objetivo dos dois \u00e9 usar a imagem para denunciar o paradeiro da princesa a Jendal. Ou seja, o alerta de perigo acaba de ficar piscando em vermelho.<\/p>\n<p>E Alika tem motivos de sobra para se preocupar: no cap\u00edtulo seguinte, Virg\u00ednia ficar\u00e1 animada com a possibilidade de entregar a princesa a Jendal. A vil\u00e3 ainda escrever\u00e1 uma carta ao rei denunciando Alika.<\/p>\n<p>A Nobreza do Amor \u00e9 exibida de segunda a s\u00e1bado na TV Globo. A emissora ressalta que as informa\u00e7\u00f5es dos resumos podem sofrer altera\u00e7\u00f5es em fun\u00e7\u00e3o da edi\u00e7\u00e3o dos cap\u00edtulos.<\/p>\n<p>    Continua ap\u00f3s a publicidade<\/p>\n<p><strong>A Nobreza do Amor vai ao ar de segunda a s\u00e1bado \u00e0s 18h25, na Rede Globo.\u00a0<\/strong><\/p>\n<p>*Este conte\u00fado foi produzido com aux\u00edlio de ferramentas de <a href=\"https:\/\/vcia.abril.com.br\/\" rel=\"nofollow noopener\" target=\"_blank\">intelig\u00eancia artificial<\/a>, com curadoria e checagem da equipe de jornalistas da CAPRICHO.<\/p>\n<p>                Newsletter CH<br \/>\n                <img decoding=\"async\" src=\"https:\/\/capricho.abril.com.br\/wp-content\/themes\/abril-capricho-new\/inc\/images\/logo.svg\"\/><\/p>\n<p>                            Inscreva-se<br \/>\n                            e receba no seu e-mail o melhor do que rolou na semana na CH.<\/p>\n<p>                            Cadastro efetuado com sucesso!<\/p>\n<p>Voc\u00ea receber\u00e1 este conte\u00fado por email em breve.<\/p>\n<p>    Continua ap\u00f3s a publicidade<\/p>\n<p>O que \u00e9 ser adolescente hoje? Elenco de \u2018Por Voc\u00ea\u2019 responde<\/p>\n","protected":false},"excerpt":{"rendered":"Romance, ci\u00fames e uma amea\u00e7a cada vez mais perto de Alika: o cap\u00edtulo de A Nobreza do Amor&hellip;\n","protected":false},"author":2,"featured_media":501756,"comment_status":"","ping_status":"","sticky":false,"template":"","format":"standard","meta":{"footnotes":"","_share_on_mastodon":"0"},"categories":[142],"tags":[114,115,753,5236,2931,32,33,16076,151],"class_list":["post-501755","post","type-post","status-publish","format-standard","has-post-thumbnail","category-tv","tag-entertainment","tag-entretenimento","tag-globo","tag-nova-novela","tag-novela","tag-portugal","tag-pt","tag-resumo-dos-capitulos","tag-tv"],"share_on_mastodon":{"url":"https:\/\/pubeurope.com\/@pt\/117163969545320227","error":""},"_links":{"self":[{"href":"https:\/\/www.europesays.com\/pt\/wp-json\/wp\/v2\/posts\/501755","targetHints":{"allow":["GET"]}}],"collection":[{"href":"https:\/\/www.europesays.com\/pt\/wp-json\/wp\/v2\/posts"}],"about":[{"href":"https:\/\/www.europesays.com\/pt\/wp-json\/wp\/v2\/types\/post"}],"author":[{"embeddable":true,"href":"https:\/\/www.europesays.com\/pt\/wp-json\/wp\/v2\/users\/2"}],"replies":[{"embeddable":true,"href":"https:\/\/www.europesays.com\/pt\/wp-json\/wp\/v2\/comments?post=501755"}],"version-history":[{"count":0,"href":"https:\/\/www.europesays.com\/pt\/wp-json\/wp\/v2\/posts\/501755\/revisions"}],"wp:featuredmedia":[{"embeddable":true,"href":"https:\/\/www.europesays.com\/pt\/wp-json\/wp\/v2\/media\/501756"}],"wp:attachment":[{"href":"https:\/\/www.europesays.com\/pt\/wp-json\/wp\/v2\/media?parent=501755"}],"wp:term":[{"taxonomy":"category","embeddable":true,"href":"https:\/\/www.europesays.com\/pt\/wp-json\/wp\/v2\/categories?post=501755"},{"taxonomy":"post_tag","embeddable":true,"href":"https:\/\/www.europesays.com\/pt\/wp-json\/wp\/v2\/tags?post=501755"}],"curies":[{"name":"wp","href":"https:\/\/api.w.org\/{rel}","templated":true}]}}