{"id":501785,"date":"2026-08-26T21:58:42","date_gmt":"2026-08-26T21:58:42","guid":{"rendered":"https:\/\/www.europesays.com\/pt\/501785\/"},"modified":"2026-08-26T21:58:42","modified_gmt":"2026-08-26T21:58:42","slug":"motard-portugues-na-siberia-encontrou-o-criticado-deputado-do-ps-ha-elogios-aos-russos","status":"publish","type":"post","link":"https:\/\/www.europesays.com\/pt\/501785\/","title":{"rendered":"Motard portugu\u00eas na Sib\u00e9ria encontrou&#8230; o (criticado) deputado do PS. H\u00e1 elogios aos russos"},"content":{"rendered":"<p class=\"wp-caption-text top\">Jos\u00e9 Carlos Barbosa \/ Facebook<\/p>\n<p><img loading=\"eager\" fetchpriority=\"high\" decoding=\"async\" class=\"size-kopa-image-size-3 wp-image-761370\" src=\"https:\/\/www.europesays.com\/pt\/wp-content\/uploads\/2026\/08\/915e4bd0999a65909549dd9f20a96ef7-783x450.jpg\" alt=\"\" width=\"700\" height=\"402\"  \/><\/p>\n<p class=\"wp-caption-text bot\">Jos\u00e9 Carlos Barbosa, deputado do PS, em viagem de comboio<\/p>\n<p><strong>Um encontro improv\u00e1vel entre Leonel Ferraz e Jos\u00e9 Carlos Barbosa. Ambos classificam o povo russo como hospitaleiro e af\u00e1vel.<\/strong><\/p>\n<p>Era um sonho antigo de Jos\u00e9 Carlos Barbosa. O deputado do PS, natural de Paredes, queria ir de comboio precisamente de Paredes at\u00e9 Pequim. Concretizou, neste Ver\u00e3o de 2026.<\/p>\n<p>Portugal, Espanha, Fran\u00e7a, Alemanha, Pol\u00f3nia, Bielorr\u00fassia, R\u00fassia, Mong\u00f3lia e China. Sempre de comboio. 13.600 quil\u00f3metros, 26 etapas, cerca de 177 horas dentro de comboios, descreve o <a href=\"https:\/\/jornal360.pt\/deputado-de-paredes-percorre-13-600-quilometros-de-comboio-ate-pequim-para-cumprir-um-sonho\/\" data-wpel-link=\"external\" rel=\"noopener nofollow\" class=\"ext-link\" target=\"_blank\">Jornal 360<\/a>.<\/p>\n<p>Ao longo da sua viagem, foi publicando imagens e elogios ao que encontrou em diversos pa\u00edses. R\u00fassia inclu\u00edda: cidades, esta\u00e7\u00f5es, pessoas russas.<\/p>\n<p>A Associa\u00e7\u00e3o dos Ucranianos em Portugal n\u00e3o gostou. Rui Paulo Sousa, deputado do Chega, tamb\u00e9m n\u00e3o. Rodrigo Saraiva, deputado da Iniciativa Liberal, igual. E outros coment\u00e1rios p\u00fablicos criticaram esses elogios do deputado socialista a um pa\u00eds que invadiu a Ucr\u00e2nia.<\/p>\n<p>\u201cVisitar um pa\u00eds n\u00e3o significa apoiar o seu Governo\u201d, lembrou Jos\u00e9 Carlos Barbosa. \u201cConhecer um povo n\u00e3o significa concordar com quem o governa\u201d, ou mostrar aquilo que se v\u00ea \u201cn\u00e3o significa fazer propaganda\u201d, completou.<\/p>\n<p>Encontro com motard<\/p>\n<p>Leonel Ferraz \u00e9 um motard. Partiu de Braga em Abril, e est\u00e1 agora a caminho de Vladivostok, capital da Sib\u00e9ria. Desse ponto mais a oriente da R\u00fassia vai apanhar um ferry boat para a Coreia do Sul.<\/p>\n<p>Na Sib\u00e9ria, perto do lago Baikal, encontrou\u2026 Jos\u00e9 Carlos Barbosa, enquanto o deputado do PS passava pela R\u00fassia.<\/p>\n<p>\u201cPartilho com ele a opini\u00e3o de que o povo russo \u00e9 hospitaleiro e af\u00e1vel, e nem percebo porque \u00e9 que dizer isso d\u00e1 origem a tanta pol\u00e9mica em Portugal\u201d, comentou Leonel, no jornal <a href=\"https:\/\/ominho.pt\/motard-de-braga-encontrou-deputado-do-ps-a-caminho-da-siberia\/\" data-wpel-link=\"external\" rel=\"noopener nofollow\" class=\"ext-link\" target=\"_blank\">O Minho<\/a>.<\/p>\n<p>O motard deu exemplos dos \u201cin\u00fameros gestos de simpatia\u201d: convites para jantar em casa de pessoas acabadas de conhecer, borlas no mec\u00e2nico e no barbeiro, presen\u00e7a em conv\u00edvios e festas, pedidos para selfies\u2026<\/p>\n<p>E o minhoto ficou mesmo convencido com a R\u00fassia: \u201cQuando terminar esta viagem, vou regressar \u00e0 R\u00fassia, mas numa viagem de comboio. Gosto muito do pa\u00eds e quero voltar a ver os amigos que aqui fiz\u201d.<\/p>\n<p style=\"padding-left: 25px; margin-bottom: 10; font-family: Roboto, Arial, Helvetica, sans-serif; font-size: 15px\">&#13;<br \/>\n        Nuno Teixeira da Silva, ZAP \/\/ <a href=\"\" data-wpel-link=\"internal\"\/>&#13;\n    <\/p>\n","protected":false},"excerpt":{"rendered":"Jos\u00e9 Carlos Barbosa \/ Facebook Jos\u00e9 Carlos Barbosa, deputado do PS, em viagem de comboio Um encontro improv\u00e1vel&hellip;\n","protected":false},"author":2,"featured_media":501786,"comment_status":"","ping_status":"","sticky":false,"template":"","format":"standard","meta":{"footnotes":"","_share_on_mastodon":"0"},"categories":[50],"tags":[27,28,15,16,19835,14,25,26,21,22,62,12,13,19,20,52,23,24,455,839,17,18,1456,29,30,31,1080,63,64,65],"class_list":["post-501785","post","type-post","status-publish","format-standard","has-post-thumbnail","category-mundo","tag-breaking-news","tag-breakingnews","tag-featured-news","tag-featurednews","tag-ferrovia","tag-headlines","tag-latest-news","tag-latestnews","tag-main-news","tag-mainnews","tag-mundo","tag-news","tag-noticias","tag-noticias-principais","tag-noticiasprincipais","tag-politica","tag-principais-noticias","tag-principaisnoticias","tag-ps","tag-russia","tag-top-stories","tag-topstories","tag-turismo","tag-ultimas","tag-ultimas-noticias","tag-ultimasnoticias","tag-viagens","tag-world","tag-world-news","tag-worldnews"],"share_on_mastodon":{"url":"https:\/\/pubeurope.com\/@pt\/117164055899583894","error":""},"_links":{"self":[{"href":"https:\/\/www.europesays.com\/pt\/wp-json\/wp\/v2\/posts\/501785","targetHints":{"allow":["GET"]}}],"collection":[{"href":"https:\/\/www.europesays.com\/pt\/wp-json\/wp\/v2\/posts"}],"about":[{"href":"https:\/\/www.europesays.com\/pt\/wp-json\/wp\/v2\/types\/post"}],"author":[{"embeddable":true,"href":"https:\/\/www.europesays.com\/pt\/wp-json\/wp\/v2\/users\/2"}],"replies":[{"embeddable":true,"href":"https:\/\/www.europesays.com\/pt\/wp-json\/wp\/v2\/comments?post=501785"}],"version-history":[{"count":0,"href":"https:\/\/www.europesays.com\/pt\/wp-json\/wp\/v2\/posts\/501785\/revisions"}],"wp:featuredmedia":[{"embeddable":true,"href":"https:\/\/www.europesays.com\/pt\/wp-json\/wp\/v2\/media\/501786"}],"wp:attachment":[{"href":"https:\/\/www.europesays.com\/pt\/wp-json\/wp\/v2\/media?parent=501785"}],"wp:term":[{"taxonomy":"category","embeddable":true,"href":"https:\/\/www.europesays.com\/pt\/wp-json\/wp\/v2\/categories?post=501785"},{"taxonomy":"post_tag","embeddable":true,"href":"https:\/\/www.europesays.com\/pt\/wp-json\/wp\/v2\/tags?post=501785"}],"curies":[{"name":"wp","href":"https:\/\/api.w.org\/{rel}","templated":true}]}}