{"id":50181,"date":"2025-08-29T13:58:10","date_gmt":"2025-08-29T13:58:10","guid":{"rendered":"https:\/\/www.europesays.com\/pt\/50181\/"},"modified":"2025-08-29T13:58:10","modified_gmt":"2025-08-29T13:58:10","slug":"farioli-leva-pablo-rosario-para-o-classico-e-um-grande-jogador-o-jogo","status":"publish","type":"post","link":"https:\/\/www.europesays.com\/pt\/50181\/","title":{"rendered":"Farioli leva Pablo Rosario para o cl\u00e1ssico: &quot;\u00c9 um grande jogador&quot; &#8211; O Jogo"},"content":{"rendered":"<ol>\n<li><a href=\"https:\/\/news.google.com\/rss\/articles\/CBMimwFBVV95cUxQSmRLYWlWbGxGY05GUEJvWmtsTFhHWGRlckQwNUdGc3JPVVVkSlkxOXcwZEFDRnV6Y1pHenluUk1OUEtRcEFoOHNQZW5Da19mNkdrMFBidW9yblZhQUxRMlhETWl2MWxWU2tFanJ5V3Y1dkR3NXlsdFducXVBbnFNdDVQNFFjbFVYZTd4MUVlYXBhT3JzelRtWU42WQ?oc=5\" target=\"_blank\" rel=\"nofollow noopener\">Farioli leva Pablo Rosario para o cl\u00e1ssico: &#8220;\u00c9 um grande jogador&#8221;<\/a>&nbsp;&nbsp;O Jogo<\/li>\n<li><a href=\"https:\/\/news.google.com\/rss\/articles\/CBMiowFBVV95cUxOUUFzak9xV2lzcXdURXlnYkxYeW00UUhsTGlIcHBXbWViamFXQVFZeU5Fa0tkaktSci02R00tOG8xZnNnLVBMaXdwNnVSMklnOTY4NUExZTVfU2xfb3hvWjljWHk2dmtHTmwzejIxdFRZRndMMkdMR3JlZFlxQ1Uza1YzRHprUDhMZTgxZnFhQU9Ua2FNU0xZQnpSOE0xbW1nV1NJ?oc=5\" target=\"_blank\" rel=\"nofollow noopener\">1.\u00ba cl\u00e1ssico da \u00e9poca. FC Porto n\u00e3o altera forma de jogar<\/a>&nbsp;&nbsp;RTP<\/li>\n<li><a href=\"https:\/\/news.google.com\/rss\/articles\/CBMiswFBVV95cUxQSDVsZDA2MFI5bkRLUmxHRkZtek0yNjdrYWRFMWktTzREY3d1TjdOSjJOeEhvLTlrOWtuaHFwZ29TRlZaUzB5N2NLaC1rNVNxZGVLb00zQzJqYUVoUi1haGpKQlpOUjM4dlZSWWozR2JUZnBPRXlBWHZrSGhya3U2QTRLRXhCU3J0YzJCY2F1SVdKTmhYei1XU1h4LUh2VFNlRktJemF5NHo2ZlFqQ0xEd2hyc9IBuAFBVV95cUxOVG1yVG55NVpKVll4X3p1eFhMVHJ4bVhkT1ZnMkhCY3RrV0I1aHZmQlNuTXRMai1GYUstXzYyRjJBcS1qS1JzQ2hKNWIyRXFLc0ljdDlVeG14YThGcTZOMmRBNWxldmx2UXpLeDZYeHg4SndaTkNkWW9MTDdqazBocHRZTmQ1ekxWZ3ZRbHd1Z0Y2a2U4UUdTcUlTTHpsdWdzNjFScWlkT19vUzdRbUNYc3FXQVc4aUhZ?oc=5\" target=\"_blank\" rel=\"nofollow noopener\">Farioli: \u00abRui Borges jogou contra dez num ter\u00e7o dos jogos, estamos preparados\u00bb<\/a>&nbsp;&nbsp;Maisfutebol<\/li>\n<li><a href=\"https:\/\/news.google.com\/rss\/articles\/CBMizgFBVV95cUxNaHlxWHF2MC1Eb2VFRXVqV25QekhfYVdRV0VSQUpJWDdXcjZULWhQMHhYSjFRUzQ5MFUwUjlFcVcxcUlWLVJDdUROZFRHTGJoOG81Q3BZRDNRaVB2VVhKR0lnRXdDYlo2cU8zX1ZkZEtwSC1vbjI0MDVrQlRNZzUzYkFFeldJaVN1NkxIOTk3OUMtS2tyZWdyMkYtUWthZFJ5ckNoMFN0WURnMkstc3ZhR1FVNjZ2SGxrbVFBLWloaTNIaHU5NUFLWnpUbmhHQQ?oc=5\" target=\"_blank\" rel=\"nofollow noopener\">Farioli deixa farpa ao Sporting: \u00abPrepar\u00e1mos cen\u00e1rios em inferioridade num\u00e9rica, s\u00f3 pelo seguro\u00bb<\/a>&nbsp;&nbsp;zerozero.pt<\/li>\n<li><a href=\"https:\/\/news.google.com\/rss\/articles\/CBMi5wFBVV95cUxPMmhERVV0NE96WVBNZXZQQWw5VWlaaVpFMGhwOG4wS0dybldnUEdnZU5TWkpfVklOR3lEbjdqT1lSWlNZQkhPX0Q1RWFlQm16NkRKNnVaZ2dRWVZ0R1pILW1SdUU0RGRrcUZmUXI5b3AtTlhtZE9Geld1OGlHWTVweEJwZW83WkhFNjFydkNGZGtTNkoya09ScEY5T1R3NTM0b21wN1F0b1VQLWUtWjBLQ1BNZ3dQcU05eHZSdkhXX2NzNXJRd1lNdks0eEZuS2FoeUxMRkpHcExISWFNaG9tRnVEQkpmSlE?oc=5\" target=\"_blank\" rel=\"nofollow noopener\">Em direto: siga a confer\u00eancia de Farioli de antevis\u00e3o ao jogo com o Sporting<\/a>&nbsp;&nbsp;Record<\/li>\n<\/ol>\n","protected":false},"excerpt":{"rendered":"Farioli leva Pablo Rosario para o cl\u00e1ssico: &#8220;\u00c9 um grande jogador&#8221;&nbsp;&nbsp;O Jogo 1.\u00ba cl\u00e1ssico da \u00e9poca. FC Porto&hellip;\n","protected":false},"author":2,"featured_media":50182,"comment_status":"","ping_status":"","sticky":false,"template":"","format":"standard","meta":{"footnotes":""},"categories":[87],"tags":[135,32,33,134],"class_list":{"0":"post-50181","1":"post","2":"type-post","3":"status-publish","4":"format-standard","5":"has-post-thumbnail","7":"category-desporto","8":"tag-desporto","9":"tag-portugal","10":"tag-pt","11":"tag-sports"},"share_on_mastodon":{"url":"","error":""},"_links":{"self":[{"href":"https:\/\/www.europesays.com\/pt\/wp-json\/wp\/v2\/posts\/50181","targetHints":{"allow":["GET"]}}],"collection":[{"href":"https:\/\/www.europesays.com\/pt\/wp-json\/wp\/v2\/posts"}],"about":[{"href":"https:\/\/www.europesays.com\/pt\/wp-json\/wp\/v2\/types\/post"}],"author":[{"embeddable":true,"href":"https:\/\/www.europesays.com\/pt\/wp-json\/wp\/v2\/users\/2"}],"replies":[{"embeddable":true,"href":"https:\/\/www.europesays.com\/pt\/wp-json\/wp\/v2\/comments?post=50181"}],"version-history":[{"count":0,"href":"https:\/\/www.europesays.com\/pt\/wp-json\/wp\/v2\/posts\/50181\/revisions"}],"wp:featuredmedia":[{"embeddable":true,"href":"https:\/\/www.europesays.com\/pt\/wp-json\/wp\/v2\/media\/50182"}],"wp:attachment":[{"href":"https:\/\/www.europesays.com\/pt\/wp-json\/wp\/v2\/media?parent=50181"}],"wp:term":[{"taxonomy":"category","embeddable":true,"href":"https:\/\/www.europesays.com\/pt\/wp-json\/wp\/v2\/categories?post=50181"},{"taxonomy":"post_tag","embeddable":true,"href":"https:\/\/www.europesays.com\/pt\/wp-json\/wp\/v2\/tags?post=50181"}],"curies":[{"name":"wp","href":"https:\/\/api.w.org\/{rel}","templated":true}]}}