{"id":501889,"date":"2026-08-26T23:47:21","date_gmt":"2026-08-26T23:47:21","guid":{"rendered":"https:\/\/www.europesays.com\/pt\/501889\/"},"modified":"2026-08-26T23:47:21","modified_gmt":"2026-08-26T23:47:21","slug":"cip-quer-que-reforma-das-pensoes-avance-ja-e-sem-truques-observador","status":"publish","type":"post","link":"https:\/\/www.europesays.com\/pt\/501889\/","title":{"rendered":"CIP quer que reforma das pens\u00f5es avance &#8220;j\u00e1&#8221; e &#8220;sem truques&#8221; \u2013 Observador"},"content":{"rendered":"<p>O presidente da CIP criticou a oposi\u00e7\u00e3o pelas rea\u00e7\u00f5es ao estudo encomendado pelo Minist\u00e9rio do Trabalho sobre a Seguran\u00e7a Social e desafiou o Governo a n\u00e3o colocar a <strong>reforma<\/strong> na gaveta. Na Universidade de Ver\u00e3o do PSD, Armindo Monteiro pediu aos partidos \u201ccoragem para estabelecer <strong>pactos<\/strong>\u201d sobre o sistema de pens\u00f5es, numa reflex\u00e3o \u201csem mentira, sem distor\u00e7\u00e3o, sem fal\u00e1cia, sem truques\u201d. Num apelo ao Governo e \u00e0 oposi\u00e7\u00e3o, o representante dos patr\u00f5es pede n\u00e3o se perca \u201ctempo com <strong>fixa\u00e7\u00e3o de clientelas<\/strong> eleitorais\u201d.<\/p>\n<p>A reflex\u00e3o sobre a reforma na Seguran\u00e7a Social, diz Armindo Monteiro, \u201cdeve ser feita<strong> j\u00e1<\/strong>\u201c. Isto numa altura em que a oposi\u00e7\u00e3o n\u00e3o a quer realizar e o Governo empurra para a pr\u00f3xima legislatura. Este, avisa, \u00e9 um \u201c<strong>problema s\u00e9rio<\/strong>\u201c. E diz n\u00e3o haver d\u00favidas que o atual sistema n\u00e3o ser\u00e1 sustent\u00e1vel a longo prazo: \u201cA demografia e a matem\u00e1tica n\u00e3o enganam. Isto n\u00e3o \u00e9 opini\u00e3o, \u00e9 <strong>ci\u00eancia<\/strong>.\u201d Aos alunos, para dar uma imagem da urg\u00eancia, brincou: \u201cVoc\u00eas v\u00e3o pagar a minha pens\u00e3o. Como eu pago a dos atuais pensionistas. Mas n\u00e3o sabem quem vai pagar a vossa\u201d. E ainda de forma mais simplificada, acrescentou: \u201cIsto \u00e9 mais importante do que nos qualificarmos para o pr\u00f3ximo o Campeonato do Mundo\u201d.<\/p>\n<p>O presidente da CIP critica a oposi\u00e7\u00e3o por, na rea\u00e7\u00e3o ao estudo de Jorge Bravo, ter acusado o Governo de querer \u201ccortar nas pens\u00f5es\u201d ou \u201cprivatizar\u201d a Seguran\u00e7a Social. E comenta lateralmente: \u201cPrivatizar continua a ser o principal pecado em Portugal, a seguir ao lucro.\u201d Armindo Monteiro recorda ainda que Portugal \u00e9 o \u201c\u00fanico pa\u00eds que s\u00f3 tem um pilar de contribui\u00e7\u00e3o\u201d, lamentando n\u00e3o existir um \u201cpilar individual\u201d. Apela ainda a que a ideologia fique fora deste debate.<\/p>\n","protected":false},"excerpt":{"rendered":"O presidente da CIP criticou a oposi\u00e7\u00e3o pelas rea\u00e7\u00f5es ao estudo encomendado pelo Minist\u00e9rio do Trabalho sobre a&hellip;\n","protected":false},"author":2,"featured_media":501890,"comment_status":"","ping_status":"","sticky":false,"template":"","format":"standard","meta":{"footnotes":"","_share_on_mastodon":"0"},"categories":[10],"tags":[27,28,18657,80428,476,15,16,14,25,26,21,22,12,13,19,20,21694,302,32,23,24,4579,33,1055,17,18,849,29,30,31],"class_list":["post-501889","post","type-post","status-publish","format-standard","has-post-thumbnail","category-portugal","tag-breaking-news","tag-breakingnews","tag-cip","tag-concertau00e7u00e3o-social","tag-economia","tag-featured-news","tag-featurednews","tag-headlines","tag-latest-news","tag-latestnews","tag-main-news","tag-mainnews","tag-news","tag-noticias","tag-noticias-principais","tag-noticiasprincipais","tag-pensu00f5es","tag-polu00edtica","tag-portugal","tag-principais-noticias","tag-principaisnoticias","tag-psd","tag-pt","tag-seguranu00e7a-social","tag-top-stories","tag-topstories","tag-trabalho","tag-ultimas","tag-ultimas-noticias","tag-ultimasnoticias"],"share_on_mastodon":{"url":"https:\/\/pubeurope.com\/@pt\/117164483705308037","error":""},"_links":{"self":[{"href":"https:\/\/www.europesays.com\/pt\/wp-json\/wp\/v2\/posts\/501889","targetHints":{"allow":["GET"]}}],"collection":[{"href":"https:\/\/www.europesays.com\/pt\/wp-json\/wp\/v2\/posts"}],"about":[{"href":"https:\/\/www.europesays.com\/pt\/wp-json\/wp\/v2\/types\/post"}],"author":[{"embeddable":true,"href":"https:\/\/www.europesays.com\/pt\/wp-json\/wp\/v2\/users\/2"}],"replies":[{"embeddable":true,"href":"https:\/\/www.europesays.com\/pt\/wp-json\/wp\/v2\/comments?post=501889"}],"version-history":[{"count":0,"href":"https:\/\/www.europesays.com\/pt\/wp-json\/wp\/v2\/posts\/501889\/revisions"}],"wp:featuredmedia":[{"embeddable":true,"href":"https:\/\/www.europesays.com\/pt\/wp-json\/wp\/v2\/media\/501890"}],"wp:attachment":[{"href":"https:\/\/www.europesays.com\/pt\/wp-json\/wp\/v2\/media?parent=501889"}],"wp:term":[{"taxonomy":"category","embeddable":true,"href":"https:\/\/www.europesays.com\/pt\/wp-json\/wp\/v2\/categories?post=501889"},{"taxonomy":"post_tag","embeddable":true,"href":"https:\/\/www.europesays.com\/pt\/wp-json\/wp\/v2\/tags?post=501889"}],"curies":[{"name":"wp","href":"https:\/\/api.w.org\/{rel}","templated":true}]}}