{"id":501913,"date":"2026-08-27T00:14:08","date_gmt":"2026-08-27T00:14:08","guid":{"rendered":"https:\/\/www.europesays.com\/pt\/501913\/"},"modified":"2026-08-27T00:14:08","modified_gmt":"2026-08-27T00:14:08","slug":"ia-morrendo-claudio-ramos-revela-susto-de-saude-relacionado-com-este-ingrediente-e-ha-alertas-medicos-big-brother-verao-2026-ultimas-noticias-videos-e-diretos","status":"publish","type":"post","link":"https:\/\/www.europesays.com\/pt\/501913\/","title":{"rendered":"\u00abIa morrendo\u00bb Cl\u00e1udio Ramos revela susto de sa\u00fade relacionado com este ingrediente. E h\u00e1 alertas m\u00e9dicos &#8211; Big Brother Ver\u00e3o 2026: \u00daltimas Not\u00edcias, V\u00eddeos e Diretos"},"content":{"rendered":"<p>Cristina Ferreira e Cl\u00e1udio Ramos apresentaram esta quarta-feira, 26 de agosto, mais uma emiss\u00e3o do <strong>\u201cDois \u00e0s 10\u201d<\/strong>, na TVI. D<strong>urante a prepara\u00e7\u00e3o de uma receita pelo chefe Hern\u00e2ni Ermida, <a href=\"https:\/\/tvi.iol.pt\/bigbrother\/video\/claudio-ramos-conta-alerta-que-recebeu-de-medico-ia-morrendo\/6a8eb6110cf2b42132dbf08c\" rel=\"nofollow noopener\" target=\"_blank\">Cl\u00e1udio Ramos revelou um epis\u00f3dio que o deixou preocupado durante a madrugada.\u00a0<\/a><\/strong><\/p>\n<p>\u00ab<strong>Sabe que agora j\u00e1 tenho de p\u00f4r sal na comida, tinha a tens\u00e3o a 3\u00bb<\/strong>, contou o apresentador.<\/p>\n<p>Cl\u00e1udio Ramos explicou depois que chegou a ter a tens\u00e3o arterial a <strong>7\/3<\/strong> e que ficou de pernas levantadas durante a madrugada: \u00ab<strong>Ia morrendo, tinha a tens\u00e3o 7\/3, \u00e9 muito urgente\u00bb<\/strong>, afirmou. O apresentador acrescentou ainda que o epis\u00f3dio aconteceu por volta das tr\u00eas da manh\u00e3 e que chegou a ter de ir buscar sal.<\/p>\n<p>Recentemente:\u00a0Fam\u00edlia reunida e casa cheia. As imagens \u00edntimas e in\u00e9ditas da festa de anivers\u00e1rio da m\u00e3e de Cl\u00e1udio Ramos <\/p>\n<p data-end=\"658\" data-start=\"366\">A <strong>casa da matriarca da fam\u00edlia<\/strong> foi o cen\u00e1rio escolhido para a celebra\u00e7\u00e3o, que aconteceu este s\u00e1bado, dia 22. Entre os convidados estiveram v\u00e1rios <strong>familiares<\/strong>, num encontro que serviu para assinalar uma idade t\u00e3o simb\u00f3lica e celebrar a mulher que ocupa um lugar central na vida dos irm\u00e3os.<\/p>\n<p data-end=\"901\" data-start=\"660\">Fo<strong>i <a href=\"https:\/\/tvi.iol.pt\/bigbrother\/claudio-ramos\/luis-nascimento\/gesto-de-claudio-ramos-durante-a-entrevista-deixa-o-irmao-em-lagrimas-eis-o-motivo\" rel=\"nofollow noopener\" target=\"_blank\">Lu\u00eds Nascimento<\/a><\/strong> quem revelou alguns pormenores sobre o momento atrav\u00e9s das redes sociais. O <strong>irm\u00e3o de <a href=\"https:\/\/tvi.iol.pt\/bigbrother\/claudio-ramos\/18-08-2026\/claudio-ramos-partilha-fotografia-que-poucos-esperavam-ver-e-recebe-mensagens-de-cristina-ferreira-e-maria-botelho-moniz\" rel=\"nofollow noopener\" target=\"_blank\">Cl\u00e1udio Ramos<\/a> <\/strong>partilhou v\u00e1rias imagens da celebra\u00e7\u00e3o e n\u00e3o escondeu a felicidade por poder reunir a fam\u00edlia numa ocasi\u00e3o t\u00e3o importante.<\/p>\n<p data-end=\"1064\" data-start=\"903\">Na legenda, destacou o significado dos <a href=\"https:\/\/tvi.iol.pt\/bigbrother\/claudio-ramos\/luis-nascimento\/e-mae-de-duas-figuras-marcantes-da-tvi-e-faz-hoje-anos-adivinha-quem-e-esta-senhora\" rel=\"nofollow noopener\" target=\"_blank\"><strong>80 anos da m\u00e3e<\/strong><\/a> e tudo aquilo que representa para a fam\u00edlia: <strong data-end=\"1063\" data-start=\"1002\">\u00ab80 anos de amor, de hist\u00f3rias, de colo que nunca faltou\u00bb<\/strong>.<\/p>\n<p data-end=\"1306\" data-start=\"1066\">Apesar de nem todos terem conseguido marcar presen\u00e7a, Lu\u00eds Nascimento sublinhou que a m\u00e3e esteve rodeada de quase toda a fam\u00edlia. Mais do que uma festa de anivers\u00e1rio, foi uma oportunidade para juntar v\u00e1rias gera\u00e7\u00f5es e criar novas mem\u00f3rias.<\/p>\n<p data-end=\"1474\" data-start=\"1308\">O carinho pela m\u00e3e ficou ainda evidente nas palavras que lhe dedicou. <strong data-end=\"1447\" data-start=\"1378\">\u00abObrigado, m\u00e3e, por seres o nosso centro. Que venham muitos mais\u00bb<\/strong>, escreveu Lu\u00eds Nascimento.<\/p>\n<p data-end=\"1348\" data-is-last-node=\"\" data-is-only-node=\"\" data-start=\"1171\"><strong>Veja as imagens.<\/strong><\/p>\n<p data-end=\"1348\" data-is-last-node=\"\" data-is-only-node=\"\" data-start=\"1171\">\u00a0<\/p>\n<blockquote class=\"instagram-media\" data-instgrm-captioned=\"\" data-instgrm-permalink=\"https:\/\/www.instagram.com\/p\/DcYRfc8jVxB\/?utm_source=ig_embed&amp;utm_campaign=loading\" data-instgrm-version=\"14\" style=\" background:#FFF; border:0; border-radius:3px; box-shadow:0 0 1px 0 rgba(0,0,0,0.5),0 1px 10px 0 rgba(0,0,0,0.15); margin: 1px; max-width:540px; min-width:326px; padding:0; width:99.375%; width:-webkit-calc(100% - 2px); width:calc(100% - 2px);\">\n<\/blockquote>\n<p>                        <script async src=\"\/\/www.instagram.com\/embed.js\"><\/script><\/p>\n","protected":false},"excerpt":{"rendered":"Cristina Ferreira e Cl\u00e1udio Ramos apresentaram esta quarta-feira, 26 de agosto, mais uma emiss\u00e3o do \u201cDois \u00e0s 10\u201d,&hellip;\n","protected":false},"author":2,"featured_media":501914,"comment_status":"","ping_status":"","sticky":false,"template":"","format":"standard","meta":{"footnotes":"","_share_on_mastodon":"0"},"categories":[85],"tags":[331,48,329,333,328,335,336,114,115,334,332,330,338,13,32,33,162,227],"class_list":["post-501913","post","type-post","status-publish","format-standard","has-post-thumbnail","category-entretenimento","tag-big","tag-big-brother","tag-claudio-ramos","tag-comentadores","tag-concorrentes","tag-confrontos","tag-discussoes","tag-entertainment","tag-entretenimento","tag-exclusivos","tag-expulso","tag-gala","tag-maria-botelho-moniz","tag-noticias","tag-portugal","tag-pt","tag-tvi","tag-videos"],"share_on_mastodon":{"url":"https:\/\/pubeurope.com\/@pt\/117164590077999286","error":""},"_links":{"self":[{"href":"https:\/\/www.europesays.com\/pt\/wp-json\/wp\/v2\/posts\/501913","targetHints":{"allow":["GET"]}}],"collection":[{"href":"https:\/\/www.europesays.com\/pt\/wp-json\/wp\/v2\/posts"}],"about":[{"href":"https:\/\/www.europesays.com\/pt\/wp-json\/wp\/v2\/types\/post"}],"author":[{"embeddable":true,"href":"https:\/\/www.europesays.com\/pt\/wp-json\/wp\/v2\/users\/2"}],"replies":[{"embeddable":true,"href":"https:\/\/www.europesays.com\/pt\/wp-json\/wp\/v2\/comments?post=501913"}],"version-history":[{"count":0,"href":"https:\/\/www.europesays.com\/pt\/wp-json\/wp\/v2\/posts\/501913\/revisions"}],"wp:featuredmedia":[{"embeddable":true,"href":"https:\/\/www.europesays.com\/pt\/wp-json\/wp\/v2\/media\/501914"}],"wp:attachment":[{"href":"https:\/\/www.europesays.com\/pt\/wp-json\/wp\/v2\/media?parent=501913"}],"wp:term":[{"taxonomy":"category","embeddable":true,"href":"https:\/\/www.europesays.com\/pt\/wp-json\/wp\/v2\/categories?post=501913"},{"taxonomy":"post_tag","embeddable":true,"href":"https:\/\/www.europesays.com\/pt\/wp-json\/wp\/v2\/tags?post=501913"}],"curies":[{"name":"wp","href":"https:\/\/api.w.org\/{rel}","templated":true}]}}