{"id":501963,"date":"2026-08-27T01:07:16","date_gmt":"2026-08-27T01:07:16","guid":{"rendered":"https:\/\/www.europesays.com\/pt\/501963\/"},"modified":"2026-08-27T01:07:16","modified_gmt":"2026-08-27T01:07:16","slug":"morre-aos-92-anos-jose-almeida-socio-proprietario-da-radio-cultura-do-nordeste","status":"publish","type":"post","link":"https:\/\/www.europesays.com\/pt\/501963\/","title":{"rendered":"Morre aos 92 anos Jos\u00e9 Almeida, s\u00f3cio-propriet\u00e1rio da R\u00e1dio Cultura do Nordeste"},"content":{"rendered":"<p>O empres\u00e1rio e radialista <strong>Jos\u00e9 Almeida<\/strong>, s\u00f3cio-propriet\u00e1rio da <strong>R\u00e1dio Cultura FM 96.5 de Caruaru (PE), <\/strong>tamb\u00e9m conhecida como <strong>R\u00e1dio Cultura do Nordeste<\/strong>, morreu nesta ter\u00e7a-feira (25), aos 92 anos. Conhecido como \u201cZ\u00e9 Almeida\u201d, ele teve uma longa trajet\u00f3ria ligada \u00e0 radiodifus\u00e3o pernambucana e esteve \u00e0 frente da emissora por v\u00e1rias d\u00e9cadas, al\u00e9m de ter participado da funda\u00e7\u00e3o da Associa\u00e7\u00e3o de Empresas de R\u00e1dio e Televis\u00e3o de Pernambuco (Asserpe).<\/p>\n<p>Nascido em 17 de novembro de 1933, Jos\u00e9 Almeida era filho de Jos\u00e9 Francisco de Almeida e Flora Camila de Almeida e irm\u00e3o do cantor e compositor <strong>Onildo Almeida<\/strong>. Em 1961, os dois irm\u00e3os arrendaram a R\u00e1dio Cultura do Nordeste de Jo\u00e3o Lyra Filho, ent\u00e3o prefeito de Caruaru. A partir daquele per\u00edodo, passaram a comandar a empresa, permanecendo \u00e0 frente da emissora at\u00e9 meados da d\u00e9cada de 2010.<\/p>\n<p>Jos\u00e9 Almeida se afastou da gest\u00e3o da r\u00e1dio por problemas de sa\u00fade, deixando a dire\u00e7\u00e3o da empresa sob o comando de seu filho primog\u00eanito, <strong>Almeida Junior<\/strong>. Entre os registros de sua trajet\u00f3ria no r\u00e1dio, o comunicador ficou marcado pela apresenta\u00e7\u00e3o do programa <strong>Mesa Redonda<\/strong>, que ancorou por mais de quatro d\u00e9cadas. A atra\u00e7\u00e3o recebeu importantes nomes da pol\u00edtica e da sociedade de Caruaru e de Pernambuco. Z\u00e9 Almeida deixou a apresenta\u00e7\u00e3o do programa tamb\u00e9m em meados dos anos 2010.<\/p>\n<p>Considerado um nome de destaque da radiodifus\u00e3o pernambucana, Jos\u00e9 Almeida tamb\u00e9m participou da cria\u00e7\u00e3o da <strong>Asserpe<\/strong>, entidade na qual atuou como fundador e diretor, contribuindo para a representa\u00e7\u00e3o das empresas de r\u00e1dio e televis\u00e3o no estado e na regi\u00e3o Nordeste.<\/p>\n<p>Fora da radiodifus\u00e3o, Almeida tamb\u00e9m teve participa\u00e7\u00e3o em outras institui\u00e7\u00f5es de Caruaru. Entre 1977 e 1978, presidiu o <strong>Lions Clube de Caruaru<\/strong>, entidade \u00e0 qual se associou em 1\u00ba de outubro de 1972 e da qual permaneceu integrante at\u00e9 sua morte, na condi\u00e7\u00e3o de s\u00f3cio privilegiado. Ao longo desse per\u00edodo, tamb\u00e9m participou da diretoria do clube em diferentes gest\u00f5es. Ma\u00e7om, Jos\u00e9 Almeida integrou ainda a <strong>Loja Simb\u00f3lica Dever e Humanidade n\u00ba 860<\/strong>, filiada ao Grande Oriente do Brasil.<\/p>\n<p>Jos\u00e9 Almeida deixa a vi\u00fava <strong>Gezilda Almeida<\/strong>, os filhos <strong>Jos\u00e9 Almeida Junior, Nara Almeida e Andr\u00e9 Almeida<\/strong>, al\u00e9m de seis netos e tr\u00eas bisnetos. O corpo foi velado no cemit\u00e9rio <strong>Parque dos Arcos<\/strong>, em Caruaru. O sepultamento ocorreu \u00e0s 16h desta quarta-feira (26), no mesmo local.<\/p>\n<p>A governadora de Pernambuco, <strong>Raquel Lyra<\/strong>, divulgou nota de pesar pelo falecimento do empres\u00e1rio e radialista. Tamb\u00e9m se manifestaram a <strong>Asserpe, <\/strong>a<strong> Prefeitura de Caruaru<\/strong>, a <strong>Associa\u00e7\u00e3o Comercial e Empresarial de Caruaru (Acic)<\/strong> e a <strong>Funda\u00e7\u00e3o de Cultura de Caruaru<\/strong>.<\/p>\n<p style=\"text-align: center;\"><img decoding=\"async\" alt=\"\" src=\"https:\/\/www.europesays.com\/pt\/wp-content\/uploads\/2026\/08\/6a8f348f3f7f8.jpg\" style=\"height:600px; width:480px\" \/><\/p>\n<p>\n\t\t\t\tA reprodu\u00e7\u00e3o das not\u00edcias e das pautas \u00e9 autorizada desde que contenha a assinatura &#8216;tudoradio.com&#8217;<\/p>\n<p>&#13;<br \/>\n\t\t\t\tTags:&#13;<br \/>\n\t\t\t\tJos\u00e9 Almeida, R\u00e1dio Cultura do Nordeste, Caruaru, Pernambuco, Asserpe, radiodifus\u00e3o, r\u00e1dio&#13;\n\t\t\t<\/p>\n","protected":false},"excerpt":{"rendered":"O empres\u00e1rio e radialista Jos\u00e9 Almeida, s\u00f3cio-propriet\u00e1rio da R\u00e1dio Cultura FM 96.5 de Caruaru (PE), tamb\u00e9m conhecida como&hellip;\n","protected":false},"author":2,"featured_media":501964,"comment_status":"","ping_status":"","sticky":false,"template":"","format":"standard","meta":{"footnotes":"","_share_on_mastodon":"0"},"categories":[141],"tags":[32109,61512,114,115,65793,149,150,7227,32,33,766,80438,30857],"class_list":["post-501963","post","type-post","status-publish","format-standard","has-post-thumbnail","category-musica","tag-asserpe","tag-caruaru","tag-entertainment","tag-entretenimento","tag-jose-almeida","tag-music","tag-musica","tag-pernambuco","tag-portugal","tag-pt","tag-radio","tag-radio-cultura-do-nordeste","tag-radiodifusao"],"share_on_mastodon":{"url":"https:\/\/pubeurope.com\/@pt\/117164799084981465","error":""},"_links":{"self":[{"href":"https:\/\/www.europesays.com\/pt\/wp-json\/wp\/v2\/posts\/501963","targetHints":{"allow":["GET"]}}],"collection":[{"href":"https:\/\/www.europesays.com\/pt\/wp-json\/wp\/v2\/posts"}],"about":[{"href":"https:\/\/www.europesays.com\/pt\/wp-json\/wp\/v2\/types\/post"}],"author":[{"embeddable":true,"href":"https:\/\/www.europesays.com\/pt\/wp-json\/wp\/v2\/users\/2"}],"replies":[{"embeddable":true,"href":"https:\/\/www.europesays.com\/pt\/wp-json\/wp\/v2\/comments?post=501963"}],"version-history":[{"count":0,"href":"https:\/\/www.europesays.com\/pt\/wp-json\/wp\/v2\/posts\/501963\/revisions"}],"wp:featuredmedia":[{"embeddable":true,"href":"https:\/\/www.europesays.com\/pt\/wp-json\/wp\/v2\/media\/501964"}],"wp:attachment":[{"href":"https:\/\/www.europesays.com\/pt\/wp-json\/wp\/v2\/media?parent=501963"}],"wp:term":[{"taxonomy":"category","embeddable":true,"href":"https:\/\/www.europesays.com\/pt\/wp-json\/wp\/v2\/categories?post=501963"},{"taxonomy":"post_tag","embeddable":true,"href":"https:\/\/www.europesays.com\/pt\/wp-json\/wp\/v2\/tags?post=501963"}],"curies":[{"name":"wp","href":"https:\/\/api.w.org\/{rel}","templated":true}]}}