{"id":501995,"date":"2026-08-27T01:52:20","date_gmt":"2026-08-27T01:52:20","guid":{"rendered":"https:\/\/www.europesays.com\/pt\/501995\/"},"modified":"2026-08-27T01:52:20","modified_gmt":"2026-08-27T01:52:20","slug":"quem-e-carol-gibbon-a-nova-voz-do-pop-confessional-nacional","status":"publish","type":"post","link":"https:\/\/www.europesays.com\/pt\/501995\/","title":{"rendered":"Quem \u00e9 Carol Gibbon, a nova voz do pop confessional nacional?"},"content":{"rendered":"<p class=\"wp-block-paragraph\">A cantora e compositora carioca <strong>Carol Gibbon<\/strong> iniciou os lan\u00e7amentos de seu novo projeto musical com o single \u201cBeijo no Elevador\u201d. A faixa, que chega nesta quinta-feira (26), \u00e0s 21h, marca a primeira amostra do EP<strong> \u201c5 da manh\u00e3\u201d<\/strong> . O single apresenta a proposta de pop confessional da artista de 20 anos, focada em composi\u00e7\u00f5es detalhistas e narrativas autobiogr\u00e1ficas.<\/p>\n<p><img loading=\"lazy\" decoding=\"async\" width=\"1320\" height=\"1650\" src=\"data:image\/svg+xml,%3Csvg%20xmlns=\" http:=\"\" alt=\"Quem \u00e9 Carol Gibbon, a nova voz do pop confessional nacional?\" class=\"wp-image-3440437\" data-lazy- data-lazy- data-lazy-src=\"https:\/\/www.europesays.com\/pt\/wp-content\/uploads\/2026\/08\/carol-gibbon-1-1320x1650.jpg\"\/><\/p>\n<p class=\"wp-block-paragraph\">A can\u00e7\u00e3o nasceu de uma experi\u00eancia pessoal vivida durante uma viagem com amigos. Segundo a artista, a proposta visual da faixa busca transportar o ouvinte para a cena descrita.<\/p>\n<blockquote class=\"wp-block-quote is-layout-flow wp-block-quote-is-layout-flow\">\n<p class=\"wp-block-paragraph\">\u201cA inspira\u00e7\u00e3o foi um romance em uma viagem com amigos que fiz. Foi passageiro, mas foi como se eu estivesse em um filme. Todas as minhas m\u00fasicas s\u00e3o autobiogr\u00e1ficas, ent\u00e3o foi 100% real\u201d, afirma Carol Gibbon. \u201cEscolhi essa faixa como single porque acho ela muito visual e descritiva. \u00c9 a m\u00fasica em que mais consigo imaginar cen\u00e1rios quando escuto.\u201d<\/p>\n<\/blockquote>\n<p>Letra de \u201cBeijo no Elevador\u201d, de Carol Gibbon<\/p>\n<p class=\"wp-block-paragraph\"><strong>Letra:<\/strong> Carol Gibbon \/ Clau<br \/><strong>M\u00fasica:<\/strong> DMAX \/ Pedro Dash \/ Dan Valbusa<\/p>\n<p class=\"wp-block-paragraph\">Todos sabiam que isso ia acontecer<br \/>E n\u00e3o erraram, fazer o qu\u00ea?<br \/>Se no banco do carona eu enxerguei outro voc\u00ea<br \/>Falando alto, sem perceber<\/p>\n<p class=\"wp-block-paragraph\">Te encontrei de novo<br \/>Tava o tempo todo a\u00ed<br \/>Bem melhor do que eu pensava<br \/>De noite, na estrada, eu vi pra onde ir<\/p>\n<p class=\"wp-block-paragraph\">Eu sei que no fundo temos data pra partir<br \/>Mas s\u00f3 por um segundo eu quero ficar aqui<\/p>\n<p class=\"wp-block-paragraph\">Sof\u00e1 verde no canto da sala<br \/>Jaqueta perfumada<br \/>O vinho que voc\u00ea tomou<br \/>Quando todo mundo vai embora<br \/>O jeito que me olha<br \/>Eu sei que voc\u00ea gostou<\/p>\n<p class=\"wp-block-paragraph\">Um beijo de elevador<br \/>Um beijo de elevador<br \/>Eu sei que voc\u00ea gostou<\/p>\n<p class=\"wp-block-paragraph\">Nossas conversas s\u00f3 depois de anoitecer<br \/>J\u00e1 era tarde, dava pra ver<br \/>E a minha m\u00e3e falando que agora era pra ser<br \/>Eu rio baixo pra esconder<\/p>\n<p class=\"wp-block-paragraph\">Que te encontrar de novo foi melhor do que eu previ<br \/>Escorregando na escada, na sua risada<br \/>Eu vi que me perdi<\/p>\n<p class=\"wp-block-paragraph\">Eu sei que em outubro voc\u00ea vai partir<br \/>Mas s\u00f3 por um segundo, pode ficar bem aqui<\/p>\n<p class=\"wp-block-paragraph\">Sof\u00e1 verde no canto da sala<br \/>Jaqueta perfumada<br \/>O vinho que voc\u00ea tomou<br \/>Quando todo mundo vai embora<br \/>O jeito que me olha<br \/>Eu sei que voc\u00ea gostou<\/p>\n<p class=\"wp-block-paragraph\">Gostou<\/p>\n<p class=\"wp-block-paragraph\">Sof\u00e1 verde no canto da sala<br \/>No canto da sala<br \/>A roupa que voc\u00ea tirou<br \/>Voc\u00ea tirou<br \/>Quando todo mundo vai embora<br \/>O jeito que me olha<br \/>Eu sei que voc\u00ea gostou<\/p>\n<p class=\"wp-block-paragraph\">Um beijo de elevador<br \/>Meu beijo de elevador<br \/>Eu sei que voc\u00ea gostou<\/p>\n<p>O que esperar do EP \u201c5 da manh\u00e3\u201d e da sonoridade de Carol Gibbon?<\/p>\n<p><img loading=\"lazy\" decoding=\"async\" width=\"1320\" height=\"1320\" src=\"data:image\/svg+xml,%3Csvg%20xmlns=\" http:=\"\" alt=\"Quem \u00e9 Carol Gibbon, a nova voz do pop confessional nacional?\" class=\"wp-image-3440438\" data-lazy- data-lazy- data-lazy-src=\"https:\/\/www.europesays.com\/pt\/wp-content\/uploads\/2026\/08\/carol-gibbon-capabeijo-de-elevador-1320x1320.jpg\"\/><\/p>\n<p class=\"wp-block-paragraph\">Criada em sess\u00f5es de composi\u00e7\u00e3o em S\u00e3o Paulo ao lado de produtores da cena pop atual, \u201cBeijo no Elevador\u201d abre caminho para um trabalho focado em reflex\u00f5es noturnas, ansiedade, ins\u00f4nia e mem\u00f3rias afetivas. O EP contar\u00e1 com seis faixas autorais.<\/p>\n<p class=\"wp-block-paragraph\">Com trajet\u00f3ria iniciada ainda na inf\u00e2ncia por influ\u00eancia do teatro musical, do sertanejo e da MPB, <strong>Carol Gibbon<\/strong> come\u00e7ou a compor ao piano na adolesc\u00eancia. Sua primeira m\u00fasica lan\u00e7ada foi a faixa \u201cPerto do Mar\u201d, tamb\u00e9m escrita durante uma viagem. Com o novo projeto, a artista consolida sua identidade no pop autoral contempor\u00e2neo.<\/p>\n","protected":false},"excerpt":{"rendered":"A cantora e compositora carioca Carol Gibbon iniciou os lan\u00e7amentos de seu novo projeto musical com o single&hellip;\n","protected":false},"author":2,"featured_media":501996,"comment_status":"","ping_status":"","sticky":false,"template":"","format":"standard","meta":{"footnotes":"","_share_on_mastodon":"0"},"categories":[141],"tags":[80441,80442,114,115,80443,149,150,274,571,80444,80445,32,33],"class_list":["post-501995","post","type-post","status-publish","format-standard","has-post-thumbnail","category-musica","tag-beijo-no-elevador","tag-carol-gibbon","tag-entertainment","tag-entretenimento","tag-ep-5-da-manha","tag-music","tag-musica","tag-musica-pop","tag-plantao","tag-pop-confessional","tag-pop-nacional","tag-portugal","tag-pt"],"share_on_mastodon":{"url":"https:\/\/pubeurope.com\/@pt\/117164975441151349","error":""},"_links":{"self":[{"href":"https:\/\/www.europesays.com\/pt\/wp-json\/wp\/v2\/posts\/501995","targetHints":{"allow":["GET"]}}],"collection":[{"href":"https:\/\/www.europesays.com\/pt\/wp-json\/wp\/v2\/posts"}],"about":[{"href":"https:\/\/www.europesays.com\/pt\/wp-json\/wp\/v2\/types\/post"}],"author":[{"embeddable":true,"href":"https:\/\/www.europesays.com\/pt\/wp-json\/wp\/v2\/users\/2"}],"replies":[{"embeddable":true,"href":"https:\/\/www.europesays.com\/pt\/wp-json\/wp\/v2\/comments?post=501995"}],"version-history":[{"count":0,"href":"https:\/\/www.europesays.com\/pt\/wp-json\/wp\/v2\/posts\/501995\/revisions"}],"wp:featuredmedia":[{"embeddable":true,"href":"https:\/\/www.europesays.com\/pt\/wp-json\/wp\/v2\/media\/501996"}],"wp:attachment":[{"href":"https:\/\/www.europesays.com\/pt\/wp-json\/wp\/v2\/media?parent=501995"}],"wp:term":[{"taxonomy":"category","embeddable":true,"href":"https:\/\/www.europesays.com\/pt\/wp-json\/wp\/v2\/categories?post=501995"},{"taxonomy":"post_tag","embeddable":true,"href":"https:\/\/www.europesays.com\/pt\/wp-json\/wp\/v2\/tags?post=501995"}],"curies":[{"name":"wp","href":"https:\/\/api.w.org\/{rel}","templated":true}]}}