{"id":50205,"date":"2025-08-29T14:17:20","date_gmt":"2025-08-29T14:17:20","guid":{"rendered":"https:\/\/www.europesays.com\/pt\/50205\/"},"modified":"2025-08-29T14:17:20","modified_gmt":"2025-08-29T14:17:20","slug":"paradoxo-dos-incendios-florestais-tenta-explicar-porque-o-mundo-esta-a-arder","status":"publish","type":"post","link":"https:\/\/www.europesays.com\/pt\/50205\/","title":{"rendered":"&#8220;Paradoxo dos inc\u00eandios florestais&#8221; tenta explicar porque o Mundo est\u00e1 a arder"},"content":{"rendered":"<p class=\"wp-caption-text top\">ZAP \/\/ NASA<\/p>\n<p><img decoding=\"async\" loading=\"lazy\" class=\"wp-image-697478 size-kopa-image-size-3\" src=\"https:\/\/www.europesays.com\/pt\/wp-content\/uploads\/2025\/08\/9ec99aa44a04afb899d3f178e2696e17-783x450.jpg\" alt=\"\" width=\"700\" height=\"402\"  \/><\/p>\n<p><strong>As not\u00edcias sobre inc\u00eandios florestais podem parecer confusas. Num ver\u00e3o, h\u00e1 paredes de chamas que colocam milh\u00f5es de pessoas em perigo. No seguinte, h\u00e1 muitos inc\u00eandios, mas poucos perto de popula\u00e7\u00f5es. A isto chama-se o \u201cparadoxo dos inc\u00eandios florestais\u201d.<\/strong><\/p>\n<p>O flagelo dos inc\u00eandios n\u00e3o tem fim, e de ano para ano parece estar cada vez pior.<\/p>\n<p>No entanto, o planeta tem, na verdade, registado <strong>menos \u00e1rea ardida<\/strong> nos \u00faltimos anos \u2014 mas h\u00e1 cada vez <strong>mais pessoas no caminho <\/strong>das chamas, conclui um <a href=\"https:\/\/www.science.org\/doi\/10.1126\/science.adu6408\" data-wpel-link=\"external\" target=\"_blank\" rel=\"nofollow external noopener noreferrer\" class=\"ext-link\">estudo<\/a> recentemente publicado na revista Science.<\/p>\n<p>Entre 2002 e 2021, registou-se uma <strong>diminui\u00e7\u00e3o de 25%<\/strong> na \u00e1rea total ardida globalmente. Mas durante o mesmo per\u00edodo, o <strong>n\u00famero de pessoas<\/strong> diretamente expostas a inc\u00eandios florestais, ou seja, com chamas a chegarem aos locais onde vivem, <strong>aumentou cerca de 40%<\/strong>.<\/p>\n<p>Este \u00e9 o chamado <strong>\u201cparadoxo dos inc\u00eandios florestais\u201d<\/strong>.<\/p>\n<p>O estudo revela que <strong>\u00c1frica representa uns impressionantes 85<\/strong> % das exposi\u00e7\u00f5es globais a inc\u00eandios florestais, apesar de receber aten\u00e7\u00e3o medi\u00e1tica m\u00ednima comparativamente aos <strong>fogos em Portugal, no sul da Europa, na Calif\u00f3rnia<\/strong>, ou Austr\u00e1lia, nota o <a href=\"https:\/\/www.earth.com\/news\/human-wildfire-exposure-rises-worldwide-despite-less-land-burning\/\" data-wpel-link=\"external\" target=\"_blank\" rel=\"nofollow external noopener noreferrer\" class=\"ext-link\">Earth.com<\/a>.<\/p>\n<p>Cinco pa\u00edses africanos\u2014Congo, Sud\u00e3o do Sul, Mo\u00e7ambique, Z\u00e2mbia e Angola\u2014registaram cerca de<strong> metade de todas as exposi\u00e7\u00f5es globais<\/strong>, enquanto os Estados Unidos, Europa e Austr\u00e1lia combinados representaram menos de 2,5 %.<\/p>\n<p><strong>Mojtaba Sadegh<\/strong>, respons\u00e1vel pela An\u00e1lise Clim\u00e1tica e de Inc\u00eandios Florestais na UNU-INWEH, expressou surpresa com \u201c<strong>os impactos desproporcionais<\/strong> dos inc\u00eandios florestais nos humanos em \u00c1frica\u201d, notando que embora o continente tenha 65 % da \u00e1rea queimada global, a sua quota de 85 % da exposi\u00e7\u00e3o humana demonstra um <strong>impacto pronunciado que requer maior aten\u00e7\u00e3o<\/strong>.<\/p>\n<p>As <strong>pr\u00e1ticas agr\u00edcolas<\/strong> desempenham um papel significativo neste padr\u00e3o, <strong>fragmentando grandes pastagens em campos menores<\/strong>, o que limita a propaga\u00e7\u00e3o do fogo mas simultaneamente<strong> aproxima aldeias e quintas<\/strong> de paisagens propensas ao fogo.<\/p>\n<p>As <strong>altera\u00e7\u00f5es clim\u00e1ticas<\/strong> continuam a intensificar as condi\u00e7\u00f5es de fogo mundialmente. <strong>O clima extremo aumentou mais de 54 %<\/strong> desde 1979, com as <strong>\u00e9pocas de fogo a estenderem-se mais<\/strong> e as noites a permanecerem quentes e secas o suficiente para sustentar chamas ardentes.<\/p>\n<p>O estudo descobriu que <strong>quase metade da popula\u00e7\u00e3o mundial<\/strong> vive agora na <strong>interface urbano-florestal<\/strong>, uma \u00e1rea que cobre menos de 5 % da superf\u00edcie terrestre.<\/p>\n<p>O <strong>crescimento populacional e os padr\u00f5es migrat\u00f3rios<\/strong> explicam aproximadamente 25 % de todas as exposi\u00e7\u00f5es, fazendo com que a densidade de exposi\u00e7\u00e3o quase duplique apesar das \u00e1reas queimadas diminu\u00edrem.<br \/>Varia\u00e7\u00f5es regionais contam hist\u00f3rias diferentes<\/p>\n<p>Diferentes regi\u00f5es enfrentam desafios distintos. Nas Am\u00e9ricas, esp\u00e9cies vegetais invasivas <strong>alimentam inc\u00eandios florestais maiores<\/strong> e mais frequentes. A Europa, por seu turno, tenta a supress\u00e3o de fogos enquanto a expans\u00e3o cont\u00ednua de povoa\u00e7\u00f5es <strong>continua a aumentar os riscos<\/strong>. \u00c1frica regista fogos menores, mas taxas de exposi\u00e7\u00e3o humana significativamente mais elevadas.<\/p>\n<p>Segundo o estudo,\u00a0 conduzido por investigadores da Boise State University e da Universidade da Calif\u00f3rnia, nos EUA, os fogos mais intensos, que representam<strong> apenas 0,01 %<\/strong> de todos os eventos, <strong>expuseram 2,7 milh\u00f5es de pessoas<\/strong> e queimaram 5 % da \u00e1rea total de terra estudada.<\/p>\n<p>V\u00e1rias regi\u00f5es, incluindo o Oeste da Am\u00e9rica do Norte, Sul da Europa e Sul da Austr\u00e1lia <strong>enfrentaram perdas humanas desproporcionalmente maiores<\/strong> relativamente aos seus n\u00edveis de exposi\u00e7\u00e3o.<\/p>\n<p>As solu\u00e7\u00f5es requerem uma abordagem abrangente<\/p>\n<p><strong>Kaveh Madani<\/strong>, diretor da UNU-INWEH, a ag~encia da ONU para \u00e1gua, ambiente e sa\u00fade, alerta que \u201cos inc\u00eandios florestais<strong> j\u00e1 n\u00e3o s\u00e3o anomalias sazonais<\/strong> ou regionais; <strong>tornaram-se numa crise global<\/strong>, intensificada pelo aumento de ondas de calor, agravamento de secas e mudan\u00e7as dr\u00e1sticas no uso da terra\u201d.<\/p>\n<p>\u201cMas em vez de se mobilizarem para enfrentar esta amea\u00e7a, algumas das maiores economias do mundo <strong>est\u00e3o a revogar as prote\u00e7\u00f5es<\/strong>, deixando regi\u00f5es e <strong>comunidades vulner\u00e1veis<\/strong> a suportar o fardo mais pesado\u201d dos inc\u00eandios.<\/p>\n<p>    <a href=\"https:\/\/zap.aeiou.pt\/subscrever-newsletter\" data-wpel-link=\"internal\" rel=\"nofollow noopener\" target=\"_blank\">&#13;<br \/>\n        <img loading=\"lazy\" decoding=\"async\" class=\"aligncenter size-full wp-image-575475\" src=\"https:\/\/www.europesays.com\/pt\/wp-content\/uploads\/2025\/08\/1755434168_358_2d51fe4a0ba54894421ead1809309ed9-1-450x140.jpg\" alt=\"Subscreva a Newsletter ZAP\" width=\"450\" height=\"140\"\/>&#13;<br \/>\n    <\/a><\/p>\n<p>                <a href=\"https:\/\/whatsapp.com\/channel\/0029VaIC4EE2f3EJZPPSbR34\" data-wpel-link=\"external\" target=\"_blank\" rel=\"nofollow external noopener noreferrer\" class=\"ext-link\">&#13;<br \/>\n                    <img loading=\"lazy\" decoding=\"async\" class=\"aligncenter size-full wp-image-575475\" src=\"https:\/\/www.europesays.com\/pt\/wp-content\/uploads\/2025\/08\/1755434169_968_c68c559d956d4ca20f435ed74a6e71e6.png\" alt=\"Siga-nos no WhatsApp\" width=\"175\" height=\"64\"\/>&#13;<br \/>\n                <\/a><\/p>\n<p>                <a href=\"https:\/\/news.google.com\/publications\/CAAiEHRwZondIV71PDjWNoqMduEqFAgKIhB0cGaJ3SFe9Tw41jaKjHbh?hl=en-US&amp;gl=US&amp;ceid=US%3Aen\" data-wpel-link=\"external\" target=\"_blank\" rel=\"nofollow external noopener noreferrer\" class=\"ext-link\">&#13;<br \/>\n                    <img loading=\"lazy\" decoding=\"async\" class=\"aligncenter size-full wp-image-575475\" src=\"https:\/\/www.europesays.com\/pt\/wp-content\/uploads\/2025\/08\/1755434170_730_5123dd8b087b644fdb8f8603acd1bad4.png\" alt=\"Siga-nos no Google News\" width=\"176\" height=\"64\"\/>&#13;<br \/>\n                <\/a><\/p>\n","protected":false},"excerpt":{"rendered":"ZAP \/\/ NASA As not\u00edcias sobre inc\u00eandios florestais podem parecer confusas. Num ver\u00e3o, h\u00e1 paredes de chamas que&hellip;\n","protected":false},"author":2,"featured_media":50206,"comment_status":"","ping_status":"","sticky":false,"template":"","format":"standard","meta":{"footnotes":""},"categories":[50],"tags":[3440,27,28,5777,15,16,14,2830,25,26,21,22,62,12,13,19,20,23,24,17,18,29,30,31,2883,63,64,65],"class_list":{"0":"post-50205","1":"post","2":"type-post","3":"status-publish","4":"format-standard","5":"has-post-thumbnail","7":"category-mundo","8":"tag-antropologia","9":"tag-breaking-news","10":"tag-breakingnews","11":"tag-demografia","12":"tag-featured-news","13":"tag-featurednews","14":"tag-headlines","15":"tag-incendios","16":"tag-latest-news","17":"tag-latestnews","18":"tag-main-news","19":"tag-mainnews","20":"tag-mundo","21":"tag-news","22":"tag-noticias","23":"tag-noticias-principais","24":"tag-noticiasprincipais","25":"tag-principais-noticias","26":"tag-principaisnoticias","27":"tag-top-stories","28":"tag-topstories","29":"tag-ultimas","30":"tag-ultimas-noticias","31":"tag-ultimasnoticias","32":"tag-urbanismo","33":"tag-world","34":"tag-world-news","35":"tag-worldnews"},"share_on_mastodon":{"url":"","error":""},"_links":{"self":[{"href":"https:\/\/www.europesays.com\/pt\/wp-json\/wp\/v2\/posts\/50205","targetHints":{"allow":["GET"]}}],"collection":[{"href":"https:\/\/www.europesays.com\/pt\/wp-json\/wp\/v2\/posts"}],"about":[{"href":"https:\/\/www.europesays.com\/pt\/wp-json\/wp\/v2\/types\/post"}],"author":[{"embeddable":true,"href":"https:\/\/www.europesays.com\/pt\/wp-json\/wp\/v2\/users\/2"}],"replies":[{"embeddable":true,"href":"https:\/\/www.europesays.com\/pt\/wp-json\/wp\/v2\/comments?post=50205"}],"version-history":[{"count":0,"href":"https:\/\/www.europesays.com\/pt\/wp-json\/wp\/v2\/posts\/50205\/revisions"}],"wp:featuredmedia":[{"embeddable":true,"href":"https:\/\/www.europesays.com\/pt\/wp-json\/wp\/v2\/media\/50206"}],"wp:attachment":[{"href":"https:\/\/www.europesays.com\/pt\/wp-json\/wp\/v2\/media?parent=50205"}],"wp:term":[{"taxonomy":"category","embeddable":true,"href":"https:\/\/www.europesays.com\/pt\/wp-json\/wp\/v2\/categories?post=50205"},{"taxonomy":"post_tag","embeddable":true,"href":"https:\/\/www.europesays.com\/pt\/wp-json\/wp\/v2\/tags?post=50205"}],"curies":[{"name":"wp","href":"https:\/\/api.w.org\/{rel}","templated":true}]}}