{"id":502069,"date":"2026-08-27T04:10:22","date_gmt":"2026-08-27T04:10:22","guid":{"rendered":"https:\/\/www.europesays.com\/pt\/502069\/"},"modified":"2026-08-27T04:10:22","modified_gmt":"2026-08-27T04:10:22","slug":"video-artur-jorge-empata-frente-ao-atletico-mineiro-para-a-taca-do-brasil","status":"publish","type":"post","link":"https:\/\/www.europesays.com\/pt\/502069\/","title":{"rendered":"V\u00cdDEO: Artur Jorge empata frente ao Atl\u00e9tico Mineiro para a Ta\u00e7a do Brasil"},"content":{"rendered":"<p>O Cruzeiro, treinado por Artur Jorge, empatou (1-1) frente ao Atl\u00e9tico Mineiro num jogo referente \u00e0 1.\u00aa m\u00e3o dos \u00abquartos\u00bb da Ta\u00e7a do Brasil. A partida ficou marcada pela ida de dois jogadores para o hospital.<\/p>\n<p>Tudo come\u00e7ou logo no segundo minuto de jogo. Kaio Jorge teve uma entrada bastante dura sobre\u00a0Ruan Tressoldi. O defesa brasileiro ainda tentou voltar para o jogo, mas acabou por ser substitu\u00eddo aos 19 minutos &#8211; sendo transportado para o hospital mais pr\u00f3ximo para realizar exames.<\/p>\n<p>J\u00e1 nos instantes finais, foi a vez de Bruno Rodrigues, avan\u00e7ado do Cruzeiro, seguir para uma unidade hospitalar. O extremo de 29 anos teve um choque com o guarda-redes Everson. Acabou por sair do campo consciente, sendo que o departamento m\u00e9dico do clube achou por bem realizar exames no hospital.<\/p>\n<p>Relativamente ao jogo, os golos do d\u00e9rbi surgiram apenas no segundo tempo. Primeiro Keny Arroyo, avan\u00e7ado equatoriano de 20 anos, abriu o marcador para o Cruzeiro (60m). Dez minutos mais tarde foi\u00a0Renan Lodi, defesa brasileiro de 28 anos, a restabelecer o empate na partida (70m).<\/p>\n<p>O jogo da segunda m\u00e3o est\u00e1 agendado para a madrugada de dia 2 de setembro, quarta-feira, \u00e0s 01h00.\u00a0<\/p>\n","protected":false},"excerpt":{"rendered":"O Cruzeiro, treinado por Artur Jorge, empatou (1-1) frente ao Atl\u00e9tico Mineiro num jogo referente \u00e0 1.\u00aa m\u00e3o&hellip;\n","protected":false},"author":2,"featured_media":502070,"comment_status":"","ping_status":"","sticky":false,"template":"","format":"standard","meta":{"footnotes":"","_share_on_mastodon":"0"},"categories":[87],"tags":[80460,38332,727,726,80461,6034,135,82,436,46,32,33,47,134,7185],"class_list":["post-502069","post","type-post","status-publish","format-standard","has-post-thumbnail","category-desporto","tag-ruan-tressoldi","tag-artur-jorge","tag-atletico-mineiro","tag-brasil","tag-bruno-rodrigues","tag-cruzeiro","tag-desporto","tag-internacional","tag-made-in","tag-maisfutebol","tag-portugal","tag-pt","tag-pura-paixao","tag-sports","tag-taca-do-brasil"],"share_on_mastodon":{"url":"https:\/\/pubeurope.com\/@pt\/117165518727969004","error":""},"_links":{"self":[{"href":"https:\/\/www.europesays.com\/pt\/wp-json\/wp\/v2\/posts\/502069","targetHints":{"allow":["GET"]}}],"collection":[{"href":"https:\/\/www.europesays.com\/pt\/wp-json\/wp\/v2\/posts"}],"about":[{"href":"https:\/\/www.europesays.com\/pt\/wp-json\/wp\/v2\/types\/post"}],"author":[{"embeddable":true,"href":"https:\/\/www.europesays.com\/pt\/wp-json\/wp\/v2\/users\/2"}],"replies":[{"embeddable":true,"href":"https:\/\/www.europesays.com\/pt\/wp-json\/wp\/v2\/comments?post=502069"}],"version-history":[{"count":0,"href":"https:\/\/www.europesays.com\/pt\/wp-json\/wp\/v2\/posts\/502069\/revisions"}],"wp:featuredmedia":[{"embeddable":true,"href":"https:\/\/www.europesays.com\/pt\/wp-json\/wp\/v2\/media\/502070"}],"wp:attachment":[{"href":"https:\/\/www.europesays.com\/pt\/wp-json\/wp\/v2\/media?parent=502069"}],"wp:term":[{"taxonomy":"category","embeddable":true,"href":"https:\/\/www.europesays.com\/pt\/wp-json\/wp\/v2\/categories?post=502069"},{"taxonomy":"post_tag","embeddable":true,"href":"https:\/\/www.europesays.com\/pt\/wp-json\/wp\/v2\/tags?post=502069"}],"curies":[{"name":"wp","href":"https:\/\/api.w.org\/{rel}","templated":true}]}}