{"id":50213,"date":"2025-08-29T14:21:19","date_gmt":"2025-08-29T14:21:19","guid":{"rendered":"https:\/\/www.europesays.com\/pt\/50213\/"},"modified":"2025-08-29T14:21:19","modified_gmt":"2025-08-29T14:21:19","slug":"arquitetos-revelam-itens-que-parecem-bonitos-mas-nao-funcionam-em-casa","status":"publish","type":"post","link":"https:\/\/www.europesays.com\/pt\/50213\/","title":{"rendered":"Arquitetos revelam: itens que parecem bonitos, mas n\u00e3o funcionam em casa"},"content":{"rendered":"<p data-start=\"68\" data-end=\"475\">Se voc\u00ea j\u00e1 fez uma reforma com acompanhamento de um arquiteto, provavelmente passou pela situa\u00e7\u00e3o de pedir algo no projeto e ouvir do profissional que aquilo n\u00e3o era uma boa ideia. E isso \u00e9 mais comum do que parece. Muitas vezes, solu\u00e7\u00f5es que parecem lindas \u00e0 primeira vista podem gerar dor de cabe\u00e7a no futuro \u2014 seja pela dificuldade de manuten\u00e7\u00e3o, de limpeza ou simplesmente por falta de funcionalidade.<\/p>\n<p data-start=\"477\" data-end=\"604\">Para nunca mais se arrepender no p\u00f3s-reforma, <strong>conversamos com quatro arquitetas<\/strong> para descobrir <strong>quais itens eles n\u00e3o colocam em suas pr\u00f3prias casas.<\/strong><\/p>\n<p>1. Sof\u00e1 branco<\/p>\n<p>    <img loading=\"lazy\" decoding=\"async\" alt=\"sof\u00e1 branco na sala de estar\" class=\"size-full wp-image-1561022\" src=\"https:\/\/www.europesays.com\/pt\/wp-content\/uploads\/2025\/08\/sofa-branco.jpg\" border=\"0\" title=\"sofa-branco\" width=\"1024\" height=\"1536\" data-restrict=\"false\" data-portal-copyright=\"Todos Arquitetura\" data-image-caption=\"Sala de estar assinada por Todos Arquitetura.\" data-image-title=\"\" data-image-source=\"Pinterest\"\/><br \/>\n     Sala de estar assinada por Todos Arquitetura. (Todos Arquitetura\/Pinterest)<\/p>\n<p>Se na sua casa tem crian\u00e7as ou animais, nem pensar! Para <strong>Sandra Mar\u00e7al, do Spazio Arquitetura<\/strong>, o sof\u00e1 branco ou de cores muito claras n\u00e3o entram na decora\u00e7\u00e3o.<\/p>\n<p>Apesar de ser elegante e um cl\u00e1ssico no design de interiores, o tecido claro, por natureza, \u00e9 muito suscet\u00edvel a manchas, poeira, marcas de uso e at\u00e9 ao simples contato com roupas coloridas que podem soltar tinta, de modo que a limpeza e manuten\u00e7\u00e3o passam a fazer parte da rotina \u2014 e do bolso.<\/p>\n<p>2. Piso vin\u00edlico<\/p>\n<p>    <img loading=\"lazy\" decoding=\"async\" alt=\"piso vin\u00edlico pode n\u00e3o ser a melhor op\u00e7\u00e3o\" class=\"size-full wp-image-1561041\" src=\"https:\/\/www.europesays.com\/pt\/wp-content\/uploads\/2025\/08\/piso-vinilico.webp\" border=\"0\" title=\"piso-vinilico\" width=\"700\" height=\"700\" data-restrict=\"false\" data-portal-copyright=\"Site Madeiramadeira\" data-image-caption=\"Sala de estar com piso vin\u00edlico que imita madeira.\" data-image-title=\"\" data-image-source=\"Reprodu\u00e7\u00e3o\"\/><br \/>\n     Sala de estar com piso vin\u00edlico que imita madeira. (Site Madeiramadeira\/Reprodu\u00e7\u00e3o)<\/p>\n<p>Para a <b>arquiteta Sabrina Salles, <\/b>piso vin\u00edlico, nem pensar. Apesar de ser ter baixo custo, ser instalado com praticidade e oferecer conforto ac\u00fastico e t\u00e9rmico, esse tipo de revestimento possui uma durabilidade menor, perdendo brilho e se desgastando com o tempo.\u00a0<\/p>\n<p>    Continua ap\u00f3s a publicidade<\/p>\n<p>Al\u00e9m disso, tamb\u00e9m \u00e9 mais sens\u00edvel a riscos e cortes e pode sofrer deforma\u00e7\u00f5es ou desbotamentos se estiver em ambientes com umidade ou exposi\u00e7\u00e3o ao sol.<\/p>\n<p>3. Piso polido de alto brilho<\/p>\n<p>    <img loading=\"lazy\" decoding=\"async\" alt=\"Piso polido pode ser escorregadil\" class=\"size-full wp-image-1561026\" src=\"https:\/\/www.europesays.com\/pt\/wp-content\/uploads\/2025\/08\/piso-polido-alto-brilho.jpg\" border=\"0\" title=\"piso-polido-alto-brilho\" width=\"736\" height=\"961\" data-restrict=\"false\" data-portal-copyright=\"CERABOL\" data-image-caption=\"Piso polido de alto brilho na sala de estar.\" data-image-title=\"\" data-image-source=\"Pinterest\"\/><br \/>\n     Piso polido de alto brilho na sala de estar. (CERABOL\/Pinterest)<\/p>\n<p>Outro piso que passa longe da casa dos profissionais \u00e9 o polido brilhante. Para as arquitetas <strong>Bruna Pincelli<\/strong> e <strong>Juliana Fabrizzi<\/strong>, ele pode at\u00e9 impressionar pela est\u00e9tica, mas falha na funcionalidade.<\/p>\n<p>    Continua ap\u00f3s a publicidade<\/p>\n<p>\u201cAcho escorregadio, artificial e risca muito facilmente.\u201d, afirma Fabrizzi. Al\u00e9m disso, por conta do efeito espelhado, qualquer poeira, marca de pegada, respingo de \u00e1gua ou mancha fica evidente na superf\u00edcie, precisando de limpeza rotineira.\u00a0<\/p>\n<p>4. Revestimento dentro do box do banheiro<\/p>\n<p>    <img loading=\"lazy\" decoding=\"async\" alt=\"revestimento dentro do box\" class=\"size-full wp-image-1561025\" src=\"https:\/\/www.europesays.com\/pt\/wp-content\/uploads\/2025\/08\/revestimento-box.jpg\" border=\"0\" title=\"revestimento-box\" width=\"736\" height=\"920\" data-restrict=\"false\" data-portal-copyright=\"Casa Perfeita\" data-image-caption=\"Banheiro projetado por Casa Perfeita.\" data-image-title=\"\" data-image-source=\"Reprodu\u00e7\u00e3o\"\/><br \/>\n     Banheiro projetado por Casa Perfeita. (Casa Perfeita\/Reprodu\u00e7\u00e3o)<\/p>\n<p>Para Sandra Mar\u00e7al, as texturas, cores e acabamentos dos<a href=\"https:\/\/claudia.abril.com.br\/casa-claudia\/banheiro-renovado-10-azulejos-lindos-para-apostar-agora\/\" rel=\"nofollow noopener\" target=\"_blank\"> revestimentos<\/a> chamam a aten\u00e7\u00e3o e trazem uma beleza est\u00e9tica para o banheiro, mas quando colocados dentro do box, podem trazer problemas para o uso di\u00e1rio.<\/p>\n<p>    Continua ap\u00f3s a publicidade<\/p>\n<p>Al\u00e9m de acumular sujeira e umidade, alguns acabamentos exigem manuten\u00e7\u00e3o constante, principalmente pelo frequente contato com a \u00e1gua.<\/p>\n<p>5. Luz branca fria<\/p>\n<p>    <img loading=\"lazy\" decoding=\"async\" alt=\"Luzes brancas em casa\" class=\"size-full wp-image-1561027\" src=\"https:\/\/www.europesays.com\/pt\/wp-content\/uploads\/2025\/08\/lux-branca-em-casa.jpg\" border=\"0\" title=\"lux-branca-em-casa\" width=\"660\" height=\"990\" data-restrict=\"false\" data-portal-copyright=\"Arkpad.com.br\" data-image-caption=\"Projeto de banheiro branco por Arkpad.\" data-image-title=\"\" data-image-source=\"Pinterest\"\/><br \/>\n     Projeto de banheiro branco por Arkpad. (Arkpad.com.br\/Pinterest)<\/p>\n<p>Falando de ilumina\u00e7\u00e3o, as arquitetas Bruna, Juliana e Sabrina concordam quando o assunto \u00e9 luz branca. \u201cPara clientes que fazem quest\u00e3o de luz branca, eu sempre mesclo. Apenas ilumina\u00e7\u00e3o fria seria dif\u00edcil me convencer, pois pra mim \u00e9 quest\u00e3o de conforto\u201d, explica Juliana.<\/p>\n<p>A intensidade e tonalidade fria podem causar desconforto visual, gerar fadiga ocular e at\u00e9 transmitir uma atmosfera pouco convidativa ou cl\u00ednica, que n\u00e3o favorece o aconchego nem a concentra\u00e7\u00e3o prolongada. Em ambientes de trabalho ou em casa, a luz branca tende a ser menos acolhedora, tornando os espa\u00e7os frios e pouco convidativos.<\/p>\n<p>6. Carpete<\/p>\n<p>    <img loading=\"lazy\" decoding=\"async\" alt=\"carpete em casa n\u00e3o \u00e9 funcional\" class=\"size-full wp-image-1561030\" src=\"https:\/\/www.europesays.com\/pt\/wp-content\/uploads\/2025\/08\/casa-com-carpete.jpg\" border=\"0\" title=\"casa-com-carpete\" width=\"667\" height=\"1000\" data-restrict=\"false\" data-portal-copyright=\"Naomi Barron Interior Design\" data-image-caption=\"Quarto principal assinado por Naomi Barron.\" data-image-title=\"\" data-image-source=\"Pinterest\"\/><br \/>\n     Quarto principal assinado por Naomi Barron. (Naomi Barron Interior Design\/Pinterest)<\/p>\n<p>    Continua ap\u00f3s a publicidade<\/p>\n<p>Apesar de trazer um toque macio e confort\u00e1vel no frio, o <strong>carpete<\/strong> \u00e9 pouco pr\u00e1tico. Juliana complementa: \u201cHoje temos pisos aconchegantes e tapetes grandes, macios, que podem ser trocados e lavados\u201d. Para a arquiteta, essa versatilidade \u00e9 muito mais interessante do que um ambiente totalmente acarpetado.\u00a0<\/p>\n<p>7. Minimalismo (em excesso)<\/p>\n<p>    <img loading=\"lazy\" decoding=\"async\" alt=\"O minimalismo \u00e9 bonito mas em excesso, cansa\" class=\"size-full wp-image-1561032\" src=\"https:\/\/www.europesays.com\/pt\/wp-content\/uploads\/2025\/08\/Design-visualization-@pariisaafallah-@hamedsamadi_arch-.minimalismmodernjapaneseinteri.jpg\" border=\"0\" title=\"Design &amp; visualization \u2013 @pariisaafallah @hamedsamadi_arch \u2026#minimalism#modern#japanese#interi\" width=\"1024\" height=\"1280\" data-restrict=\"false\" data-portal-copyright=\"@pariisaafallah | @hamedsamadi_arch\" data-image-caption=\"Cozinha minimalista.\" data-image-title=\"\" data-image-source=\"Instagram\"\/><br \/>\n     Cozinha minimalista. (@pariisaafallah | @hamedsamadi_arch\/Instagram)<\/p>\n<p>Minimalismo e excesso podem parecer conceitos opostos, mas quando um ambiente \u00e9 clean em demasia, a sensa\u00e7\u00e3o de vazio pode ser cansativa. Para Fabrizzi, uma casa sem informa\u00e7\u00e3o e movimento \u00e9 um ambiente sem vida. \u201cO segredo, pra mim, \u00e9 harmonizar tudo o que voc\u00ea gosta, equilibrar estilos de um jeito que te traga aconchego\u201c, afirma.<\/p>\n<p><b>Assine a newsletter de CLAUDIA<\/b><\/p>\n<p style=\"text-align: justify;\">Receba sele\u00e7\u00f5es especiais de receitas, al\u00e9m das melhores dicas de amor &amp; sexo. E o melhor: sem pagar nada. Inscreva-se abaixo para receber as nossas newsletters:<\/p>\n<p>    Continua ap\u00f3s a publicidade<\/p>\n<p>Assine a Newsletter CLAUDIA Cozinha<\/p>\n<p>\n                            Receba a melhor curadoria de conte\u00fados de gastronomia de CLAUDIA COZINHA.<br \/>\n                                <strong><br \/>\n                                    Inscreva-se aqui<br \/>\n                                <\/strong>para receber a nossa newsletter<\/p>\n<p>                            Cadastro efetuado com sucesso!<\/p>\n<p>Voc\u00ea receber\u00e1 nossa newsletter em breve.<\/p>\n<p>Assine a Newsletter Amor &amp; Sexo<\/p>\n<p>\n                            Receba as melhores dicas de relacionamento e sexo. E o melhor: sem pagar nada.<\/p>\n<p>                                <strong><br \/>\n                                    Inscreva-se aqui<br \/>\n                                <\/strong>para receber a nossa newsletter<\/p>\n<p>                            Cadastro efetuado com sucesso!<\/p>\n<p>Voc\u00ea receber\u00e1 nossa newsletter em breve.<\/p>\n<p><b>Acompanhe o nosso WhatsApp<\/b><\/p>\n<p style=\"text-align: justify;\">Quer receber as \u00faltimas not\u00edcias, receitas e mat\u00e9rias incr\u00edveis de CLAUDIA direto no seu celular? \u00c9 s\u00f3 se inscrever aqui, <a href=\"https:\/\/whatsapp.com\/channel\/0029Va7rh5uCsU9Q7higqA2C\" rel=\"nofollow noopener\" target=\"_blank\">no nosso canal no WhatsApp<\/a>.\u00a0<\/p>\n<p><b>Acesse as not\u00edcias atrav\u00e9s de nosso app\u00a0<\/b><\/p>\n<p style=\"text-align: justify;\">Com o aplicativo de CLAUDIA, dispon\u00edvel para <a href=\"https:\/\/apps.apple.com\/br\/app\/claudia\/id433397151\" rel=\"nofollow noopener\" target=\"_blank\">iOS <\/a>e <a href=\"https:\/\/play.google.com\/store\/apps\/details?id=com.newspaperdirect.abril.claudia&amp;pli=1\" rel=\"nofollow noopener\" target=\"_blank\">Android<\/a>, voc\u00ea confere as edi\u00e7\u00f5es impressas na \u00edntegra, e ainda ganha acesso ilimitado ao conte\u00fado dos apps de todos os t\u00edtulos Abril, como Veja e Superinteressante.<\/p>\n","protected":false},"excerpt":{"rendered":"Se voc\u00ea j\u00e1 fez uma reforma com acompanhamento de um arquiteto, provavelmente passou pela situa\u00e7\u00e3o de pedir algo&hellip;\n","protected":false},"author":2,"featured_media":50214,"comment_status":"","ping_status":"","sticky":false,"template":"","format":"standard","meta":{"footnotes":""},"categories":[144],"tags":[207,205,206,203,201,202,204,114,115,32,33],"class_list":{"0":"post-50213","1":"post","2":"type-post","3":"status-publish","4":"format-standard","5":"has-post-thumbnail","7":"category-arte-e-design","8":"tag-arte","9":"tag-arte-e-design","10":"tag-artedesign","11":"tag-arts","12":"tag-arts-and-design","13":"tag-artsanddesign","14":"tag-design","15":"tag-entertainment","16":"tag-entretenimento","17":"tag-portugal","18":"tag-pt"},"share_on_mastodon":{"url":"","error":""},"_links":{"self":[{"href":"https:\/\/www.europesays.com\/pt\/wp-json\/wp\/v2\/posts\/50213","targetHints":{"allow":["GET"]}}],"collection":[{"href":"https:\/\/www.europesays.com\/pt\/wp-json\/wp\/v2\/posts"}],"about":[{"href":"https:\/\/www.europesays.com\/pt\/wp-json\/wp\/v2\/types\/post"}],"author":[{"embeddable":true,"href":"https:\/\/www.europesays.com\/pt\/wp-json\/wp\/v2\/users\/2"}],"replies":[{"embeddable":true,"href":"https:\/\/www.europesays.com\/pt\/wp-json\/wp\/v2\/comments?post=50213"}],"version-history":[{"count":0,"href":"https:\/\/www.europesays.com\/pt\/wp-json\/wp\/v2\/posts\/50213\/revisions"}],"wp:featuredmedia":[{"embeddable":true,"href":"https:\/\/www.europesays.com\/pt\/wp-json\/wp\/v2\/media\/50214"}],"wp:attachment":[{"href":"https:\/\/www.europesays.com\/pt\/wp-json\/wp\/v2\/media?parent=50213"}],"wp:term":[{"taxonomy":"category","embeddable":true,"href":"https:\/\/www.europesays.com\/pt\/wp-json\/wp\/v2\/categories?post=50213"},{"taxonomy":"post_tag","embeddable":true,"href":"https:\/\/www.europesays.com\/pt\/wp-json\/wp\/v2\/tags?post=50213"}],"curies":[{"name":"wp","href":"https:\/\/api.w.org\/{rel}","templated":true}]}}