{"id":502153,"date":"2026-08-27T07:10:16","date_gmt":"2026-08-27T07:10:16","guid":{"rendered":"https:\/\/www.europesays.com\/pt\/502153\/"},"modified":"2026-08-27T07:10:16","modified_gmt":"2026-08-27T07:10:16","slug":"ainda-utiliza-hijab-daniela-ventura-surge-irreconhecivel-e-com-novo-estilo-apos-participacao-no-big-brother-2024-big-brother-verao-2026-ultimas-noticias-videos-e-diretos","status":"publish","type":"post","link":"https:\/\/www.europesays.com\/pt\/502153\/","title":{"rendered":"Ainda utiliza hijab? Daniela Ventura surge irreconhec\u00edvel e com novo estilo ap\u00f3s participa\u00e7\u00e3o no Big Brother 2024 &#8211; Big Brother Ver\u00e3o 2026: \u00daltimas Not\u00edcias, V\u00eddeos e Diretos"},"content":{"rendered":"<p>\n                        Longe dos ecr\u00e3s e numa fase mais discreta da vida, Daniela Ventura tem partilhado alguns momentos do seu dia a dia nas redes sociais.\n                    <\/p>\n<p>Depois de ter ficado conhecida pela participa\u00e7\u00e3o no <strong>\u201cBig Brother 2024\u201d<\/strong>, onde foi finalista e conquistou o segundo lugar, Daniela Ventura continuou ligada aos reality shows, passando ainda pelo <strong>\u201cDilema\u201d<\/strong> e pelo <strong>\u201cBig Brother Ver\u00e3o\u201d<\/strong>.<\/p>\n<p>Agora, a jovem parece estar a viver uma fase mais tranquila e afastada da televis\u00e3o. Entre viagens, passeios, jantares e outros momentos do quotidiano, Daniela tem mostrado aos seguidores como tem sido a sua vida longe dos holofotes.<\/p>\n<p>Al\u00e9m disso, apostou num novo projeto profissional e dedica-se atualmente \u00e0 <strong>extens\u00e3o de c\u00edlios personalizados, em Alc\u00e1cer do Sal<\/strong>.<\/p>\n<p>Veja na galeria <strong>como est\u00e1 Daniela Ventura atualmente<\/strong>.<\/p>\n","protected":false},"excerpt":{"rendered":"Longe dos ecr\u00e3s e numa fase mais discreta da vida, Daniela Ventura tem partilhado alguns momentos do seu&hellip;\n","protected":false},"author":2,"featured_media":502154,"comment_status":"","ping_status":"","sticky":false,"template":"","format":"standard","meta":{"footnotes":"","_share_on_mastodon":"0"},"categories":[85],"tags":[331,48,333,328,335,7732,336,114,115,334,332,330,338,13,32,33,162,227],"class_list":["post-502153","post","type-post","status-publish","format-standard","has-post-thumbnail","category-entretenimento","tag-big","tag-big-brother","tag-comentadores","tag-concorrentes","tag-confrontos","tag-daniela-ventura","tag-discussoes","tag-entertainment","tag-entretenimento","tag-exclusivos","tag-expulso","tag-gala","tag-maria-botelho-moniz","tag-noticias","tag-portugal","tag-pt","tag-tvi","tag-videos"],"share_on_mastodon":{"url":"https:\/\/pubeurope.com\/@pt\/117166225941767434","error":""},"_links":{"self":[{"href":"https:\/\/www.europesays.com\/pt\/wp-json\/wp\/v2\/posts\/502153","targetHints":{"allow":["GET"]}}],"collection":[{"href":"https:\/\/www.europesays.com\/pt\/wp-json\/wp\/v2\/posts"}],"about":[{"href":"https:\/\/www.europesays.com\/pt\/wp-json\/wp\/v2\/types\/post"}],"author":[{"embeddable":true,"href":"https:\/\/www.europesays.com\/pt\/wp-json\/wp\/v2\/users\/2"}],"replies":[{"embeddable":true,"href":"https:\/\/www.europesays.com\/pt\/wp-json\/wp\/v2\/comments?post=502153"}],"version-history":[{"count":0,"href":"https:\/\/www.europesays.com\/pt\/wp-json\/wp\/v2\/posts\/502153\/revisions"}],"wp:featuredmedia":[{"embeddable":true,"href":"https:\/\/www.europesays.com\/pt\/wp-json\/wp\/v2\/media\/502154"}],"wp:attachment":[{"href":"https:\/\/www.europesays.com\/pt\/wp-json\/wp\/v2\/media?parent=502153"}],"wp:term":[{"taxonomy":"category","embeddable":true,"href":"https:\/\/www.europesays.com\/pt\/wp-json\/wp\/v2\/categories?post=502153"},{"taxonomy":"post_tag","embeddable":true,"href":"https:\/\/www.europesays.com\/pt\/wp-json\/wp\/v2\/tags?post=502153"}],"curies":[{"name":"wp","href":"https:\/\/api.w.org\/{rel}","templated":true}]}}