{"id":50217,"date":"2025-08-29T14:23:08","date_gmt":"2025-08-29T14:23:08","guid":{"rendered":"https:\/\/www.europesays.com\/pt\/50217\/"},"modified":"2025-08-29T14:23:08","modified_gmt":"2025-08-29T14:23:08","slug":"sbt-tv-nesta-sexta-feira-29-elisa-organiza-a-mudanca-da-diretora","status":"publish","type":"post","link":"https:\/\/www.europesays.com\/pt\/50217\/","title":{"rendered":"SBT TV | Nesta sexta-feira (29), Elisa organiza a mudan\u00e7a da diretora"},"content":{"rendered":"<p>As coisas n\u00e3o v\u00e3o bem no col\u00e9gio! No cap\u00edtulo de<strong>\u00a0A Caverna Encantada<\/strong>\u00a0de hoje (29),\u00a0<strong>Norma transforma <\/strong>a biblioteca em <strong>sua nova sala<\/strong> de diretoria, e <strong>Elisa <\/strong>organiza a mudan\u00e7a.<\/p>\n<p>Enquanto isso, <strong>Isadora <\/strong>diz a <strong>Lav\u00ednia <\/strong>que <strong>ningu\u00e9m gosta dela<\/strong>, nem mesmo seus pais.\u00a0Em viagem de<strong> lua de mel<\/strong>, <strong>Gabriel e Pilar<\/strong> v\u00e3o para <strong>Perua\u00e7u<\/strong>, conversam com<strong> Isadora e Manu <\/strong>e recebem not\u00edcias sobre <strong>Paulo<\/strong>.<\/p>\n<p class=\"related-link\"><strong><a href=\"https:\/\/www.sbt.com.br\/novelas\/a-caverna-encantada\/fiquepordentro\/284440-nesta-quinta-feira-28-anna-se-emociona-ao-reencontrar-seu-pai\" title=\"Nesta quinta-feira (28), Anna se emociona ao reencontrar seu pai\" class=\"link_sbttv\" rel=\"nofollow noopener\" target=\"_blank\">+ Nesta quinta-feira (28), Anna se emociona ao reencontrar seu pai<\/a><\/strong><\/p>\n<p class=\"related-link\"><strong><a href=\"https:\/\/www.sbt.com.br\/novelas\/a-caverna-encantada\/fiquepordentro\/284411-nesta-quarta-feira-27-anna-descobre-algo-que-pode-mudar-tudo\" title=\"Nesta quarta-feira (27), Anna descobre algo que pode mudar tudo\" class=\"link_sbttv\" rel=\"nofollow noopener\" target=\"_blank\">+ Nesta quarta-feira (27), Anna descobre algo que pode mudar tudo<\/a><\/strong><\/p>\n<p class=\"related-link\"><strong><a href=\"https:\/\/www.sbt.com.br\/novelas\/a-caverna-encantada\/fiquepordentro\/284387-nesta-terca-feira-26-anna-quebra-as-regras-e-foge-de-mateus\" title=\"Nesta ter\u00e7a-feira (26), Anna quebra as regras e foge de Mateus\" class=\"link_sbttv\" rel=\"nofollow noopener\" target=\"_blank\">+ Nesta ter\u00e7a-feira (26), Anna quebra as regras e foge de Mateus<\/a><\/strong><\/p>\n<p>E mais: <strong>Flora <\/strong>sai em busca do <strong>diamante-falante<\/strong>.\u00a0<strong>Faf\u00e1 <\/strong>come\u00e7a a gravar o sitcom com<strong> Goma, Thomas, Betina, Shirley e Wanda<\/strong>.\u00a0No hospital, <strong>Paulo <\/strong>passa por <strong>cirurgias<\/strong>.<\/p>\n","protected":false},"excerpt":{"rendered":"As coisas n\u00e3o v\u00e3o bem no col\u00e9gio! No cap\u00edtulo de\u00a0A Caverna Encantada\u00a0de hoje (29),\u00a0Norma transforma a biblioteca em&hellip;\n","protected":false},"author":2,"featured_media":50218,"comment_status":"","ping_status":"","sticky":false,"template":"","format":"standard","meta":{"footnotes":""},"categories":[142],"tags":[3208,3207,3205,3206,114,115,3209,2931,32,33,936,151],"class_list":{"0":"post-50217","1":"post","2":"type-post","3":"status-publish","4":"format-standard","5":"has-post-thumbnail","7":"category-tv","8":"tag-ace","9":"tag-capitulos","10":"tag-caverna","11":"tag-encantada","12":"tag-entertainment","13":"tag-entretenimento","14":"tag-infantil","15":"tag-novela","16":"tag-portugal","17":"tag-pt","18":"tag-sbt","19":"tag-tv"},"share_on_mastodon":{"url":"","error":""},"_links":{"self":[{"href":"https:\/\/www.europesays.com\/pt\/wp-json\/wp\/v2\/posts\/50217","targetHints":{"allow":["GET"]}}],"collection":[{"href":"https:\/\/www.europesays.com\/pt\/wp-json\/wp\/v2\/posts"}],"about":[{"href":"https:\/\/www.europesays.com\/pt\/wp-json\/wp\/v2\/types\/post"}],"author":[{"embeddable":true,"href":"https:\/\/www.europesays.com\/pt\/wp-json\/wp\/v2\/users\/2"}],"replies":[{"embeddable":true,"href":"https:\/\/www.europesays.com\/pt\/wp-json\/wp\/v2\/comments?post=50217"}],"version-history":[{"count":0,"href":"https:\/\/www.europesays.com\/pt\/wp-json\/wp\/v2\/posts\/50217\/revisions"}],"wp:featuredmedia":[{"embeddable":true,"href":"https:\/\/www.europesays.com\/pt\/wp-json\/wp\/v2\/media\/50218"}],"wp:attachment":[{"href":"https:\/\/www.europesays.com\/pt\/wp-json\/wp\/v2\/media?parent=50217"}],"wp:term":[{"taxonomy":"category","embeddable":true,"href":"https:\/\/www.europesays.com\/pt\/wp-json\/wp\/v2\/categories?post=50217"},{"taxonomy":"post_tag","embeddable":true,"href":"https:\/\/www.europesays.com\/pt\/wp-json\/wp\/v2\/tags?post=50217"}],"curies":[{"name":"wp","href":"https:\/\/api.w.org\/{rel}","templated":true}]}}