{"id":502213,"date":"2026-08-27T08:37:10","date_gmt":"2026-08-27T08:37:10","guid":{"rendered":"https:\/\/www.europesays.com\/pt\/502213\/"},"modified":"2026-08-27T08:37:10","modified_gmt":"2026-08-27T08:37:10","slug":"canetas-emagrecedoras-exigem-novo-modelo-de-gestao-na-saude","status":"publish","type":"post","link":"https:\/\/www.europesays.com\/pt\/502213\/","title":{"rendered":"Canetas emagrecedoras exigem novo modelo de gest\u00e3o na sa\u00fade"},"content":{"rendered":"<p>Por <strong><a href=\"https:\/\/medicinasa.com.br\/tag\/lenisa-spinola\/\" target=\"_blank\" rel=\"noopener nofollow\">Lenisa Sp\u00ednola<\/a><\/strong><\/p>\n<p><a href=\"https:\/\/medicinasa.com.br\/wp-content\/uploads\/2026\/08\/Lenisa-Spinola-1.jpg\" rel=\"nofollow noopener\" target=\"_blank\"><img data-lazyloaded=\"1\" fetchpriority=\"high\" decoding=\"async\" class=\"size-medium wp-image-168542 alignright\" src=\"https:\/\/www.europesays.com\/pt\/wp-content\/uploads\/2026\/08\/Lenisa-Spinola-1-300x290.jpg\" alt=\"\" width=\"300\" height=\"290\"  data-\/><\/a>Recentemente, Helton Freitas, presidente da Seguros Unimed, afirmou que os medicamentos agonistas de <strong><a href=\"https:\/\/medicinasa.com.br\/tag\/canetas-emagrecedoras\/\" target=\"_blank\" rel=\"noopener nofollow\">GLP-1<\/a><\/strong>, conhecidos popularmente como \u201ccanetas emagrecedoras\u201d, vieram para ficar e que, em algum momento, dever\u00e3o fazer parte da realidade da <strong><a href=\"https:\/\/medicinasa.com.br\/tag\/saude-suplementar\/\" target=\"_blank\" rel=\"noopener nofollow\">sa\u00fade suplementar<\/a><\/strong>. Essa afirma\u00e7\u00e3o vai muito al\u00e9m da incorpora\u00e7\u00e3o de uma nova tecnologia.<\/p>\n<p>A frase nos convida a refletir sobre um dos maiores desafios enfrentados pelas operadoras: como equilibrar inova\u00e7\u00e3o, acesso e sustentabilidade financeira em um cen\u00e1rio de crescimento acelerado das doen\u00e7as cr\u00f4nicas e do envelhecimento da popula\u00e7\u00e3o?<\/p>\n<p>Durante muitos anos, o setor concentrou seus esfor\u00e7os em administrar o aumento da utiliza\u00e7\u00e3o dos servi\u00e7os de sa\u00fade. Agora, um novo componente ganha protagonismo: terapias altamente eficazes, por\u00e9m de elevado custo, que podem alterar significativamente o comportamento das despesas assistenciais.<\/p>\n<p>Mas talvez estejamos fazendo a pergunta errada. Em vez de discutir apenas quanto custar\u00e1 incorporar os medicamentos GLP-1, dever\u00edamos falar sobre como utiliz\u00e1-los de forma inteligente, segura e baseada em evid\u00eancias.<\/p>\n<p>A obesidade \u00e9 uma doen\u00e7a cr\u00f4nica, multifatorial e progressiva. Est\u00e1 diretamente relacionada ao aumento de doen\u00e7as como diabetes tipo 2, hipertens\u00e3o arterial, doen\u00e7as cardiovasculares, problemas osteoarticulares e diversas outras condi\u00e7\u00f5es que representam parcela relevante dos custos da sa\u00fade suplementar.<\/p>\n<p>Quando analisamos apenas o pre\u00e7o da medica\u00e7\u00e3o, enxergamos uma parte da equa\u00e7\u00e3o. J\u00e1 no momento em que analisamos toda a jornada do benefici\u00e1rio, percebemos que a discuss\u00e3o envolve preven\u00e7\u00e3o de complica\u00e7\u00f5es, redu\u00e7\u00e3o de interna\u00e7\u00f5es, menor utiliza\u00e7\u00e3o de procedimentos de alta complexidade, melhora da qualidade de vida e aumento da produtividade.<\/p>\n<p>\u00c9 justamente nesse contexto que dados deixam de ser um ativo operacional e passam a ser um instrumento estrat\u00e9gico de decis\u00e3o.<\/p>\n<p>As operadoras precisar\u00e3o responder perguntas como: Qual \u00e9 a popula\u00e7\u00e3o eleg\u00edvel para esse tipo de tratamento?; Quais benefici\u00e1rios apresentam maior risco de evolu\u00e7\u00e3o para eventos de alto custo?; Como definir crit\u00e9rios cl\u00ednicos objetivos para indica\u00e7\u00e3o da terapia?; Como acompanhar ades\u00e3o, persist\u00eancia e efetividade do tratamento?; Quais indicadores assistenciais e financeiros devem ser monitorados para avaliar o retorno desse investimento?<\/p>\n<p>Essas respostas n\u00e3o podem ser constru\u00eddas com base apenas em percep\u00e7\u00f5es. Elas exigem integra\u00e7\u00e3o de informa\u00e7\u00f5es cl\u00ednicas, farmac\u00eauticas, atuariais e assistenciais. Mas essa integra\u00e7\u00e3o somente \u00e9 poss\u00edvel quando existe interoperabilidade entre os diferentes sistemas que comp\u00f5em a jornada do benefici\u00e1rio. Informa\u00e7\u00f5es provenientes de operadoras, hospitais, cl\u00ednicas, laborat\u00f3rios, programas de cuidado, prescri\u00e7\u00f5es eletr\u00f4nicas, utiliza\u00e7\u00e3o de medicamentos e dispositivos precisam conversar entre si para formar uma vis\u00e3o longitudinal do paciente. Sem interoperabilidade, os dados permanecem fragmentados e a tomada de decis\u00e3o continua limitada.<\/p>\n<p>Quando essas informa\u00e7\u00f5es s\u00e3o integradas, abre-se espa\u00e7o para uma gest\u00e3o muito mais inteligente da sa\u00fade populacional. E assim, \u00e9 poss\u00edvel identificar precocemente pacientes com maior risco cl\u00ednico, direcionar interven\u00e7\u00f5es para quem realmente poder\u00e1 se beneficiar da terapia, acompanhar a evolu\u00e7\u00e3o dos resultados e mensurar, de forma consistente, o impacto assistencial e econ\u00f4mico das decis\u00f5es.<\/p>\n<p>Essa \u00e9 uma mudan\u00e7a importante de perspectiva. A discuss\u00e3o deixa de ser exclusivamente sobre controlar custos e passa a ser sobre gerar valor em sa\u00fade.<\/p>\n<p>Nos pr\u00f3ximos anos, os medicamentos GLP-1 provavelmente ser\u00e3o apenas o in\u00edcio. Novas terapias de alta complexidade e alto custo continuar\u00e3o chegando ao mercado. As organiza\u00e7\u00f5es que se destacarem ser\u00e3o aquelas capazes n\u00e3o apenas de acumular grandes volumes de dados, mas de torn\u00e1-los interoper\u00e1veis e transform\u00e1-los em intelig\u00eancia para apoiar decis\u00f5es cl\u00ednicas, atuariais e estrat\u00e9gicas. No futuro da sa\u00fade suplementar, a vantagem competitiva estar\u00e1 menos na posse dos dados e mais na capacidade de conect\u00e1-los ao longo de toda a jornada do benefici\u00e1rio.<\/p>\n<p>Mais do que incorporar inova\u00e7\u00e3o, ser\u00e1 necess\u00e1rio saber para quem, quando, como e com quais resultados ela deve ser utilizada. Esse talvez seja o maior desafio e, ao mesmo tempo, a maior oportunidade para a sa\u00fade suplementar brasileira.<\/p>\n<p><strong>*Lenisa Sp\u00ednola \u00e9 Gerente de Neg\u00f3cios da Prospera, Unidade de Neg\u00f3cios do Grupo Funcional.<\/strong><\/p>\n","protected":false},"excerpt":{"rendered":"Por Lenisa Sp\u00ednola Recentemente, Helton Freitas, presidente da Seguros Unimed, afirmou que os medicamentos agonistas de GLP-1, conhecidos&hellip;\n","protected":false},"author":2,"featured_media":502214,"comment_status":"","ping_status":"","sticky":false,"template":"","format":"standard","meta":{"footnotes":"","_share_on_mastodon":"0"},"categories":[86],"tags":[5568,1661,80494,116,80495,32,80496,33,117,20277,80497],"class_list":["post-502213","post","type-post","status-publish","format-standard","has-post-thumbnail","category-saude","tag-canetas-emagrecedoras","tag-destaque","tag-funcional-health-tech","tag-health","tag-lenisa-spinola","tag-portugal","tag-prospera","tag-pt","tag-saude","tag-saude-suplementar","tag-seguros-unimed"],"share_on_mastodon":{"url":"https:\/\/pubeurope.com\/@pt\/117166568674073722","error":""},"_links":{"self":[{"href":"https:\/\/www.europesays.com\/pt\/wp-json\/wp\/v2\/posts\/502213","targetHints":{"allow":["GET"]}}],"collection":[{"href":"https:\/\/www.europesays.com\/pt\/wp-json\/wp\/v2\/posts"}],"about":[{"href":"https:\/\/www.europesays.com\/pt\/wp-json\/wp\/v2\/types\/post"}],"author":[{"embeddable":true,"href":"https:\/\/www.europesays.com\/pt\/wp-json\/wp\/v2\/users\/2"}],"replies":[{"embeddable":true,"href":"https:\/\/www.europesays.com\/pt\/wp-json\/wp\/v2\/comments?post=502213"}],"version-history":[{"count":0,"href":"https:\/\/www.europesays.com\/pt\/wp-json\/wp\/v2\/posts\/502213\/revisions"}],"wp:featuredmedia":[{"embeddable":true,"href":"https:\/\/www.europesays.com\/pt\/wp-json\/wp\/v2\/media\/502214"}],"wp:attachment":[{"href":"https:\/\/www.europesays.com\/pt\/wp-json\/wp\/v2\/media?parent=502213"}],"wp:term":[{"taxonomy":"category","embeddable":true,"href":"https:\/\/www.europesays.com\/pt\/wp-json\/wp\/v2\/categories?post=502213"},{"taxonomy":"post_tag","embeddable":true,"href":"https:\/\/www.europesays.com\/pt\/wp-json\/wp\/v2\/tags?post=502213"}],"curies":[{"name":"wp","href":"https:\/\/api.w.org\/{rel}","templated":true}]}}