{"id":50223,"date":"2025-08-29T14:26:07","date_gmt":"2025-08-29T14:26:07","guid":{"rendered":"https:\/\/www.europesays.com\/pt\/50223\/"},"modified":"2025-08-29T14:26:07","modified_gmt":"2025-08-29T14:26:07","slug":"os-convocados-de-roberto-martinez-para-os-jogos-de-apuramento-para-o-mundial2026-um-regresso-na-defesa-record","status":"publish","type":"post","link":"https:\/\/www.europesays.com\/pt\/50223\/","title":{"rendered":"Os convocados de Roberto Mart\u00ednez para os jogos de apuramento para o Mundial&#039;2026: um regresso na defesa &#8211; Record"},"content":{"rendered":"<ol>\n<li><a href=\"https:\/\/news.google.com\/rss\/articles\/CBMi_wFBVV95cUxOTF9hTE9KMHJSdllRSXV5dkxKT1Q5YTVvR3RMNFdPSVJiU1FieU9XeTNLcHd0NW9pM1hReUtHang3RVBnMVZibVlOa2Z1MElaOHIzT0MwZEw3WlNRallPSllWMjkzWDcycmxjcU1tMjNGZC0wd1ltQ3BESUw3b1R2TS1YbjlEWkl0OU5waTlRU1p1aXNrendJOU5YZGJHYnRMdnJOUVA4bXZ6OFNQVkl6UzUwTWNCRUJaTFYtQVdib2ZLYTNJRlBiNXVEMjBHeE11amMwZFJCdzJiRzdCQjY1d1lmN3FtdmlwQlJMampMMXhvSndnRXFvWVlFQ3c5MGs?oc=5\" target=\"_blank\" rel=\"nofollow noopener\">Os convocados de Roberto Mart\u00ednez para os jogos de apuramento para o Mundial&#8217;2026: um regresso na defesa<\/a>&nbsp;&nbsp;Record<\/li>\n<li><a href=\"https:\/\/news.google.com\/rss\/articles\/CBMi2gFBVV95cUxOXzBWMGd1cC1rZWhMN2JzVGptVEFnZjllN2R4anBSVjE1dXNTa3pLbkV5bHlNRUxlWU5GRmhhWmJrc1o1TDBDQ1JaUTdqTGpOWjF4TjlWZHYxSjczNHFzRlRYdWdPVGVHT1V5QXNOa2JrNjVIQUVfQjNKX1ZYNVpUc2FvTnpzeEJ4TDZQWlJoV0lPT2tIcHJPblRZaVBVMFNLbnZKa3ViZU9IcWtQc2pCVUtmSC1WSDdyVjNSdG9ZUnNzeG5MVEJZUndXRDRiXzJOcWFxSlMtRmJvUdIB6AFBVV95cUxOTHNRNWQ0cFFxZHpQdURWT0M3N0N0eHcxQ28wR1lXb2l3Tjd4MHVDY2FkbXJ5YWRwcGs5WEVVVVplZU9iNWc0Zmp4ZEZ4RndSa2Q3dXB6WDF0MzIyNUJrMjA0WjYwRWRfREstUkEtRUo1VmdCWkhkZU1EUjB6eWZRem5xZmh0V2ZvUkJqUWx1WHhSOE9hMU4zc2k0SC1aaWVreWVVZTJvbkVKNWtYR29MZTRsaEhQS3hBYWxlbEVRWmxGR1R2V1lrdHQ0TlVOLXBGa0pHOTMzaV9xM3dXTjRiMmxBS0Q4Y2VZ?oc=5\" target=\"_blank\" rel=\"nofollow noopener\">R\u00faben Neves usar\u00e1 a camisa 21 em homenagem a Diogo Jota, anuncia treinador de Portugal<\/a>&nbsp;&nbsp;O Globo<\/li>\n<li><a href=\"https:\/\/news.google.com\/rss\/articles\/CBMivgFBVV95cUxPc1BCVDNINW5JT0g5VkloazJ3YThCUDl1ZXM2YUdPaXZnZUhTV3Mxczdsc2t2UHBxNXFpTnZPeEp0b2QzRnF1aGN0SDlKNjdTVUpBbUxjczVRSVczaWhfQjJrM1A2OFFOZjRJSTk2ZDN6N1BOZ2diOGJlaXhBMzloTHB6ejdpV2g4WDhrMjhtbXhpRDBNSUphQ1RERlp6cUo4WkFOTzFvVUU4MVJ2SmN4Z1BNX3dQYkZqNGlkZkdn0gHDAUFVX3lxTFAyUThJZk5hUU9Sem41MmJsQThqZlYyVGR2MUlhRU1nOEpBOXZQeklHZE1SR1FNSENXSlRJVlhPYlFPNjV0YzcwMnBNMUEwbEprT3I2aWZvTldoeDdjeFpmQ2lqYnVLa3RQdFQzdnNhU1FVdm9EVWJObHN1QmdIVXlXS19tQUJnUmJUbUd4ZVFmTThtZWNWZUFmeHdCbWtvWWZCU0xZNDJWX3AxdHFOZ3djNHBHOUJmU3BjczUzYlgzZzNRbw?oc=5\" target=\"_blank\" rel=\"nofollow noopener\">Portugal divulga convocados com Cristiano Ronaldo e astros do Saudita<\/a>&nbsp;&nbsp;LANCE!<\/li>\n<li><a href=\"https:\/\/news.google.com\/rss\/articles\/CBMilAFBVV95cUxPQm82aGI3TWo4cmZfVzBYaVl0NWlLVmhqNE1UZFdPRWc1czVwTTBYVEg4ZzNqeUkwa1J6WE52NERmSVpuWUtHVG5QcTV3bEhwajlNcVFGOFdjQUhhck81Um0xWGlIQnFKRUU0M3ZQWG5KdGJHYVN3bVN4Z2tZUlZGOFQ2WDV3NDJ6QW9scDlSTDhLM3Fr?oc=5\" target=\"_blank\" rel=\"nofollow noopener\">&#8220;O n\u00famero de jogadores s\u00e3o 23 mais um: o Diogo&#8221;<\/a>&nbsp;&nbsp;RTP<\/li>\n<li><a href=\"https:\/\/news.google.com\/rss\/articles\/CBMivwFBVV95cUxQT1Y3SmJsSkJacXpiV09hT0VONExZMl84cFZTLXdEMHk0TEJGM000dGVBdi1ZR0dPNjdFVEFXTV9TeHNFM0xpeWpUYndwZk9vd1pTckxVZzRldTg0dXVBbmszNkxNQ0o2R3lTTWdMbWYzeldEdzRjVTY0Z3NKY2xwMjB4akpEajlDb0wyLS1IVktSYXZDd1AycEpxRnBuVmV1bnplV0JfMEd0ZXVaTUpiZ01pNjY5TUZmZnBHRWo0aw?oc=5\" target=\"_blank\" rel=\"nofollow noopener\">\u00abA porta da Sele\u00e7\u00e3o est\u00e1 sempre aberta, mas n\u00e3o mudamos por mudar\u00bb<\/a>&nbsp;&nbsp;CNN Portugal<\/li>\n<\/ol>\n","protected":false},"excerpt":{"rendered":"Os convocados de Roberto Mart\u00ednez para os jogos de apuramento para o Mundial&#8217;2026: um regresso na defesa&nbsp;&nbsp;Record R\u00faben&hellip;\n","protected":false},"author":2,"featured_media":47583,"comment_status":"","ping_status":"","sticky":false,"template":"","format":"standard","meta":{"footnotes":""},"categories":[87],"tags":[135,32,33,134],"class_list":{"0":"post-50223","1":"post","2":"type-post","3":"status-publish","4":"format-standard","5":"has-post-thumbnail","7":"category-desporto","8":"tag-desporto","9":"tag-portugal","10":"tag-pt","11":"tag-sports"},"share_on_mastodon":{"url":"","error":""},"_links":{"self":[{"href":"https:\/\/www.europesays.com\/pt\/wp-json\/wp\/v2\/posts\/50223","targetHints":{"allow":["GET"]}}],"collection":[{"href":"https:\/\/www.europesays.com\/pt\/wp-json\/wp\/v2\/posts"}],"about":[{"href":"https:\/\/www.europesays.com\/pt\/wp-json\/wp\/v2\/types\/post"}],"author":[{"embeddable":true,"href":"https:\/\/www.europesays.com\/pt\/wp-json\/wp\/v2\/users\/2"}],"replies":[{"embeddable":true,"href":"https:\/\/www.europesays.com\/pt\/wp-json\/wp\/v2\/comments?post=50223"}],"version-history":[{"count":0,"href":"https:\/\/www.europesays.com\/pt\/wp-json\/wp\/v2\/posts\/50223\/revisions"}],"wp:featuredmedia":[{"embeddable":true,"href":"https:\/\/www.europesays.com\/pt\/wp-json\/wp\/v2\/media\/47583"}],"wp:attachment":[{"href":"https:\/\/www.europesays.com\/pt\/wp-json\/wp\/v2\/media?parent=50223"}],"wp:term":[{"taxonomy":"category","embeddable":true,"href":"https:\/\/www.europesays.com\/pt\/wp-json\/wp\/v2\/categories?post=50223"},{"taxonomy":"post_tag","embeddable":true,"href":"https:\/\/www.europesays.com\/pt\/wp-json\/wp\/v2\/tags?post=50223"}],"curies":[{"name":"wp","href":"https:\/\/api.w.org\/{rel}","templated":true}]}}