{"id":50228,"date":"2025-08-29T14:31:31","date_gmt":"2025-08-29T14:31:31","guid":{"rendered":"https:\/\/www.europesays.com\/pt\/50228\/"},"modified":"2025-08-29T14:31:31","modified_gmt":"2025-08-29T14:31:31","slug":"nao-havera-qualquer-encontro-entre-zelensky-e-putin-num-futuro-imediato-diz-chanceler-alemao-jornal-de-negocios","status":"publish","type":"post","link":"https:\/\/www.europesays.com\/pt\/50228\/","title":{"rendered":"&quot;N\u00e3o haver\u00e1 qualquer encontro&quot; entre Zelensky e Putin num futuro imediato, diz chanceler alem\u00e3o &#8211; Jornal de Neg\u00f3cios"},"content":{"rendered":"<ol>\n<li><a href=\"https:\/\/news.google.com\/rss\/articles\/CBMi-wFBVV95cUxOZHRrU1I2TUdDWm83a0I3VFI0cHowdDVVckxLSzBWU3NJYUNDWVZSd29ZQ21kODh5Nld5WThDbGNpUFA4TklEZFo2UlUwQnlyc1ZBbVBMZzJmZDhSN2JoT1lSWFF2aGZiRFVlbEQ4bXFVUVBXU0VmQm9sNVpaRU0wNWZna2RNUDlvNHkyVE5FLUtYUlFNdG9QVUhkRnZSQ3MzS21JVGNKXzdoenlGdFNDUWFNV19iNWYtN0VkVnYtOHNuZU9VWjhhLUVOcV9wZjIyMlg3V2dTUlFvWVdmUmFrYmRqNDB0S2JOQ3NMWDdPT1Q2V2tyWjBRVE15b9IB9gFBVV95cUxOZDlTVmRYaFZRLTc0Y0RqTlNfV1V4YXlaaE80Ynkxc1FHVXRUOWpMX29iMUFJcEtaRlF2Z1FvNldqQmF5UWpXdjNPd3lvSmV4QlJlRHRRRHVobldYV05EMEpRY2loaWVFWnlnc3c4WXJQTkJFaVQ5T2lMdkxhTHFhc1NhQlltc2M3SEkzU3hjOWZyWUlCUktnUUowTzRfdHZPNnI2UkpyRndtbTN5SThJMTExVzI5NWlJOFl2b3Z6bzYxOXN2eGhmR1d2alpqY0tveDA0NmVDVWdkcDVweEdYWWw4aDZ2VFJ3eWpNTjJrcTc0QXZGN1E?oc=5\" target=\"_blank\" rel=\"nofollow noopener\">&#8220;N\u00e3o haver\u00e1 qualquer encontro&#8221; entre Zelensky e Putin num futuro imediato, diz chanceler alem\u00e3o<\/a>&nbsp;&nbsp;Jornal de Neg\u00f3cios<\/li>\n<li><a href=\"https:\/\/news.google.com\/rss\/articles\/CBMi5AFBVV95cUxPQjgwY0dfbjNCcG5qc1pGM0xsRkNtQXV5ZGs3bl9UNlZUT0ZFYVJZd3ZTWnB5c2hUT21IQlVZaUpVWVh2ekNTR2FlRHh3UGo1bEV4NUR5YXRtZ2s3UXFaTF9JWDY1SFNXVUlXYXFOZjZYcVJ5M2lRNVZSeUJQS0pRMTdKcWJDbnV4VTFNa0JWc1N1UkRIemdSa1RKalpaYzlCdmVCZll6b1NUMFh6QTFiWjhnRkE5X2dXOVJZTWQxWF9GNzJQVVgybWtmdEpwSDlUSVBlQmZhWFYwUURDUUJwUWhoZW0?oc=5\" target=\"_blank\" rel=\"nofollow noopener\">Zelensky d\u00e1 ultimato para R\u00fassia decidir sobre reuni\u00e3o com Putin<\/a>&nbsp;&nbsp;Terra<\/li>\n<li><a href=\"https:\/\/news.google.com\/rss\/articles\/CBMi5AFBVV95cUxOM09KY0FMSXh4emR6SkgzTHptOVQ1d1YwX3UzUEc4U1hxektwa3N5UjkzeG9TQlpzdlpSMnNyT1JhWmRGTHY4WDlxYjdlQWZkTkFZOU92d3kyOXpGd1NoNVVxdHBKSmJadWNRajB4ZDhyUlZOdW95QURsb2NkSmVTNkVQZk03c2I0VXZRZE5qTi1XdnowRmc4UGtSeFZkMW1wZ1haaHZJdGw1RUV6c3lTaEZHdXVpZE9zTjQtY2VKM0FjWmxIMmptbl81UWN3ZUlxckVoaTVCWUZTa2lBN1VKNXY4QnI?oc=5\" target=\"_blank\" rel=\"nofollow noopener\">Kremlin n\u00e3o descarta c\u00fapula &#8216;bem preparada&#8217; entre Putin e Zelensky<\/a>&nbsp;&nbsp;Terra<\/li>\n<li><a href=\"https:\/\/news.google.com\/rss\/articles\/CBMiwgFBVV95cUxNd3Z6RUpfckNvN25KNlltZjZRZ2dkZWNobnR2QjZCSEk3RzdMRWJYa0NOMjVTRTVNZThONVV0UzhVN2ZKcEhfekhwZi1GaUNDVjdkOFFfY00zWUlWUUxzZl9vUXc4RTNyaDhWYVd6eE5xSWJoNndMdFhXMC1XSVQxSkZpWW1wdVNPZFNjTjZmTXlyeTI4QTRuakdTRmpCaF9KOWJ4MW05ZDVzTDY0aDltYUZ6cV91cFJ3Y25yTjRNcU90UQ?oc=5\" target=\"_blank\" rel=\"nofollow noopener\">\u00c9 evidente que n\u00e3o haver\u00e1 encontro entre Zelensky e Putin, diz chefe do governo alem\u00e3o<\/a>&nbsp;&nbsp;CartaCapital<\/li>\n<li><a href=\"https:\/\/news.google.com\/rss\/articles\/CBMiqwFBVV95cUxPVmI3U3dyU1VSSHRLZVloeTNvYUdmbWZZcmRRWWNUejlJc1p2aDNLSUx0ZmhtNmpFbFU3aGVPdEZyd1NoQWh1OEVHVExjNkRLX0RUNm4xLW80TTltTGNZb1J6R0xuRUZBQkY4NWFpZ3JFTjh2QVg4QkRaZ0k4OXJkYm5SaFRILXZnanJQZFJyazFuaWhES1RJbUhhMmRfajZqbG9HU1VNUjhUY2s?oc=5\" target=\"_blank\" rel=\"nofollow noopener\">Lavrov elogia Trump e diz que l\u00edderes europeus \u2018n\u00e3o querem a paz\u2019 na Ucr\u00e2nia<\/a>&nbsp;&nbsp;VEJA<\/li>\n<\/ol>\n","protected":false},"excerpt":{"rendered":"&#8220;N\u00e3o haver\u00e1 qualquer encontro&#8221; entre Zelensky e Putin num futuro imediato, diz chanceler alem\u00e3o&nbsp;&nbsp;Jornal de Neg\u00f3cios Zelensky d\u00e1&hellip;\n","protected":false},"author":2,"featured_media":47583,"comment_status":"","ping_status":"","sticky":false,"template":"","format":"standard","meta":{"footnotes":""},"categories":[50],"tags":[27,28,15,16,14,25,26,21,22,62,12,13,19,20,23,24,17,18,29,30,31,63,64,65],"class_list":{"0":"post-50228","1":"post","2":"type-post","3":"status-publish","4":"format-standard","5":"has-post-thumbnail","7":"category-mundo","8":"tag-breaking-news","9":"tag-breakingnews","10":"tag-featured-news","11":"tag-featurednews","12":"tag-headlines","13":"tag-latest-news","14":"tag-latestnews","15":"tag-main-news","16":"tag-mainnews","17":"tag-mundo","18":"tag-news","19":"tag-noticias","20":"tag-noticias-principais","21":"tag-noticiasprincipais","22":"tag-principais-noticias","23":"tag-principaisnoticias","24":"tag-top-stories","25":"tag-topstories","26":"tag-ultimas","27":"tag-ultimas-noticias","28":"tag-ultimasnoticias","29":"tag-world","30":"tag-world-news","31":"tag-worldnews"},"share_on_mastodon":{"url":"","error":""},"_links":{"self":[{"href":"https:\/\/www.europesays.com\/pt\/wp-json\/wp\/v2\/posts\/50228","targetHints":{"allow":["GET"]}}],"collection":[{"href":"https:\/\/www.europesays.com\/pt\/wp-json\/wp\/v2\/posts"}],"about":[{"href":"https:\/\/www.europesays.com\/pt\/wp-json\/wp\/v2\/types\/post"}],"author":[{"embeddable":true,"href":"https:\/\/www.europesays.com\/pt\/wp-json\/wp\/v2\/users\/2"}],"replies":[{"embeddable":true,"href":"https:\/\/www.europesays.com\/pt\/wp-json\/wp\/v2\/comments?post=50228"}],"version-history":[{"count":0,"href":"https:\/\/www.europesays.com\/pt\/wp-json\/wp\/v2\/posts\/50228\/revisions"}],"wp:featuredmedia":[{"embeddable":true,"href":"https:\/\/www.europesays.com\/pt\/wp-json\/wp\/v2\/media\/47583"}],"wp:attachment":[{"href":"https:\/\/www.europesays.com\/pt\/wp-json\/wp\/v2\/media?parent=50228"}],"wp:term":[{"taxonomy":"category","embeddable":true,"href":"https:\/\/www.europesays.com\/pt\/wp-json\/wp\/v2\/categories?post=50228"},{"taxonomy":"post_tag","embeddable":true,"href":"https:\/\/www.europesays.com\/pt\/wp-json\/wp\/v2\/tags?post=50228"}],"curies":[{"name":"wp","href":"https:\/\/api.w.org\/{rel}","templated":true}]}}