{"id":5023,"date":"2025-07-28T08:38:43","date_gmt":"2025-07-28T08:38:43","guid":{"rendered":"https:\/\/www.europesays.com\/pt\/5023\/"},"modified":"2025-07-28T08:38:43","modified_gmt":"2025-07-28T08:38:43","slug":"escolas-podem-agendar-visitas-para-a-xv-bienal-do-livro-do-ceara","status":"publish","type":"post","link":"https:\/\/www.europesays.com\/pt\/5023\/","title":{"rendered":"Escolas podem agendar visitas para a XV Bienal do Livro do Cear\u00e1"},"content":{"rendered":"<p>&#13;<br \/>\n        &#13;<br \/>\n            &#13;<br \/>\n&#13;<br \/>\n            &#13;<br \/>\n&#13;<br \/>\n            &#13;<br \/>\n                <a href=\"\">12 de mar\u00e7o de 2025 &#8211; 13:38<\/a>&#13;<br \/>\n                                      #<a href=\"https:\/\/www.secult.ce.gov.br\/tag\/bienal\/\" rel=\"tag nofollow noopener\" target=\"_blank\">Bienal<\/a> #<a href=\"https:\/\/www.secult.ce.gov.br\/tag\/bienal-do-livro-do-ceara\/\" rel=\"tag nofollow noopener\" target=\"_blank\">Bienal do Livro do Cear\u00e1<\/a> #<a href=\"https:\/\/www.secult.ce.gov.br\/tag\/escolas\/\" rel=\"tag nofollow noopener\" target=\"_blank\">Escolas<\/a> #<a href=\"https:\/\/www.secult.ce.gov.br\/tag\/visitacao\/\" rel=\"tag nofollow noopener\" target=\"_blank\">Visita\u00e7\u00e3o<\/a> &#13;<br \/>\n                            &#13;<br \/>\n&#13;<br \/>\n            &#13;<\/p>\n<p>\u00a0<\/p>\n<p style=\"text-align: center\">Evento liter\u00e1rio recebe inscri\u00e7\u00f5es gratuitas para grupos escolares at\u00e9 28 de mar\u00e7o ou at\u00e9 o preenchimento total das vagas<\/p>\n<p><img fetchpriority=\"high\" decoding=\"async\" class=\"size-large wp-image-41009 aligncenter\" src=\"https:\/\/www.europesays.com\/pt\/wp-content\/uploads\/2025\/07\/2025-02-18-Pre-Bienal-nas-Cozinhas-Ceara-sem-Fome-_-Jeny-Sousa-74-1200x800.jpg\" alt=\"\" width=\"690\" height=\"460\"  \/><\/p>\n<p style=\"text-align: justify\">A XV Bienal Internacional do Livro do Cear\u00e1 j\u00e1 tem data marcada e promete ser um espa\u00e7o vibrante de literatura, cultura e diversidade. Para garantir que estudantes de todo o estado tenham a oportunidade de participar dessa grande celebra\u00e7\u00e3o liter\u00e1ria, as escolas j\u00e1 podem realizar o agendamento da visita\u00e7\u00e3o escolar de forma gratuita. O prazo para inscri\u00e7\u00f5es se encerra no dia 28 de mar\u00e7o de 2025 ou assim que as vagas dispon\u00edveis forem preenchidas.<\/p>\n<p style=\"text-align: justify\">O primeiro passo para o agendamento \u00e9 cadastrar a institui\u00e7\u00e3o escolar na plataforma de visita\u00e7\u00e3o. No cadastro, ser\u00e1 necess\u00e1rio informar CNPJ, e-mail e telefone do respons\u00e1vel escolar e\/ou da institui\u00e7\u00e3o, al\u00e9m de outros dados solicitados pela comiss\u00e3o organizadora. Ap\u00f3s an\u00e1lise e aprova\u00e7\u00e3o das informa\u00e7\u00f5es fornecidas, um e-mail de confirma\u00e7\u00e3o ser\u00e1 enviado com as orienta\u00e7\u00f5es para a escolha do dia e hor\u00e1rio da visita\u00e7\u00e3o. O cadastro e o agendamento podem ser feitos pelo site:<a href=\"https:\/\/bienaldolivro.cultura.ce.gov.br\/inscricao-visitacao-escolar\/\" rel=\"nofollow noopener\" target=\"_blank\"> https:\/\/bienaldolivro.cultura.ce.gov.br\/inscricao-visitacao-escolar\/<\/a>.<\/p>\n<p style=\"text-align: justify\">A visita\u00e7\u00e3o escolar acontecer\u00e1 durante todo o per\u00edodo da Bienal, de 04 a 13 de abril de 2025, nos turnos manh\u00e3 e tarde. Cada institui\u00e7\u00e3o poder\u00e1 selecionar a data e o hor\u00e1rio que melhor se adequem \u00e0 sua programa\u00e7\u00e3o, de acordo com a disponibilidade. A perman\u00eancia de cada grupo no circuito da visita\u00e7\u00e3o ser\u00e1 de 120 minutos e, para cada grupo de 35 alunos, a escola dever\u00e1 designar um profissional respons\u00e1vel por acompanh\u00e1-los em todas as atividades.<\/p>\n<p style=\"text-align: justify\">O transporte dos estudantes at\u00e9 o evento ser\u00e1 de responsabilidade de cada institui\u00e7\u00e3o. \u00d4nibus e vans utilizados para o deslocamento devem estar devidamente identificados com a credencial fornecida pela organiza\u00e7\u00e3o da Bienal, enviada por e-mail no momento da confirma\u00e7\u00e3o do agendamento. A fixa\u00e7\u00e3o da credencial na parte frontal do ve\u00edculo facilitar\u00e1 a orienta\u00e7\u00e3o no tr\u00e2nsito e o atendimento por parte dos monitores do evento.<\/p>\n<p style=\"text-align: justify\">Em caso de d\u00favidas sobre cadastramento, agendamento, cancelamento ou altera\u00e7\u00e3o de hor\u00e1rio, as institui\u00e7\u00f5es podem entrar em contato com a Coordena\u00e7\u00e3o de Visita\u00e7\u00e3o Escolar pelo e-mail: visitacaoce@rpsfeiras.com.br.<\/p>\n<p style=\"text-align: justify\">A XV Bienal Internacional do Livro do Cear\u00e1 \u00e9 uma oportunidade \u00fanica para que estudantes vivenciem a literatura de forma imersiva e enriquecedora.<\/p>\n<p><img loading=\"lazy\" decoding=\"async\" class=\"size-large wp-image-41010 aligncenter\" src=\"https:\/\/www.europesays.com\/pt\/wp-content\/uploads\/2025\/07\/2025-02-18-Pre-Bienal-nas-Cozinhas-Ceara-sem-Fome-_-Jeny-Sousa-62-1200x800.jpg\" alt=\"\" width=\"690\" height=\"460\"  \/><\/p>\n<p>\u00a0<\/p>\n<p style=\"text-align: justify\"><b>Bienal do Livro 2025<\/b><\/p>\n<p style=\"text-align: justify\">A XV Bienal Internacional do Livro do Cear\u00e1 \u00e9 uma iniciativa do Governo do Estado do Cear\u00e1, por meio da Secretaria da Cultura (Secult), em parceria com o Instituto Drag\u00e3o do Mar (IDM) e apoio do Minist\u00e9rio da Cultura, via Lei Rouanet de Incentivo \u00e0 Cultura. Os patrocinadores desta edi\u00e7\u00e3o incluem Rede Ita\u00fa, Cagece e Ceg\u00e1s. O evento acontecer\u00e1, gratuitamente, de 4 a 13 de abril de 2025, no Centro de Eventos do Cear\u00e1, em Fortaleza. Com o tema \u201cDas fogueiras ao fogo das palavras: mulheres, resist\u00eancia e literatura\u201d, a Bienal ser\u00e1 um espa\u00e7o de encontro e di\u00e1logo sobre a literatura e suas m\u00faltiplas formas de express\u00e3o.\u00a0<\/p>\n<p style=\"text-align: justify\">Com uma programa\u00e7\u00e3o diversa e abrangente, a Bienal do Livro deste ano de 2025 promete ser um marco na valoriza\u00e7\u00e3o da literatura e no fortalecimento da leitura como instrumento de conhecimento, inclus\u00e3o e resist\u00eancia. Reafirmando seu compromisso com o protagonismo feminino, esta edi\u00e7\u00e3o contar\u00e1 com uma curadoria inteiramente feminina, composta pelas escritoras Sarah Diva Ipiranga, Nina Rizzi, Amara Moira e Trudru\u00e1 Dorrico, sob a coordena\u00e7\u00e3o geral de Maura Isid\u00f3rio. Durante o evento haver\u00e1 encontros e di\u00e1logos que v\u00e3o ampliar vozes e perspectivas no cen\u00e1rio liter\u00e1rio.<\/p>\n<p>&#13;<br \/>\n            &#13;<br \/>\n&#13;<br \/>\n&#13;<\/p>\n","protected":false},"excerpt":{"rendered":"&#13; &#13; &#13; &#13; &#13; &#13; &#13; 12 de mar\u00e7o de 2025 &#8211; 13:38&#13; #Bienal #Bienal do Livro&hellip;\n","protected":false},"author":2,"featured_media":5024,"comment_status":"","ping_status":"","sticky":false,"template":"","format":"standard","meta":{"footnotes":""},"categories":[143],"tags":[2857,2858,169,114,115,2859,170,32,33,2860],"class_list":{"0":"post-5023","1":"post","2":"type-post","3":"status-publish","4":"format-standard","5":"has-post-thumbnail","7":"category-livros","8":"tag-bienal","9":"tag-bienal-do-livro-do-ceara","10":"tag-books","11":"tag-entertainment","12":"tag-entretenimento","13":"tag-escolas","14":"tag-livros","15":"tag-portugal","16":"tag-pt","17":"tag-visitacao"},"share_on_mastodon":{"url":"","error":""},"_links":{"self":[{"href":"https:\/\/www.europesays.com\/pt\/wp-json\/wp\/v2\/posts\/5023","targetHints":{"allow":["GET"]}}],"collection":[{"href":"https:\/\/www.europesays.com\/pt\/wp-json\/wp\/v2\/posts"}],"about":[{"href":"https:\/\/www.europesays.com\/pt\/wp-json\/wp\/v2\/types\/post"}],"author":[{"embeddable":true,"href":"https:\/\/www.europesays.com\/pt\/wp-json\/wp\/v2\/users\/2"}],"replies":[{"embeddable":true,"href":"https:\/\/www.europesays.com\/pt\/wp-json\/wp\/v2\/comments?post=5023"}],"version-history":[{"count":0,"href":"https:\/\/www.europesays.com\/pt\/wp-json\/wp\/v2\/posts\/5023\/revisions"}],"wp:featuredmedia":[{"embeddable":true,"href":"https:\/\/www.europesays.com\/pt\/wp-json\/wp\/v2\/media\/5024"}],"wp:attachment":[{"href":"https:\/\/www.europesays.com\/pt\/wp-json\/wp\/v2\/media?parent=5023"}],"wp:term":[{"taxonomy":"category","embeddable":true,"href":"https:\/\/www.europesays.com\/pt\/wp-json\/wp\/v2\/categories?post=5023"},{"taxonomy":"post_tag","embeddable":true,"href":"https:\/\/www.europesays.com\/pt\/wp-json\/wp\/v2\/tags?post=5023"}],"curies":[{"name":"wp","href":"https:\/\/api.w.org\/{rel}","templated":true}]}}